{"id":26735,"date":"2010-09-18T02:22:55","date_gmt":"2010-09-18T07:22:55","guid":{"rendered":"http:\/\/www.bibula.com\/?p=26735"},"modified":"2010-09-18T02:22:55","modified_gmt":"2010-09-18T07:22:55","slug":"papiez-w-glasgow-w-obliczu-%e2%80%9edyktatury-relatywizmu%e2%80%9d-szerzcie-wiare-na-forum-publicznym","status":"publish","type":"post","link":"https:\/\/www.bibula.com\/?p=26735","title":{"rendered":"Papie\u017c w Glasgow: w obliczu \u201edyktatury relatywizmu&#8221; szerzcie wiar\u0119 na forum publicznym"},"content":{"rendered":"<p>\u201eG\u0142oszenie Ewangelii \u0142\u0105czy\u0142o si\u0119 zawsze z trosk\u0105 o s\u0142owo natchnione i o  kultur\u0119, w kt\u00f3rej to s\u0142owo zapuszcza korzenie\u201d &#8211; powiedzia\u0142 Benedykt XVI w  homilii na Mszy w Glasgow. Wspomnia\u0142 trzy szkockie uniwersytety za\u0142o\u017cone w  \u015bredniowieczu przez papie\u017cy, a tak\u017ce katolickie szkolnictwo rozwijaj\u0105ce si\u0119 tam  w ostatnich dziesi\u0119cioleciach.<br \/>\r\n\u201eEwangelizacja kultury jest tym wa\u017cniejsza w  naszych czasach, kiedy \u00abdyktatura relatywizmu\u00bb zagra\u017ca zaciemnieniem niezmiennej  prawdy o naturze cz\u0142owieka, jego przeznaczeniu i ostatecznym dobru &#8211; podkre\u015bli\u0142  Ojciec \u015awi\u0119ty. &#8211; Niekt\u00f3rzy usi\u0142uj\u0105 teraz wykluczy\u0107 wiar\u0119 ze sfery publicznej,  czyni\u0105c j\u0105 spraw\u0105 prywatn\u0105 czy nawet przedstawiaj\u0105c jako zagro\u017cenie r\u00f3wno\u015bci i  wolno\u015bci. Jednak religia jest w istocie gwarancj\u0105 autentycznej wolno\u015bci i  szacunku, prowadz\u0105c nas do tego, by w ka\u017cdym widzie\u0107 brata czy siostr\u0119. Dlatego  apeluj\u0119 zw\u0142aszcza do was, wiernych \u015bwieckich, zgodnie z waszym chrzcielnym  powo\u0142aniem i misj\u0105, by\u015bcie nie tylko byli publicznie przyk\u0142adem wiary, ale tak\u017ce  anga\u017cowali si\u0119 w szerzenie m\u0105dro\u015bci i perspektywy wiary na forum publicznym.  Spo\u0142ecze\u0144stwo potrzebuje dzi\u015b wyra\u017anych g\u0142os\u00f3w na rzecz naszego prawa do \u017cycia  nie w d\u017cungli autodestrukcyjnych i samowolnych swob\u00f3d, ale w spo\u0142ecze\u0144stwie,  kt\u00f3re pracuje dla prawdziwego dobra swych obywateli, daj\u0105c im wobec ich s\u0142abo\u015bci  wskazania i ochron\u0119. Nie b\u00f3jcie si\u0119 podj\u0105\u0107 tej s\u0142u\u017cby swym braciom i siostrom  oraz przysz\u0142o\u015bci waszego umi\u0142owanego kraju\u201d &#8211; zaapelowa\u0142 Benedykt XVI.<\/p>\r\n\r\n<p>Papie\u017c nawi\u0105za\u0142 do wizyty w Szkocji swego poprzednika przed blisko 30 laty.  Msza, kt\u00f3rej tam przewodniczy\u0142 Jan Pawe\u0142 II, zgromadzi\u0142a najwi\u0119ksze t\u0142umy w  ca\u0142ej szkockiej historii. Skierowane przez niego do szkockich katolik\u00f3w wezwanie  do wsp\u00f3\u0142pracy z chrze\u015bcijanami innych wyzna\u0144 przynios\u0142y ekumeniczne owocne.  Benedykt XVI przypomnia\u0142 te\u017c przypadaj\u0105ce w tym roku stulecie \u015bwiatowej  konferencji misyjnej w Edynburgu, uwa\u017canej za pocz\u0105tek wsp\u00f3\u0142czesnego ekumenizmu.  Dalej m\u00f3wi\u0142 o pierwszych katolickich misjonarzach Szkocji, w\u015br\u00f3d nich o \u015bw.  Ninianie, biskupie z prze\u0142omu IV i V wieku, czczonym w liturgii w\u0142a\u015bnie dzisiaj.  Szkoci winni stara\u0107 si\u0119 by\u0107 godni tej wielkiej tradycji.<br \/>\r\nZwracaj\u0105c si\u0119 do  szkockich biskup\u00f3w, Papie\u017c odwo\u0142a\u0142 si\u0119 do ich duszpasterskiej odpowiedzialno\u015bci.  Wskaza\u0142 na centralne znaczenie kap\u0142a\u0144stwa dla \u017cycia Ko\u015bcio\u0142a. Ksi\u0119\u017cy zach\u0119ci\u0142,  by zgodnie ze swym powo\u0142aniem do \u015bwi\u0119to\u015bci s\u0142u\u017cyli ludowi Bo\u017cemu, g\u0142osz\u0105c  Ewangeli\u0119 z czystym sercem i prawym sumieniem. Katolick\u0105 m\u0142odzie\u017c przestrzeg\u0142  przed zagra\u017caj\u0105cymi jej codziennie pokusami, jak narkotyki, pieni\u0105dze, seks,  pornografia czy alkohol. Cho\u0107 \u015bwiat twierdzi, \u017ce daj\u0105 one szcz\u0119\u015bcie, w  rzeczywisto\u015bci przynosz\u0105 zniszczenie i podzia\u0142y. \u201eTrwa tylko jedno: mi\u0142o\u015b\u0107  Chrystusa do ka\u017cdego z was. Szukajcie Go, a On was wyswobodzi z niewoli, jak\u0105  cz\u0119sto proponuje dzisiejsze spo\u0142ecze\u0144stwo\u201d &#8211; powiedzia\u0142 Benedykt XVI do m\u0142odych  Szkot\u00f3w na Eucharystii w Glasgow.<\/p>\r\n\r\n<p>RV<\/p>\r\n\r\n<p><br class=\"spacer_\" \/><\/p>\r\n\r\n<hr \/>\r\n\r\n<p>Drodzy Bracia i Siostry w Chrystusie,<br \/>\r\n<br \/>\r\n\u201eZbli\u017cy\u0142o si\u0119 do was Kr\u00f3lestwo  Bo\u017ce\u201d (\u0141k 10,9). Tymi s\u0142owami z wys\u0142uchanej przed chwil\u0105 Ewangelii pozdrawiam  was wszystkich z wielk\u0105 mi\u0142o\u015bci\u0105 w Panu. Naprawd\u0119 Kr\u00f3lestwo Pana jest ju\u017c po\u015br\u00f3d  nas! W czasie tej celebry eucharystycznej, w kt\u00f3rej Ko\u015bci\u00f3\u0142 w Szkocji gromadzi  si\u0119 wok\u00f3\u0142 o\u0142tarza w jedno\u015bci z Nast\u0119pc\u0105 Piotra, umocnijmy nasz\u0105 wiar\u0119 w s\u0142owo  Chrystusa i nasz\u0105 nadziej\u0119 &#8211; nadziej\u0119, kt\u00f3ra nigdy nie zawodzi &#8211; w Jego  obietnice! Gor\u0105co pozdrawiam kardyna\u0142a O\u2019Briena i biskup\u00f3w szkockich. Dzi\u0119kuj\u0119  zw\u0142aszcza arcybiskupowi Contiemu za jego uprzejme s\u0142owa powitania w waszym  imieniu i wyra\u017cam g\u0142\u0119bok\u0105 wdzi\u0119czno\u015b\u0107 za t\u0119 prac\u0119, jak\u0105 wykona\u0142y rz\u0105dy brytyjski  i szkocki oraz ojcowie miasta Glasgow, aby wydarzenie to dosz\u0142o do  skutku.<br \/>\r\n<br \/>\r\nEwangelia dzisiejsza przypomina nam, \u017ce Chrystus nadal wysy\u0142a  swych uczni\u00f3w na \u015bwiat, aby g\u0142osili nadej\u015bcie Jego Kr\u00f3lestwa i aby nie\u015bli Jego  pok\u00f3j \u015bwiatu, od domu do domu, od rodziny do rodziny, od miasta do miasta.  Przyby\u0142em jako zwiastun tego pokoju do was, duchowe dzieci \u015bw. Andrzeja i aby  utwierdzi\u0107 was w wierze Piotra (por. \u0141k 22,32). Z pewnym wzruszeniem zwracam si\u0119  do was niedaleko miejsca, w kt\u00f3rym m\u00f3j umi\u0142owany poprzednik papie\u017c Jan Pawe\u0142 II  sprawowa\u0142 Msz\u0119 \u015bw. prawie trzydzie\u015bci lat temu z wami i powita\u0142a go najwi\u0119ksza  rzesza, jaka zgromadzi\u0142a si\u0119 kiedykolwiek w dziejach Szkocji.<br \/>\r\n<br \/>\r\nWiele  wydarzy\u0142o si\u0119 w Szkocji i w Ko\u015bciele w tym kraju od tamtej historycznej wizyty.  Zauwa\u017cy\u0142em z wielkim zadowoleniem, jak skierowane do was wezwanie papie\u017ca Jana  Paw\u0142a, aby\u015bcie kroczyli r\u0119ka w r\u0119k\u0119 ze swymi wsp\u00f3\u0142towarzyszami chrze\u015bcija\u0144skimi,  doprowadzi\u0142o do wi\u0119kszego zaufania i przyja\u017ani z cz\u0142onkami Ko\u015bcio\u0142a Szkocji,  Szkockiego Ko\u015bcio\u0142a Episkopalnego i innymi. Chc\u0119 zach\u0119ci\u0107 was do dalszych  modlitw i pracy z nimi przy budowaniu ja\u015bniejszej przysz\u0142o\u015bci dla Szkocji,  opartej na wsp\u00f3lnym dziedzictwie chrze\u015bcija\u0144skim. W dzisiejszym pierwszym  czytaniu s\u0142yszeli\u015bmy wezwanie, skierowane przez \u015bw. Paw\u0142a do Rzymian, \u017ce jako  cz\u0142onkowie Cia\u0142a Chrystusowego nale\u017cymy nawzajem do siebie (por. Rz 12,5) i  aby\u015bmy \u017cyli w szacunku i wzajemnej mi\u0142o\u015bci. W tym duchu pozdrawiam  przedstawicieli ekumenicznych, kt\u00f3rzy zaszczycaj\u0105 nas sw\u0105 obecno\u015bci\u0105. W tym roku  przypada 450. rocznica Parlamentu Reformacyjnego, ale tak\u017ce setna rocznica  \u015awiatowej Konferencji Misyjnej w Edynburgu, kt\u00f3ra jest powszechnie uwa\u017cana za  znak narodzin wsp\u00f3\u0142czesnego ruchu ekumenicznego. Podzi\u0119kujmy Bogu za t\u0119  obietnic\u0119, jak\u0105 zrozumienie i wsp\u00f3\u0142praca ekumeniczne stanowi dla wsp\u00f3lnego  \u015bwiadectwa o zbawiaj\u0105cej prawdzie s\u0142owa Bo\u017cego w dzisiejszym, szybko  zmieniaj\u0105cym si\u0119 spo\u0142ecze\u0144stwie.<br \/>\r\n<br \/>\r\nW\u015br\u00f3d r\u00f3\u017cnych dar\u00f3w, jakie \u015bwi\u0119ty Pawe\u0142  wymienia, aby budowa\u0107 Ko\u015bci\u00f3\u0142, jest dar nauczania (por. Rz 12,7). G\u0142oszeniu  Ewangelii zawsze towarzyszy\u0142a troska o s\u0142owo: natchnione s\u0142owo Boga i kultura, w  kt\u00f3rej s\u0142owo to ma swe korzenie i rozkwita. Tu, w Szkocji, mam na my\u015bli trzy  uniwersytety \u015bredniowieczne, za\u0142o\u017cone tu przez papie\u017cy, \u0142\u0105cznie z tym w Saint  Andrews, kt\u00f3ry rozpocz\u0105\u0142 obchody 600. rocznicy swego za\u0142o\u017cenia. W ci\u0105gu  ostatnich 30 lat i przy pomocy w\u0142adz \u015bwieckich szkockie szko\u0142y katolickie  podj\u0119\u0142y wyzwanie prowadzenia ca\u0142o\u015bciowej edukacji dla wi\u0119kszej liczby uczni\u00f3w,  to za\u015b pomog\u0142o m\u0142odym ludziom nie tylko kroczy\u0107 drog\u0105 wzrostu duchowego i  ludzkiego, ale tak\u017ce rozpocz\u0105\u0107 \u017cycie zawodowe i publiczne. Jest to znak wielkiej  nadziei dla Ko\u015bcio\u0142a i zach\u0119cam katolickich pracownik\u00f3w, polityk\u00f3w i nauczycieli  w Szkocji, aby nigdy nie tracili z pola widzenia wezwania do wykorzystywania ich  talent\u00f3w i do\u015bwiadczenia w s\u0142u\u017cbie wiary oraz zaanga\u017cowania we wsp\u00f3\u0142czesn\u0105  kultur\u0119 szkock\u0105 na wszystkich szczeblach.<br \/>\r\n<br \/>\r\nEwangelizacja kultury nabiera  coraz wi\u0119kszego znaczenia w naszych czasach, gdy \u201edyktatura relatywizmu\u201d usi\u0142uje  przes\u0142oni\u0107 niezmienn\u0105 prawd\u0119 o naturze cz\u0142owieka, jego przeznaczeniu i jego  ostatecznym dobru. Niekt\u00f3rzy pr\u00f3buj\u0105 dzisiaj wykluczy\u0107 wiar\u0119 religijn\u0105 z \u017cycia  publicznego, sprywatyzowa\u0107 j\u0105, a nawet przedstawia\u0107 j\u0105 jako zagro\u017cenie dla  r\u00f3wno\u015bci i wolno\u015bci. A jednak religia jest w rzeczywisto\u015bci gwarantem prawdziwej  wolno\u015bci i szacunku, prowadz\u0105c nas do dostrzegania w ka\u017cdej osobie brata lub  siostry. Z tego powodu wzywam szczeg\u00f3lnie was, \u015bwieccy, aby\u015bcie zgodnie ze swym  powo\u0142aniem otrzymanym na chrzcie i pos\u0142annictwem, nie tylko byli przyk\u0142adami  wiary w \u017cyciu publicznym, ale tak\u017ce aby\u015bcie przyczyniali si\u0119 do wspierania  m\u0105dro\u015bci i wizji wiary na forum publicznym. Spo\u0142ecze\u0144stwo dzisiejsze potrzebuje  jasnych g\u0142os\u00f3w, kt\u00f3re proponuj\u0105 nasze prawo do \u017cycia nie w d\u017cungli  samozniszczenia i arbitralnych swob\u00f3d, ale w spo\u0142ecze\u0144stwie, kt\u00f3re pracuje dla  prawdziwego dobra swych obywateli i oferuje im przewodnictwo i ochron\u0119 w obliczu  jego s\u0142abo\u015bci i krucho\u015bci. Nie b\u00f3jcie si\u0119 pe\u0142ni\u0107 tej s\u0142u\u017cby dla swych braci i  si\u00f3str oraz przysz\u0142o\u015bci waszego umi\u0142owanego narodu.<br \/>\r\n<br \/>\r\n\u015awi\u0119ty Ninian,  kt\u00f3rego \u015bwi\u0119to obchodzimy dzisiaj, sam by\u0142 nieustraszony, gdy samotnie zabiera\u0142  g\u0142os. Id\u0105c \u015bladami uczni\u00f3w, kt\u00f3rych nasz Pan pos\u0142a\u0142 jeszcze przed nim, Ninian  by\u0142 jednym z najwcze\u015bniejszych misjonarzy katolickich, kt\u00f3rzy zanie\u015bli jego  towarzyszom Brytom dobr\u0105 nowin\u0119 o Jezusie Chrystusie. Jego ko\u015bci\u00f3\u0142 misyjny w  Galloway sta\u0142 si\u0119 o\u015brodkiem dla pierwszej ewangelizacji tego kraju. Dzie\u0142o to  podj\u0105\u0142 p\u00f3\u017aniej \u015bwi\u0119ty Mungo &#8211; patron Glasgow i inni \u015bwi\u0119ci, w\u015br\u00f3d kt\u00f3rych  najwi\u0119kszymi byli \u015bw. Kolumba i \u015bw. Ma\u0142gorzata. Inspirowani przez nich wielu  innych m\u0119\u017cczyzn i kobiet pracowa\u0142o przez ca\u0142e stulecia, aby przekaza\u0107 wam wiar\u0119.  Starajcie si\u0119 by\u0107 godnymi tej wielkiej tradycji! Niech sta\u0142ym natchnieniem  b\u0119dzie dla was zach\u0119ta \u015bwi\u0119tego Paw\u0142a z pierwszego czytania: \u201eNie opuszczajcie  si\u0119 w gorliwo\u015bci. B\u0105d\u017acie p\u0142omiennego ducha. Pe\u0142nijcie s\u0142u\u017cb\u0119 Panu. W ucisku  b\u0105d\u017acie cierpliwi, w modlitwie &#8211; wytrwali\u201d (por. Rz 12,11-12).<br \/>\r\n<br \/>\r\nChcia\u0142bym  teraz skierowa\u0107 specjalne s\u0142owo do biskup\u00f3w Szkocji. Drodzy bracia, pragn\u0119 doda\u0107  wam otuchy w waszym duszpasterskim kierowaniu katolikami w Szkocji. Jak wiecie,  jednym z waszych podstawowych obowi\u0105zk\u00f3w duszpasterskich jest s\u0142u\u017cenie waszym  ksi\u0119\u017com (por. Presbyterorum Ordinis, 7) i ich u\u015bwi\u0119caniu. Jak oni s\u0105 alter  Christus dla wsp\u00f3lnoty katolickiej, tak wy jeste\u015bcie tym dla nich. \u0179yjcie dla  pe\u0142ni mi\u0142o\u015bci, kt\u00f3ra wyp\u0142ywa z Chrystusa, w swym braterskim pos\u0142ugiwaniu waszym  kap\u0142anom, wsp\u00f3\u0142pracuj\u0105c z nimi wszystkimi, zw\u0142aszcza za\u015b z tymi, kt\u00f3rzy maj\u0105  s\u0142abe kontakty ze swymi kolegami kap\u0142anami. M\u00f3dlcie si\u0119 z nimi o powo\u0142ania, aby  Pan \u017cniwa pos\u0142a\u0142 robotnik\u00f3w na swoje \u017cniwa (por. \u0141k 10,2). Jak Eucharystia  tworzy Ko\u015bci\u00f3\u0142, tak kap\u0142a\u0144stwo jest centralne dla \u017cycia Ko\u015bcio\u0142a. Anga\u017cujcie si\u0119  osobi\u015bcie w kszta\u0142towanie swych kap\u0142an\u00f3w jako zespo\u0142u m\u0119\u017cczyzn, kt\u00f3rzy inspiruj\u0105  innych do ca\u0142kowitego oddawania samych siebie w s\u0142u\u017cb\u0119 Wszechmog\u0105cego Boga.  Troszczcie si\u0119 tak\u017ce o swych diakon\u00f3w, kt\u00f3rych pos\u0142uga \u0142\u0105czy si\u0119 w spos\u00f3b  szczeg\u00f3lny z pos\u0142ug\u0105 biskup\u00f3w. B\u0105d\u017acie dla nich ojcami i przewodnikami w  \u015bwi\u0119to\u015bci, zach\u0119caj\u0105c ich do wzrastania w wiedzy i m\u0105dro\u015bci w pe\u0142nieniu misji  zwiastun\u00f3w, do kt\u00f3rej zostali powo\u0142ani.<br \/>\r\n<br \/>\r\nDrodzy kap\u0142ani Szkocji, jeste\u015bcie  wezwani do \u015bwi\u0119to\u015bci i do s\u0142u\u017cenia ludowi Bo\u017cemu przez kszta\u0142towanie ich \u017cycia w  tajemnicy krzy\u017ca Pana. G\u0142o\u015bcie Ewangeli\u0119 czystym sercem i jasnym umys\u0142em.  Po\u015bwi\u0119cajcie si\u0119 samemu Bogu a staniecie si\u0119 dla m\u0142odych ludzi ja\u015bniej\u0105cymi  przyk\u0142adami \u015bwi\u0119tego, prostego i radosnego \u017cycia: oni ze swej strony z pewno\u015bci\u0105  zapragn\u0105 przy\u0142\u0105czy\u0107 si\u0119 do was w waszej, pe\u0142nej gotowo\u015bci s\u0142u\u017cbie ludowi Bo\u017cemu.  Niech przyk\u0142ad \u015bw. Jana Ogilviego, oddanego, pe\u0142nego samozaparcia i m\u0119\u017cnego,  b\u0119dzie natchnieniem dla was wszystkich. Podobnie zach\u0119cam was, zakonnicy,  zakonnice i osoby konsekrowane ze Szkocji, aby\u015bcie byli \u015bwiat\u0142em na g\u00f3rze,  \u017cyj\u0105cym prawdziwym chrze\u015bcija\u0144skim \u017cyciem modlitwy i dzia\u0142ania, kt\u00f3re jest  \u015bwiadectwem na ja\u015bniej\u0105cej drodze prowadz\u0105cej do w\u0142adzy Ewangelii.<br \/>\r\n<br \/>\r\nI  wreszcie chcia\u0142bym powiedzie\u0107 s\u0142owo do was, moi drodzy m\u0142odzi katolicy Szkocji.  Wzywam was, aby\u015bcie kierowali \u017cycie ku naszemu Panu (por. Ef 4,1) i ku samym  sobie. Ka\u017cdy dzie\u0144 stawia przed wami wiele pokus &#8211; narkotyki, pieni\u0105dze, seks,  pornografia, alkohol &#8211; o kt\u00f3rych \u015bwiat m\u00f3wi wam, \u017ce przynios\u0105 wam szcz\u0119\u015bcie,  tymczasem s\u0105 one niszczycielskie i powoduj\u0105 podzia\u0142y. Jest tylko jedna rzecz,  kt\u00f3ra przetrwa: mi\u0142o\u015b\u0107 Jezusa Chrystusa osobi\u015bcie do ka\u017cdego z was. Szukajcie  Go, poznawajcie Go i mi\u0142ujcie Go a On wyzwoli was z niewoli b\u0142yskotliwej, lecz  powierzchownej egzystencji, cz\u0119sto proponowanej przez dzisiejsze spo\u0142ecze\u0144stwo.  Odrzu\u0107cie to, co bezwarto\u015bciowe i uczcie si\u0119 swej w\u0142asnej godno\u015bci jako dzieci  Bo\u017ce. W Ewangelii dzisiejszej Jezus prosi nas o modlitw\u0119 o powo\u0142ania: modl\u0119 si\u0119,  aby wielu z was pozna\u0142o i pokocha\u0142o Jezusa Chrystusa i &#8211; przez to spotkanie &#8211;  po\u015bwi\u0119ci\u0142o si\u0119 ca\u0142kowicie Bogu, szczeg\u00f3lnie ci z was, kt\u00f3rzy s\u0105 powo\u0142ani do  kap\u0142a\u0144stwa i \u017cycia zakonnego. Jest to zadanie, jakie Pan daje wam dzisiaj:  Ko\u015bci\u00f3\u0142 obecnie nale\u017cy do Was!<br \/>\r\n<br \/>\r\nDrodzy przyjaciele, jeszcze raz wyra\u017cam  rado\u015b\u0107, sprawuj\u0105c t\u0119 Msz\u0119 \u015bw. wraz z wami. Jestem szcz\u0119\u015bliwy, mog\u0105c zapewni\u0107 was  o swych modlitwach w staro\u017cytnym j\u0119zyku waszego kraju: Sith agus beannachd Dhe  dhuaibh uile; Dha bhi timcheall oirbh; agus gum beannaicheadh Dha Alba. Pok\u00f3j  Bo\u017cy i b\u0142ogos\u0142awie\u0144stwo dla was wszystkich; niech B\u00f3g was otoczy i niech B\u00f3g  b\u0142ogos\u0142awi nar\u00f3d Szkocji!<\/p>","protected":false},"excerpt":{"rendered":"\u201eG\u0142oszenie Ewangelii \u0142\u0105czy\u0142o si\u0119 zawsze z trosk\u0105 o s\u0142owo natchnione i o kultur\u0119, w kt\u00f3rej to s\u0142owo zapuszcza korzenie\u201d &#8211; powiedzia\u0142 Benedykt XVI w homilii na Mszy w Glasgow. Wspomnia\u0142 trzy szkockie uniwersytety za\u0142o\u017cone w \u015bredniowieczu przez papie\u017cy, a tak\u017ce katolickie szkolnictwo rozwijaj\u0105ce si\u0119 tam w ostatnich dziesi\u0119cioleciach. \u201eEwangelizacja kultury jest tym wa\u017cniejsza w naszych [&hellip;]","protected":false},"author":1,"featured_media":0,"comment_status":"closed","ping_status":"closed","sticky":false,"template":"","format":"standard","meta":{"_acf_changed":false,"_monsterinsights_skip_tracking":false,"_monsterinsights_sitenote_active":false,"_monsterinsights_sitenote_note":"","_monsterinsights_sitenote_category":0,"ngg_post_thumbnail":0,"footnotes":"","_wp_rev_ctl_limit":""},"categories":[3],"tags":[119],"acf":[],"_links":{"self":[{"href":"https:\/\/www.bibula.com\/index.php?rest_route=\/wp\/v2\/posts\/26735"}],"collection":[{"href":"https:\/\/www.bibula.com\/index.php?rest_route=\/wp\/v2\/posts"}],"about":[{"href":"https:\/\/www.bibula.com\/index.php?rest_route=\/wp\/v2\/types\/post"}],"author":[{"embeddable":true,"href":"https:\/\/www.bibula.com\/index.php?rest_route=\/wp\/v2\/users\/1"}],"replies":[{"embeddable":true,"href":"https:\/\/www.bibula.com\/index.php?rest_route=%2Fwp%2Fv2%2Fcomments&post=26735"}],"version-history":[{"count":0,"href":"https:\/\/www.bibula.com\/index.php?rest_route=\/wp\/v2\/posts\/26735\/revisions"}],"wp:attachment":[{"href":"https:\/\/www.bibula.com\/index.php?rest_route=%2Fwp%2Fv2%2Fmedia&parent=26735"}],"wp:term":[{"taxonomy":"category","embeddable":true,"href":"https:\/\/www.bibula.com\/index.php?rest_route=%2Fwp%2Fv2%2Fcategories&post=26735"},{"taxonomy":"post_tag","embeddable":true,"href":"https:\/\/www.bibula.com\/index.php?rest_route=%2Fwp%2Fv2%2Ftags&post=26735"}],"curies":[{"name":"wp","href":"https:\/\/api.w.org\/{rel}","templated":true}]}}