{"id":26731,"date":"2010-09-17T17:23:29","date_gmt":"2010-09-17T22:23:29","guid":{"rendered":"http:\/\/www.bibula.com\/?p=26731"},"modified":"2010-09-17T17:23:29","modified_gmt":"2010-09-17T22:23:29","slug":"szef-bor-klamal-ws-dzialan-w-smolensku","status":"publish","type":"post","link":"https:\/\/www.bibula.com\/?p=26731","title":{"rendered":"Szef BOR k\u0142ama\u0142 ws. dzia\u0142a\u0144 w Smole\u0144sku?"},"content":{"rendered":"<p><strong>10 kwietnia funkcjonariuszy BOR nie by\u0142o na lotnisku w Smole\u0144sku podczas  l\u0105dowania prezydenta Lecha Kaczy\u0144skiego. Nie by\u0142o ich tam r\u00f3wnie\u017c 7  kwietnia, gdy l\u0105dowa\u0142 premier. Prokuratura podwa\u017ca publiczne wypowiedzi  szefa Biura.<\/strong><\/p>\r\n\r\n<p>Genera\u0142 Marian Janicki po katastrofie smole\u0144skiej publicznie  zapewnia\u0142, \u017ce podleg\u0142e mu s\u0142u\u017cby by\u0142y obecne na lotnisku w Smole\u0144sku w  momencie, gdy rz\u0105dowy Tupolew l\u0105dowa\u0142 10 kwietnia z polsk\u0105 delegacj\u0105 na  pok\u0142adzie. Jak ustali\u0142y \u201eWiadomo\u015bci\u201d, jego s\u0142owa podwa\u017caj\u0105 ustalenia  Prokuratury zajmuj\u0105cej si\u0119 \u015bledztwem ws. katastrofy.<\/p>\r\n\r\n<p>W &#8222;Wiadomo\u015bciach&#8221; TVP ujawniono zeznania oficer\u00f3w BOR, wed\u0142ug kt\u00f3rych  Rosjanie nie zgodzili si\u0119 na ich obecno\u015b\u0107 na lotnisku w Smole\u0144sku.  Dodawali, \u017ce w zwi\u0105zku ze stanowiskiem Rosjan lotnisko w Smole\u0144sku nie  zosta\u0142o sprawdzone, a oni sami na polsk\u0105 delegacj\u0119 czekali w Katyniu.<\/p>\r\n\r\n<p>&#8211; Zar\u00f3wno w dniu 7 jak i 10 kwietnia 2010 r. funkcjonariusze Biura  Ochrony Rz\u0105du nie byli obecni na lotnisku Siewiernyj w Smole\u0144sku.  Przebywali w\u00f3wczas w Katyniu. Na miejsce katastrofy udali si\u0119  bezpo\u015brednio po otrzymaniu telefonicznej informacji o katastrofie &#8211;  g\u0142osi o\u015bwiadczenie Prokuratury wys\u0142ane redakcji \u201eWiadomo\u015bci\u201d.<\/p>\r\n\r\n<p>Premier Donald Tusk sprzeczno\u015bci w zeznaniach szefa BOR i podleg\u0142ych  mu ludzi nazwa\u0142 \u201ekontrowersjami\u201d. &#8211; Na pewno poprosz\u0119 o wyja\u015bnienie,  je\u015bli chodzi o sprzeczno\u015bci. Bo funkcjonariusze publiczni &#8211; czy to jest  szef BOR-u czy funkcjonariusze &#8211; musz\u0105 mie\u0107 podobne informacje i podobny  pogl\u0105d w sprawach, kt\u00f3re ich dotycz\u0105. W tej sprawie b\u0119d\u0119 chcia\u0142, \u017ceby  mi wyja\u015bniono, na czym polega kontrowersja &#8211; m\u00f3wi\u0142 dziennikarzom. Je\u015bli  genera\u0142 Janicki b\u0119dzie nadal obstawa\u0142 przy swojej wersji mo\u017ce us\u0142ysze\u0107  zarzuty ukrywania wiedzy przed prokuratur\u0105.<\/p>\r\n\r\n<p>Opr\u00f3cz wyja\u015bnie\u0144 dotycz\u0105cych sprzeczno\u015bci w zeznaniach oficer\u00f3w BOR  opinia publiczna powinna si\u0119 r\u00f3wnie\u017c dowiedzie\u0107, dlaczego strona  rosyjska nie wpu\u015bci\u0142a naszych funkcjonariuszy na lotnisko w Smole\u0144sku  akurat teraz. Jak twierdzi by\u0142y szef Biura genera\u0142 Miros\u0142aw Gawor, przy  wizytach w poprzednich latach polska strona nie otrzymywa\u0142a takich  zakaz\u00f3w. W najbli\u017cszych dniach mo\u017cna oczekiwa\u0107 pierwszej od 4 miesi\u0119cy  konferencji prasowej genera\u0142a Janickiego.<\/p>\r\n\r\n<p>\u017car\/Wpolityce.pl<\/p>","protected":false},"excerpt":{"rendered":"10 kwietnia funkcjonariuszy BOR nie by\u0142o na lotnisku w Smole\u0144sku podczas l\u0105dowania prezydenta Lecha Kaczy\u0144skiego. Nie by\u0142o ich tam r\u00f3wnie\u017c 7 kwietnia, gdy l\u0105dowa\u0142 premier. Prokuratura podwa\u017ca publiczne wypowiedzi szefa Biura. Genera\u0142 Marian Janicki po katastrofie smole\u0144skiej publicznie zapewnia\u0142, \u017ce podleg\u0142e mu s\u0142u\u017cby by\u0142y obecne na lotnisku w Smole\u0144sku w momencie, gdy rz\u0105dowy Tupolew l\u0105dowa\u0142 [&hellip;]","protected":false},"author":1,"featured_media":0,"comment_status":"closed","ping_status":"closed","sticky":false,"template":"","format":"standard","meta":{"_acf_changed":false,"_monsterinsights_skip_tracking":false,"_monsterinsights_sitenote_active":false,"_monsterinsights_sitenote_note":"","_monsterinsights_sitenote_category":0,"ngg_post_thumbnail":0,"footnotes":"","_wp_rev_ctl_limit":""},"categories":[139],"tags":[98,137],"acf":[],"_links":{"self":[{"href":"https:\/\/www.bibula.com\/index.php?rest_route=\/wp\/v2\/posts\/26731"}],"collection":[{"href":"https:\/\/www.bibula.com\/index.php?rest_route=\/wp\/v2\/posts"}],"about":[{"href":"https:\/\/www.bibula.com\/index.php?rest_route=\/wp\/v2\/types\/post"}],"author":[{"embeddable":true,"href":"https:\/\/www.bibula.com\/index.php?rest_route=\/wp\/v2\/users\/1"}],"replies":[{"embeddable":true,"href":"https:\/\/www.bibula.com\/index.php?rest_route=%2Fwp%2Fv2%2Fcomments&post=26731"}],"version-history":[{"count":0,"href":"https:\/\/www.bibula.com\/index.php?rest_route=\/wp\/v2\/posts\/26731\/revisions"}],"wp:attachment":[{"href":"https:\/\/www.bibula.com\/index.php?rest_route=%2Fwp%2Fv2%2Fmedia&parent=26731"}],"wp:term":[{"taxonomy":"category","embeddable":true,"href":"https:\/\/www.bibula.com\/index.php?rest_route=%2Fwp%2Fv2%2Fcategories&post=26731"},{"taxonomy":"post_tag","embeddable":true,"href":"https:\/\/www.bibula.com\/index.php?rest_route=%2Fwp%2Fv2%2Ftags&post=26731"}],"curies":[{"name":"wp","href":"https:\/\/api.w.org\/{rel}","templated":true}]}}