{"id":26639,"date":"2010-09-06T12:42:23","date_gmt":"2010-09-06T17:42:23","guid":{"rendered":"http:\/\/www.bibula.com\/?p=26639"},"modified":"2010-09-06T12:45:20","modified_gmt":"2010-09-06T17:45:20","slug":"polsko-rosyjskie-nowe-otwarcie-jest-pozorne","status":"publish","type":"post","link":"https:\/\/www.bibula.com\/?p=26639","title":{"rendered":"Polsko-rosyjskie nowe otwarcie jest pozorne"},"content":{"rendered":"<p><em><strong>Rozmowa z W\u0142odzimierzem Marciniakiem, politologiem, sowietologiem,     rosjoznawc\u0105, profesorem Wy\u017cszej Szko\u0142y Biznesu &#8211; National-Louis     University w Nowym S\u0105czu; od roku 2008 zasiada w Polsko-Rosyjskiej     Grupie ds. Trudnych.<\/strong><\/em><\/p>\r\n\r\n<p><strong>Przy okazji wizyty Siergieja \u0141awrowa w Warszawie sporo si\u0119       m\u00f3wi o prze\u0142omie i ociepleniu w stosunkach polsko-rosyjskich. Czy       nale\u017cy to traktowa\u0107 w kategoriach jedynie oficjalnej propagandy       czy te\u017c naprawd\u0119 co\u015b si\u0119 zmienia na lepsze? <\/strong><\/p>\r\n\r\n<p>Niew\u0105tpliwie mamy we wzajemnych relacjach spore o\u017cywienie. Je\u015bli       por\u00f3wnamy stan obecny ze stanem sprzed roku &#8211; kiedy premier Putin       przyby\u0142 na obchody 70. rocznicy wybuchu drugiej wojny \u015bwiatowej &#8211;       to zmiana na tym polu jest ogromna. Kolejna rzecz &#8211; szefowie       dyplomacji obu kraj\u00f3w demonstruj\u0105 zadowolenie z bie\u017c\u0105cej sytuacji,       czego wcze\u015bniej nie by\u0142o. Natomiast czytaj\u0105c artyku\u0142 ministra       \u0141awrowa opublikowany na \u0142amach &#8222;Gazety Wyborczej&#8221;, mo\u017cna doj\u015b\u0107 do       wniosku, \u017ce wbrew deklaracjom autora o pragmatyzmie i       odideologizowaniu, prezentuje on podej\u015bcie niepragmatyczne i       skrajnie ideologiczne. Dlatego, \u017ce w tek\u015bcie du\u017co jest og\u00f3lnik\u00f3w,       natomiast nie ma odniesienia do faktycznych i konkretnych       problem\u00f3w dotycz\u0105cych stosunk\u00f3w mi\u0119dzy obydwoma pa\u0144stwami.<\/p>\r\n\r\n<p style=\"font-weight: bold;\">A jakie to s\u0105 problemy?<\/p>\r\n\r\n<p>Kiedy w ostatnich miesi\u0105cach m\u00f3wi si\u0119 w mediach o Rosji, to w       nast\u0119puj\u0105cych kontekstach: po pierwsze \u015bledztwa w sprawie       katastrofy smole\u0144skiej, po drugie umowy gazowej i budowy Gazoci\u0105gu       P\u00f3\u0142nocnego, po trzecie spraw bezpiecze\u0144stwa. Mo\u017cna wi\u0119c odnie\u015b\u0107       wra\u017cenie, \u017ce nowe otwarcie w relacjach polsko-rosyjskich jest       sztucznie animowane. Chyba, \u017ce mamy do czynienia z nowym otwarciem       w relacjach mi\u0119dzy elitami obydwu pa\u0144stw.<\/p>\r\n\r\n<p style=\"font-weight: bold;\">Ale mo\u017ce mi\u0119dzy elitami wcale nie jest       tak s\u0142odko? Mo\u017ce to s\u0105 tylko pewne gesty, a za kulisami, na       poziomie realnej polityki tocz\u0105 si\u0119 twarde rozmowy, jak chocia\u017cby       w przypadku wspomnianej polsko-rosyjskiej umowy gazowej, do tre\u015bci       kt\u00f3rej zastrze\u017cenia zg\u0142osi\u0142a Komisja Europejska?<\/p>\r\n\r\n<p>Je\u015bli chodzi o t\u0119 umow\u0119, to zdaje si\u0119 w polskim rz\u0105dzie nikt nie       chce za ni\u0105 bra\u0107 odpowiedzialno\u015bci. Przy czym Rada Ministr\u00f3w       zaakceptowa\u0142a wynegocjowan\u0105 tre\u015b\u0107 umowy, tyle \u017ce nie w trakcie       posiedzenia, lecz w dziwnym trybie konsultacji mi\u0119dzy       poszczeg\u00f3lnymi ministrami. Poza tym rzeczywi\u015bcie stanowisko       Komisji Europejskie stawia Polsk\u0119 w niezr\u0119cznej sytuacji. I mamy       tu pewien paradoks: ot\u00f3\u017c Bruksela przymusza rz\u0105d polski do tego,       \u017ceby dba\u0142 o interesy pa\u0144stwa polskiego. Ale w og\u00f3le w relacjach       polsko-rosyjskich widzimy szereg innych p\u0119kni\u0119\u0107. We\u017amy \u015bledztwo w       sprawie katastrofy smole\u0144skiej. Ze wst\u0119pnych opinii       Mi\u0119dzypa\u0144stwowego Komitetu Lotniczego (MAK) p\u0142ynie wniosek, \u017ce       przyczyny ca\u0142ego zdarzenia le\u017c\u0105 po stronie polskiej, przy czym nie       samych pilot\u00f3w, lecz organ\u00f3w pa\u0144stwa polskiego, kt\u00f3re \u017ale       przygotowa\u0142y podr\u00f3\u017c. Gdy w drugiej po\u0142owie lipca pojawi\u0142y si\u0119 z       MAK-u przecieki na ten temat, &#8222;Gazeta Wyborcza&#8221; przesta\u0142a s\u0142ysze\u0107       w nagraniach z czarnych skrzynek naciski na pilot\u00f3w, a rz\u0105d zacz\u0105\u0142       narzeka\u0107 na jakie\u015b trudno\u015bci we wsp\u00f3\u0142pracy z Rosjanami. Pojawia       si\u0119 wi\u0119c na horyzoncie problem, z kt\u00f3rym rz\u0105d b\u0119dzie musia\u0142 si\u0119       upora\u0107. W kwestii \u015bledztwa katy\u0144skiego, a konkretnie decyzji       rosyjskiej prokuratury wojskowej z roku 2004 o jego zamkni\u0119ciu,       zapad\u0142o milczenie. Tymczasem Europejski Trybuna\u0142 Praw Cz\u0142owieka       ju\u017c we wrze\u015bniu ma rozpatrywa\u0107 pozwy w tej sprawie polskich       obywateli przeciw pa\u0144stwu rosyjskiemu. Z ostatnich wypowiedzi       pe\u0142nomocnik\u00f3w Polak\u00f3w wynika, \u017ce trudno b\u0119dzie o ugod\u0119, gdy\u017c       strona rosyjska rozumie pod tym poj\u0119ciem wycofanie pozw\u00f3w, a nie       porozumienie przed s\u0105dem. Mo\u017cna si\u0119 wi\u0119c spodziewa\u0107, \u017ce niebawem       zapadnie wyrok Europejskiego Trybuna\u0142u. I jeszcze drobna rzecz &#8211;       sprawa mogi\u0142 \u017co\u0142nierzy sowieckich pod Ossowem. Uporz\u0105dkowanie       miejsca poch\u00f3wku \u017co\u0142nierzy jest ide\u0105 jak najbardziej s\u0142uszn\u0105. Ale       okazuje si\u0119, \u017ce elity maj\u0105 pewn\u0105 wizj\u0119, kt\u00f3rej nie potrafi\u0105       zrealizowa\u0107.<\/p>\r\n\r\n<p style=\"font-weight: bold;\">Ale przecie\u017c mia\u0142 stan\u0105\u0107 pomnik&#8230;<\/p>\r\n\r\n<p>Kompletnie kiczowaty projekt pomnika nagrobnego ze stercz\u0105cymi,       wyrastaj\u0105cymi z ziemi, bagnetami, zamiast normalnej p\u0142yty       nagrobnej, wywo\u0142a\u0142 zrozumia\u0142e protesty. Nie wiem jak osoby       prawos\u0142awne odebra\u0142y to, \u017ce krzy\u017c na tym pomniku zosta\u0142       potraktowany niczym bagnet. W dodatku odwo\u0142anie ods\u0142oni\u0119cia       pomnika wywo\u0142a\u0142o zgrzyty w relacjach mi\u0119dzypa\u0144stwowych. To \u017ale       wr\u00f3\u017cy na przysz\u0142o\u015b\u0107. I tu wida\u0107 powa\u017cny problem: elity obydwu       pa\u0144stw poprawiaj\u0105 wzajemne stosunki w oderwaniu od swoich       spo\u0142ecze\u0144stw, kt\u00f3re chc\u0105 autentycznego, a nie odg\u00f3rnego i       sztucznego, zbli\u017cenia mi\u0119dzy narodami &#8211; zbli\u017cenia, kt\u00f3re w       wi\u0119kszym stopniu b\u0119dzie uwzgl\u0119dnia\u0107 wra\u017cliwo\u015b\u0107 historyczn\u0105,       kulturow\u0105, wyznaniow\u0105 Polak\u00f3w i Rosjan.<\/p>\r\n\r\n<p style=\"font-weight: bold;\">Rozmawia\u0142: Filip Memches<\/p>\r\n\r\n<p style=\"font-weight: bold;\"><small><strong><br \/>\r\n<\/strong><small><big><\/big><\/small><\/small><\/p>","protected":false},"excerpt":{"rendered":"Rozmowa z W\u0142odzimierzem Marciniakiem, politologiem, sowietologiem, rosjoznawc\u0105, profesorem Wy\u017cszej Szko\u0142y Biznesu &#8211; National-Louis University w Nowym S\u0105czu; od roku 2008 zasiada w Polsko-Rosyjskiej Grupie ds. Trudnych. Przy okazji wizyty Siergieja \u0141awrowa w Warszawie sporo si\u0119 m\u00f3wi o prze\u0142omie i ociepleniu w stosunkach polsko-rosyjskich. Czy nale\u017cy to traktowa\u0107 w kategoriach jedynie oficjalnej propagandy czy te\u017c naprawd\u0119 [&hellip;]","protected":false},"author":1,"featured_media":0,"comment_status":"closed","ping_status":"closed","sticky":false,"template":"","format":"standard","meta":{"_acf_changed":false,"_monsterinsights_skip_tracking":false,"_monsterinsights_sitenote_active":false,"_monsterinsights_sitenote_note":"","_monsterinsights_sitenote_category":0,"ngg_post_thumbnail":0,"footnotes":"","_wp_rev_ctl_limit":""},"categories":[9],"tags":[98,137,141],"acf":[],"_links":{"self":[{"href":"https:\/\/www.bibula.com\/index.php?rest_route=\/wp\/v2\/posts\/26639"}],"collection":[{"href":"https:\/\/www.bibula.com\/index.php?rest_route=\/wp\/v2\/posts"}],"about":[{"href":"https:\/\/www.bibula.com\/index.php?rest_route=\/wp\/v2\/types\/post"}],"author":[{"embeddable":true,"href":"https:\/\/www.bibula.com\/index.php?rest_route=\/wp\/v2\/users\/1"}],"replies":[{"embeddable":true,"href":"https:\/\/www.bibula.com\/index.php?rest_route=%2Fwp%2Fv2%2Fcomments&post=26639"}],"version-history":[{"count":0,"href":"https:\/\/www.bibula.com\/index.php?rest_route=\/wp\/v2\/posts\/26639\/revisions"}],"wp:attachment":[{"href":"https:\/\/www.bibula.com\/index.php?rest_route=%2Fwp%2Fv2%2Fmedia&parent=26639"}],"wp:term":[{"taxonomy":"category","embeddable":true,"href":"https:\/\/www.bibula.com\/index.php?rest_route=%2Fwp%2Fv2%2Fcategories&post=26639"},{"taxonomy":"post_tag","embeddable":true,"href":"https:\/\/www.bibula.com\/index.php?rest_route=%2Fwp%2Fv2%2Ftags&post=26639"}],"curies":[{"name":"wp","href":"https:\/\/api.w.org\/{rel}","templated":true}]}}