{"id":26581,"date":"2010-09-03T22:32:13","date_gmt":"2010-09-04T03:32:13","guid":{"rendered":"http:\/\/www.bibula.com\/?p=26581"},"modified":"2010-09-03T22:32:13","modified_gmt":"2010-09-04T03:32:13","slug":"piotr-semka-upomina-sie-o-pamiec-o-annie-walentynowicz-dlaczego-jej-imieniem-nie-nazwano-zadnego-skweru-ani-parku","status":"publish","type":"post","link":"https:\/\/www.bibula.com\/?p=26581","title":{"rendered":"Piotr Semka upomina si\u0119 o pami\u0119\u0107 o Annie Walentynowicz. &#8222;Dlaczego jej imieniem nie nazwano \u017cadnego skweru ani parku?&#8221;"},"content":{"rendered":"<p>W opublikowanym na stronach internetowych \u201eRzeczpospolitej\u201d  felietonie publicysta przywo\u0142uje sowieckie powiedzonko, wed\u0142ug kt\u00f3rego  \u201etylko przysz\u0142o\u015b\u0107 jest pewna, bo ju\u017c fakty z przesz\u0142o\u015bci co rusz si\u0119  zmieniaj\u0105\u201d. Zdaniem Semki pasuje ono do obecnej, okr\u0105g\u0142ej rocznicy  Sierpnia, podczas kt\u00f3rej zapomniano o Annie Walentynowicz.<\/p>\r\n\r\n<blockquote><p>\u201e<strong>Nikt nie pyta\u0142 platformerskiego prezydenta Gda\u0144ska, dlaczego  w rocznic\u0119 Sierpnia nie ods\u0142oni\u0119to tablicy na jej domu. Dlaczego jej  imieniem nie nazwano \u017cadnego skweru ani parku. <\/strong>Dlaczego  odrzucono spo\u0142eczne propozycje, aby jakiemu\u015b fragmentowi d\u0142uga\u015bnej  gda\u0144skiej alei Zwyci\u0119stwa nada\u0107 imi\u0119 Anny Walentynowicz&#8221; &#8211; pisze Semka.<\/p>\r\n\r\n<p>I dodaje: \u201eCo dzie\u0144 s\u0142yszeli\u015bmy dywagacje, czy Lech Wa\u0142\u0119sa zaszczyci rocznicowe obchody, ale <strong>\u017cadne  medium nie zainteresowa\u0142o si\u0119 losem ma\u0142\u017ce\u0144stwa Gwiazd\u00f3w, kt\u00f3re sp\u0119dzi\u0142o  rocznicowy czas szpitalu w Kro\u015bnie. Joanna Gwiazda le\u017ca\u0142a tam po  wylewie<\/strong>, a jej m\u0105\u017c czuwa\u0142 przy jej \u0142o\u017cu. Idealny, bo  dramatyczny, materia\u0142 dla reporter\u00f3w w rocznic\u0119 Sierpnia? Jako\u015b nikogo  to nie zainteresowa\u0142o.\u201d<\/p><\/blockquote>\r\n\r\n<p>Zdaniem publicysty, \u201e<strong>dotychczasowi czo\u0142owi bohaterowie  musieli zosta\u0107 zepchni\u0119ci na dalszy plan, aby zrobi\u0107 miejsce nowej  gwie\u017adzie Henryce Krzywonos.<\/strong> To ona teraz ma by\u0107 g\u0142\u00f3wnym symbolem Sierpnia.\u201d<\/p>\r\n\r\n<p>Jednak, jak zwraca uwag\u0119 Semka, Krzywonos, cho\u0107 \u201eby\u0142a cz\u0142onkiem Mi\u0119dzyzak\u0142adowego Komitetu Strajkowego\u201d, to jednak \u201e<strong>nie nale\u017ca\u0142a do pierwszego szeregu przyw\u00f3dc\u00f3w strajku<\/strong>.  Owszem, 15 sierpnia zatrzyma\u0142a sw\u00f3j tramwaj, ale nie ca\u0142\u0105 komunikacj\u0119  tr\u00f3jmiejsk\u0105. Przed ni\u0105 strajkowali ju\u017c kierowcy autobus\u00f3w z zajezdni WPK  we Wrzeszczu.\u201d<\/p>\r\n\r\n<p>Co wi\u0119cej, zdaniem Semki, \u201eteraz <strong>do tylnych rz\u0119d\u00f3w historii Sierpnia zepchni\u0119ty zostaje Lech Kaczy\u0144ski. Nie \u017cyje, wi\u0119c nie mo\u017ce si\u0119 broni\u0107<\/strong>,  gdy kolejne tuzy z obozu Platformy i Lech Wa\u0142\u0119sa zaczynaj\u0105 lekcewa\u017cy\u0107  jego udzia\u0142 w sierpniowym strajku. Na koncercie 31 sierpnia na terenie  stoczni Bogdanowi Borusewiczowi wymieniaj\u0105cemu postacie sierpniowego  strajku nazwisko zmar\u0142ego Lecha Kaczy\u0144skiego jako\u015b nie przesz\u0142o przez  gard\u0142o.\u201d<\/p>\r\n\r\n<p>Ca\u0142o\u015b\u0107 tu: <a href=\"http:\/\/blog.rp.pl\/semka\/2010\/09\/03\/plusy-i-minusy-tygodnia-28-sierpnia-5-wrzesnia\/\">http:\/\/blog.rp.pl\/semka\/2010\/09\/03\/plusy-i-minusy-tygodnia-28-sierpnia-5-wrzesnia\/<\/a><\/p>\r\n\r\n<p><strong>Nasz komentarz<\/strong> [wPolityce]<strong>: pami\u0119tajmy o Annie Walentynowicz &#8211; Annie \u201eSolidarno\u015b\u0107\u201d. Bohaterce prawdziwej, nie kreowanej.<\/strong><\/p>\r\n\r\n<p><em>War<\/em><\/p>","protected":false},"excerpt":{"rendered":"W opublikowanym na stronach internetowych \u201eRzeczpospolitej\u201d felietonie publicysta przywo\u0142uje sowieckie powiedzonko, wed\u0142ug kt\u00f3rego \u201etylko przysz\u0142o\u015b\u0107 jest pewna, bo ju\u017c fakty z przesz\u0142o\u015bci co rusz si\u0119 zmieniaj\u0105\u201d. Zdaniem Semki pasuje ono do obecnej, okr\u0105g\u0142ej rocznicy Sierpnia, podczas kt\u00f3rej zapomniano o Annie Walentynowicz. \u201eNikt nie pyta\u0142 platformerskiego prezydenta Gda\u0144ska, dlaczego w rocznic\u0119 Sierpnia nie ods\u0142oni\u0119to tablicy na [&hellip;]","protected":false},"author":1,"featured_media":0,"comment_status":"closed","ping_status":"closed","sticky":false,"template":"","format":"standard","meta":{"_acf_changed":false,"_monsterinsights_skip_tracking":false,"_monsterinsights_sitenote_active":false,"_monsterinsights_sitenote_note":"","_monsterinsights_sitenote_category":0,"ngg_post_thumbnail":0,"footnotes":"","_wp_rev_ctl_limit":""},"categories":[8],"tags":[98,87],"acf":[],"_links":{"self":[{"href":"https:\/\/www.bibula.com\/index.php?rest_route=\/wp\/v2\/posts\/26581"}],"collection":[{"href":"https:\/\/www.bibula.com\/index.php?rest_route=\/wp\/v2\/posts"}],"about":[{"href":"https:\/\/www.bibula.com\/index.php?rest_route=\/wp\/v2\/types\/post"}],"author":[{"embeddable":true,"href":"https:\/\/www.bibula.com\/index.php?rest_route=\/wp\/v2\/users\/1"}],"replies":[{"embeddable":true,"href":"https:\/\/www.bibula.com\/index.php?rest_route=%2Fwp%2Fv2%2Fcomments&post=26581"}],"version-history":[{"count":0,"href":"https:\/\/www.bibula.com\/index.php?rest_route=\/wp\/v2\/posts\/26581\/revisions"}],"wp:attachment":[{"href":"https:\/\/www.bibula.com\/index.php?rest_route=%2Fwp%2Fv2%2Fmedia&parent=26581"}],"wp:term":[{"taxonomy":"category","embeddable":true,"href":"https:\/\/www.bibula.com\/index.php?rest_route=%2Fwp%2Fv2%2Fcategories&post=26581"},{"taxonomy":"post_tag","embeddable":true,"href":"https:\/\/www.bibula.com\/index.php?rest_route=%2Fwp%2Fv2%2Ftags&post=26581"}],"curies":[{"name":"wp","href":"https:\/\/api.w.org\/{rel}","templated":true}]}}