{"id":26569,"date":"2010-09-03T22:06:32","date_gmt":"2010-09-04T03:06:32","guid":{"rendered":"http:\/\/www.bibula.com\/?p=26569"},"modified":"2010-09-03T22:06:32","modified_gmt":"2010-09-04T03:06:32","slug":"bbn-przeksztalca-sie-w-ministerstwo-obrony","status":"publish","type":"post","link":"https:\/\/www.bibula.com\/?p=26569","title":{"rendered":"BBN przekszta\u0142ca si\u0119 w ministerstwo obrony"},"content":{"rendered":"<p><strong><em>Restrukturyzacja Biura Bezpiecze\u0144stwa Narodowego mo\u017ce oznacza\u0107 gromadzenie si\u0119 czarnych chmur nad ministrem Bogdanem Klichem. To z BBN b\u0119d\u0105 si\u0119 wywodzi\u0142y &#8222;przysz\u0142e talenty&#8221;, oddelegowane we w\u0142a\u015bciwym czasie do MON, aby dla prezydenta by\u0142y oczami i uszami<\/em><\/strong><\/p>\r\n\r\n<p><strong>Z Witoldem Waszczykowskim, by\u0142ym wiceministrem spraw zagranicznych,  g\u0142\u00f3wnym negocjatorem ameryka\u0144skiej tarczy antyrakietowej i wiceszefem  Biura Bezpiecze\u0144stwa Narodowego w latach 2008-2010, rozmawia Marta  Ziarnik<\/strong><br \/>\r\n <br \/>\r\n <strong>Zawi\u00f3d\u0142 si\u0119 Pan na Rados\u0142awie Sikorskim?<\/strong><br \/>\r\n &#8211;  Minister Sikorski odszed\u0142 bardzo daleko od swoich pogl\u0105d\u00f3w i dzia\u0142a\u0144 z  poprzednich lat. W zasadzie nie wiem teraz, kiedy by\u0142 sob\u0105 &#8211; czy przed  laty, czy obecnie. Nie wiem te\u017c, czy tak radykalnie zmieni\u0142 pogl\u0105dy, czy  jedynie radykalnie zmieni\u0142 instrumentarium swojego zachowania, aby  dopasowa\u0107 si\u0119 do wymog\u00f3w premiera Donalda Tuska i by &#8211; cho\u0107 za tak  wysok\u0105 cen\u0119 &#8211; utrzyma\u0107 si\u0119 przy w\u0142adzy. Licz\u0105 si\u0119 fakty, a te wskazuj\u0105  na radykaln\u0105 zmian\u0119 naszej polityki zagranicznej, na odej\u015bcie od  wieloletnich kanon\u00f3w naszej dyplomacji na Wschodzie oraz w relacjach ze  Stanami Zjednoczonymi. My\u015bl\u0119, \u017ce Rados\u0142aw Sikorski po\u015bwi\u0119ci\u0142 te kierunki  polityki zagranicznej polityce wewn\u0119trznej tego rz\u0105du. To za wysoka  cena i b\u0142\u0105d, kt\u00f3ry trudno b\u0119dzie naprawi\u0107 w przysz\u0142o\u015bci.<br \/>\r\n <br \/>\r\n <strong>W \u015brod\u0119 Sikorski, z kt\u00f3rym przepracowa\u0142 Pan kilka lat, wyrzuci\u0142 Pana z MSZ&#8230;<\/strong><br \/>\r\n &#8211;  Jest to wydarzenie bez precedensu. Sama dymisja ministra, ambasadora  czy odwo\u0142anie dyrektora itp. to rzecz naturalna, poniewa\u017c to jeden z  instrument\u00f3w kszta\u0142towania polityki kadrowej w ka\u017cdym resorcie.  Natomiast ca\u0142kowite zwolnienie z pracy &#8211; do tej pory co\u015b takiego raczej  si\u0119 nie zdarza\u0142o. Przypomn\u0119, i\u017c w latach 2005-2007, kiedy by\u0142em w dw\u00f3ch  rz\u0105dach Prawa i Sprawiedliwo\u015bci, zdarzy\u0142o si\u0119 kilka dymisji  wiceministr\u00f3w. Ale \u017caden z nich nie zosta\u0142 wyrzucony z pracy! Wr\u0119cz  przeciwnie &#8211; za swoj\u0105 dotychczasow\u0105 prac\u0119 zostali uhonorowani wysokimi  rangami dyplomatycznymi, za kt\u00f3rymi sz\u0142y tak\u017ce gratyfikacje finansowe.  Przynajmniej cz\u0119\u015b\u0107 z tych os\u00f3b zosta\u0142a p\u00f3\u017aniej zatrudniona do prac  analitycznych b\u0105d\u017a specjalnych porucze\u0144. W moim przypadku tak si\u0119 nie  sta\u0142o. Ca\u0142kowicie pozbawiono mnie pracy. Ta decyzja ma dla mnie  charakter administracyjnej pr\u00f3by odsuni\u0119cia od mo\u017cliwo\u015bci wp\u0142ywania na  polityk\u0119 zagraniczn\u0105 i jej komentowania.<br \/>\r\n <br \/>\r\n <strong>Dlaczego?<\/strong><br \/>\r\n &#8211; Ze wzgl\u0119du na fakt, \u017ce otwarcie krytykuj\u0119 polityk\u0119 obecnego rz\u0105du.<br \/>\r\n <br \/>\r\n <strong>MSZ  twierdzi, \u017ce nie przydzielono Panu innego stanowiska, poniewa\u017c rzekomo  nie ma takiego, kt\u00f3re odpowiada\u0142oby Pana kwalifikacjom.<\/strong><br \/>\r\n &#8211; Trudno  jest si\u0119 odnie\u015b\u0107 do takiej argumentacji. Moje kwalifikacje nie zosta\u0142y  zakwestionowane, zatem mog\u0142oby z tego wynika\u0107, \u017ce w ca\u0142ym MSZ nie ma  miejsca, by te kompetencje zosta\u0142y zagospodarowane&#8230; Nie ma sensu tego  roztrz\u0105sa\u0107. To jest wym\u00f3wka! Jak ju\u017c m\u00f3wi\u0142em, to czytelna pr\u00f3ba  administracyjnego pozbycia si\u0119 cz\u0142owieka, kt\u00f3ry ma krytyczny stosunek  wobec w\u0142adz. Gdy temu rz\u0105dowi i ministrowi nie starczy\u0142o si\u0142y  argument\u00f3w, \u017ceby rzeczowo ze mn\u0105 polemizowa\u0107, \u017ceby w spos\u00f3b zrozumia\u0142y  wyja\u015bni\u0107 zarzuty, jakie mi si\u0119 stawia, to posuni\u0119to si\u0119 do argument\u00f3w  si\u0142y, czyli w tym przypadku do administracyjnych posuni\u0119\u0107, kt\u00f3re d\u0105\u017c\u0105 do  wyciszenia mojej osoby.<br \/>\r\n <br \/>\r\n <strong>Pretekstem do zwolnienia mo\u017ce by\u0107 te\u017c  post\u0119powanie, kt\u00f3re dwa lata temu wszcz\u0119to wobec Pana, a kt\u00f3re ma  wyja\u015bni\u0107, czy udzielaj\u0105c wywiadu tygodnikowi &#8222;Newsweek&#8221; na temat tarczy  antyrakietowej, nie ujawni\u0142 Pan tajemnicy pa\u0144stwowej&#8230;<\/strong><br \/>\r\n &#8211; Tylko  \u017ce cho\u0107 certyfikat dost\u0119pu do materia\u0142\u00f3w niejawnych zosta\u0142 zawieszony,  to w MSZ mo\u017cna pracowa\u0107 bez takiego certyfikatu i jest tam wiele os\u00f3b,  kt\u00f3re pracuj\u0105 bez niego. Mi\u0119dzy innymi byli ambasadorowie i dyrektorzy,  kt\u00f3rym podobnie certyfikaty zosta\u0142y zawieszone ze wzgl\u0119d\u00f3w  polityczno-administracyjnych jako wynik niech\u0119ci do nich. Te certyfikaty  s\u0105 bardzo cz\u0119sto u\u017cywane w\u0142a\u015bnie jako instrument walki politycznej  wobec os\u00f3b, kt\u00f3rych si\u0119 nie lubi i do kt\u00f3rych \u017cywi si\u0119 jak\u0105\u015b polityczn\u0105  niech\u0119\u0107. Ale to nie przeszkadza pracowa\u0107, dlatego \u017ce jest wiele zada\u0144  analitycznych, kt\u00f3re nie wymagaj\u0105 takiego certyfikatu. A poza tym ten  certyfikat jest dawany i odbierany. Jego odebranie to nie jest wyrok na  ca\u0142e \u017cycie. Po pierwsze, po roku mo\u017cna si\u0119 odwo\u0142a\u0107 &#8211; i ja by\u0142em w tej  procedurze odwo\u0142awczej ca\u0142y czas, a po drugie, po jakim\u015b czasie mo\u017cna  ponownie wyst\u0105pi\u0107 o certyfikat. Wyci\u0105ganie tej kwestii to zatem nic  innego, jak &#8211; powiedzmy to wprost &#8211; zwyk\u0142e wym\u00f3wki. A te b\u0119d\u0105 musia\u0142y  znale\u017a\u0107 rozstrzygni\u0119cie w s\u0105dzie.<br \/>\r\n <br \/>\r\n <strong>Wypowiedzenie wr\u0119czono w  dniu, w kt\u00f3rym wr\u00f3ci\u0142 Pan z dwuletniego urlopu bezp\u0142atnego, podczas  kt\u00f3rego sprawowa\u0142 Pan funkcj\u0119 zast\u0119pcy szefa Biura Bezpiecze\u0144stwa  Narodowego. <\/strong><br \/>\r\n &#8211; Tak. Przypomn\u0119, \u017ce z chwil\u0105, kiedy po wyborach  prezydenckich uzna\u0142em, \u017ce moja misja si\u0119 tam sko\u0144czy\u0142a, z\u0142o\u017cy\u0142em  rezygnacj\u0119 w Biurze Bezpiecze\u0144stwa Narodowego. Wcze\u015bniej te\u017c uzgodni\u0142em  spos\u00f3b wypowiedzenia tej umowy. W\u00f3wczas ustalili\u015bmy, \u017ce do ko\u0144ca  sierpnia b\u0119d\u0119 jeszcze wykorzystywa\u0142 przys\u0142uguj\u0105ce mi urlopy. Ale ju\u017c w  lipcu wys\u0142a\u0142em oficjalne podanie do dyrektora generalnego i do dyrektora  kadr w MSZ, informuj\u0105c, \u017ce w zwi\u0105zku z zako\u0144czeniem mojej funkcji  wiceszefa BBN b\u0119d\u0119 chcia\u0142 wr\u00f3ci\u0107 do Ministerstwa Spraw Zagranicznych.  Dlatego napisa\u0142em w tym podaniu, \u017ce prosz\u0119 o odwieszenie urlopu  bezp\u0142atnego, kt\u00f3ry zosta\u0142 mi przyznany w 2008 roku na czas pe\u0142nienia  funkcji w BBN, i przydzielenie stanowiska odpowiedniego do moich  kwalifikacji.<br \/>\r\n <br \/>\r\n <strong>Jak\u0105 otrzyma\u0142 Pan odpowied\u017a?<\/strong><br \/>\r\n &#8211; \u0179adnej. 31  sierpnia, we wtorek, zadzwoni\u0142em do biura kadr i zapyta\u0142em, co mam  zrobi\u0107 1 wrze\u015bnia, gdy\u017c chc\u0119 si\u0119 pojawi\u0107 w MSZ. Odpowiedziano mi, \u017ce o  godz. 14.00 przyjmie mnie pani wicedyrektor kadr. Tak wi\u0119c nast\u0119pnego  dnia o um\u00f3wionej godzinie zg\u0142osi\u0142em si\u0119 do biura kadr, a tam pani  dyrektor odczyta\u0142a mi i wr\u0119czy\u0142a wym\u00f3wienie. Wszystko trwa\u0142o zaledwie  kilka minut. I na tym zako\u0144czy\u0142a si\u0119 moja wsp\u00f3\u0142praca z MSZ.<br \/>\r\n <br \/>\r\n <strong>Pana plany zawodowe?<\/strong><br \/>\r\n &#8211;  Jestem w trudnej sytuacji, poniewa\u017c do ko\u0144ca roku MSZ b\u0119dzie si\u0119  jeszcze mn\u0105 &#8222;opiekowa\u0142o&#8221; &#8211; jestem w trakcie wypowiedzenia umowy o prac\u0119.  W tym czasie musz\u0119 znale\u017a\u0107 sobie jakie\u015b nowe miejsce. Ale moja trudna  sytuacja nie jest spowodowana tylko i wy\u0142\u0105cznie tym wypowiedzeniem.  Musz\u0119 przyzna\u0107, \u017ce ci\u0105gle jeszcze trwa u mnie pewna trauma po tej  wielkiej tragedii z 10 kwietnia. I chyba to bardziej rzutuje obecnie na  moj\u0105 psychik\u0119 i spos\u00f3b my\u015blenia. Prawdopodobnie to sparali\u017cowa\u0142o moje  my\u015blenie o przysz\u0142o\u015bci. Teraz jednak b\u0119d\u0119 musia\u0142 poszuka\u0107 jakiego\u015b  sposobu na \u017cycie.<br \/>\r\n Na pewno b\u0119d\u0119 chcia\u0142 pozosta\u0107 przy sprawach  polityki zagranicznej i polityki bezpiecze\u0144stwa, gdy\u017c tymi tematami  zajmuj\u0119 si\u0119 ju\u017c od 30 lat. Moje do\u015bwiadczenie w tym wzgl\u0119dzie i  kwalifikacje nie s\u0105 przez nikogo kwestionowane. W zwi\u0105zku z tym mam  nadziej\u0119, \u017ce znajd\u0119 dobrych ludzi, dobre \u015brodowiska, kt\u00f3re zechc\u0105  wykorzysta\u0107 moje do\u015bwiadczenie.<br \/>\r\n <br \/>\r\n <strong>Rozwa\u017ca Pan ubieganie si\u0119 o mandat parlamentarzysty?<\/strong><br \/>\r\n &#8211;  Jest jeszcze za wcze\u015bnie, by o tym m\u00f3wi\u0107. Wybory do parlamentu b\u0119d\u0105  prawdopodobnie pod koniec przysz\u0142ego roku, a zatem jest jeszcze du\u017co  czasu. Przez ten rok du\u017co mo\u017ce si\u0119 zmieni\u0107. Uczciwie m\u00f3wi\u0105c, to i takiej  opcji bym nie wyklucza\u0142. Dlatego \u017ce w Polsce bardzo trudno jest by\u0107  urz\u0119dnikiem wysokiego szczebla niezwi\u0105zanym z jak\u0105\u015b opcj\u0105 polityczn\u0105.  Podejmowane od lat pr\u00f3by tworzenia s\u0142u\u017cby cywilnej, jakich\u015b korpus\u00f3w  urz\u0119dniczych nie powiod\u0142y si\u0119. Politycy nie akceptuj\u0105 sytuacji, gdy  wysocy urz\u0119dnicy s\u0105 neutralni. Do\u015bwiadczy\u0142em tego na w\u0142asnej sk\u00f3rze w  2008 roku. Uzna\u0142em, \u017ce moja wiedza o tym, jak \u017ale wygl\u0105daj\u0105 rozmowy z  Amerykanami o tarczy antyrakietowej i \u017ce mog\u0105 one w konsekwencji  spowodowa\u0107, \u017ce wbrew interesowi narodowemu tarczy mo\u017ce nie by\u0107 &#8211; bo  przeszkadza\u0142o to interesowi partyjnemu &#8211; nie mo\u017ce pozosta\u0107 nieujawniona.  Ta wiedza nie pozwala\u0142a mi zachowywa\u0107 si\u0119 neutralnie i musia\u0142em  powiedzie\u0107, jak wygl\u0105da ta sytuacja. To oczywi\u015bcie wepchn\u0119\u0142o mnie w  pewien ob\u00f3z polityczny.<br \/>\r\n <br \/>\r\n <strong>Mo\u017ce warto by\u0142o zosta\u0107 w BBN? <\/strong><br \/>\r\n &#8211;  Zrezygnowa\u0142em z pracy w Biurze Bezpiecze\u0144stwa Narodowego po wyborach  prezydenckich, kt\u00f3re zako\u0144czy\u0142y si\u0119 takim, a nie innym rezultatem.  Uzna\u0142em w\u00f3wczas, \u017ce rola BBN i Kancelarii Prezydenta pod nowym  kierownictwem ulegnie radykalnej zmianie i \u017ce ca\u0142a nowa prezydentura  b\u0119dzie zupe\u0142nie inna. Do tej pory poprzedni trzej prezydenci (cho\u0107 Lech  Wa\u0142\u0119sa dzia\u0142a\u0142 pod zupe\u0142nie inn\u0105 Konstytucj\u0105, gdzie mia\u0142 bezpo\u015brednio  wp\u0142yw na mianowanie ministr\u00f3w w pewnych resortach) pe\u0142nili swoj\u0105 funkcj\u0119  jako stra\u017cnicy, kustosze Konstytucji i prerogatyw, kt\u00f3re ustawa  zasadnicza dawa\u0142a prezydentom &#8211; w polityce zagranicznej, bezpiecze\u0144stwa i  obrony. Tymczasem Bronis\u0142aw Komorowski zar\u00f3wno w kampanii, jak i ju\u017c po  niej, dawa\u0142 sygna\u0142y, \u017ce b\u0119dzie prowadzi\u0142 inn\u0105 polityk\u0119. I dzisiaj si\u0119  okazuje, \u017ce b\u0119dzie on jakby uzupe\u0142nieniem rz\u0105du. \u0179e nie b\u0119dzie audytorem  prac rz\u0105du w dziedzinach polityki zagranicznej, bezpiecze\u0144stwa i  obrony, a raczej b\u0119dzie ich dope\u0142nieniem. Taka rola szefa pa\u0144stwa &#8211;  jakiego\u015b adoratora rz\u0105du &#8211; mi osobi\u015bcie nie odpowiada. Uzna\u0142em, \u017ce  o\u015brodek prezydencki &#8211; wraz z Kancelari\u0105 Prezydenta i BBN &#8211; powinny  pe\u0142ni\u0107 inn\u0105 rol\u0119. Oczywi\u015bcie funkcj\u0119 pomocnicz\u0105 dla prezydenta,  wspieraj\u0105c go analizami i nowymi pomys\u0142ami, ale powinny te\u017c dostarcza\u0107  mu pewnych ocen dotycz\u0105cych nie tylko sytuacji mi\u0119dzynarodowej, ale  tak\u017ce sytuacji w Polsce. Ocenia\u0107, jak instytucje, kt\u00f3re powinny zajmowa\u0107  si\u0119 pewnymi dziedzinami polityki zagranicznej, bezpiecze\u0144stwa i  wojskowymi, realizuj\u0105 te zadania, w jaki spos\u00f3b przyczyniaj\u0105 si\u0119 do  realizacji pewnej doktryny obronnej itp. To, jak rozumie te kwestie  prezydent Komorowski, nie zgadza si\u0119 z moim rozumowaniem. Oczywi\u015bcie on  ujmuje to w kategoriach pe\u0142nej wsp\u00f3\u0142pracy z rz\u0105dem. Natomiast de facto  b\u0119dzie to polityka w du\u017cej mierze zale\u017cna od polityki rz\u0105du.<br \/>\r\n <br \/>\r\n <strong>\u015awiadcz\u0105 o tym ju\u017c pierwsze zmiany i nominacje, jakich przed dwoma dniami dokonano w BBN.<\/strong><br \/>\r\n &#8211;  Dok\u0142adnie. Te zmiany wpisuj\u0105 si\u0119 w trend, o kt\u00f3rym m\u00f3wi\u0119. W czwartek  gen. Stanis\u0142aw Koziej przedstawi\u0142 nowe nominacje. Wchodz\u0105 w to tak\u017ce  zmiany w Kancelarii Prezydenta, zwolnienia itp.<br \/>\r\n <br \/>\r\n <span class=\"pullquote\"><!-- BBN ma by\u0107 teraz tylko i wy\u0142\u0105cznie o\u015brodkiem pisz\u0105cym analizy, a nie analizuj\u0105cym polityk\u0119 pa\u0144stwa. --><\/span> <strong>Zechcia\u0142by si\u0119 Pan odnie\u015b\u0107 do nowych nominacji w Biurze?<\/strong><br \/>\r\n &#8211;  To s\u0105 urz\u0119dnicy \u015bredniego szczebla, cz\u0119sto bez do\u015bwiadczenia  administracyjnego i bez do\u015bwiadcze\u0144 w dziedzinie polityki zagranicznej i  polityki bezpiecze\u0144stwa. Oznacza to, \u017ce b\u0119d\u0105 pe\u0142ni\u0107 bardzo &#8222;us\u0142ugow\u0105&#8221;  funkcj\u0119, w zasadzie obs\u0142ugi prezydenta. Nie b\u0119d\u0105 natomiast odgrywa\u0107 roli  audytora dzia\u0142a\u0144 pa\u0144stwa.<br \/>\r\n <br \/>\r\n <strong>Zgodnie z og\u0142oszonymi przez gen.  Kozieja zmianami, BBN zmienia sw\u0105 struktur\u0119 i misj\u0119 &#8211; z  nadzorczo-kontrolnej na analityczno-koncepcyjn\u0105. Co to w praktyce  oznacza?<\/strong><br \/>\r\n &#8211; Po pierwsze wida\u0107 z tego, \u017ce Biuro Bezpiecze\u0144stwa  Narodowego bardzo redukuje obszar swoich zainteresowa\u0144. Ju\u017c nie tylko  przestanie si\u0119 zwraca\u0107 uwag\u0119, jak s\u0105 wykonywane poszczeg\u00f3lne polityki  pa\u0144stwowe w tych resortach, doradza\u0107 prezydentowi, czy s\u0105 one z\u0142e, czy  dobre, a stanie si\u0119 takim ma\u0142ym biurem \u015bledz\u0105cym wydarzenia na \u015bwiecie i  ewentualnie podsy\u0142aj\u0105cym jakie\u015b analizy. B\u0119dzie wi\u0119c jakim\u015b ma\u0142ym  analitycznym o\u015brodkiem, think tankiem jakich w Polsce jest wiele. Po  drugie wida\u0107, \u017ce b\u0119dzie si\u0119 mocno koncentrowa\u0142o na bezpiecze\u0144stwie  wojskowym, militarnym. O tym \u015bwiadczy znaczna liczba przyj\u0119tych  genera\u0142\u00f3w i urz\u0119dnik\u00f3w z Ministerstwa Obrony Narodowej. To te\u017c jest  pewna wskaz\u00f3wka, gdzie b\u0119d\u0105 si\u0119 ogniskowa\u0107 g\u0142\u00f3wne zainteresowania  prezydenta Komorowskiego. B\u0119dzie si\u0119 mniej skupia\u0142 na polityce  zagranicznej, a bardziej na wojskowej. Ale to mo\u017ce oznacza\u0107 te\u017c czarne  chmury dla ministra Bogdana Klicha, gdy\u017c r\u00f3wnie dobrze mo\u017ce to  \u015bwiadczy\u0107, \u017ce BBN przekszta\u0142ci si\u0119 w alternatywne ministerstwo obrony.  Stamt\u0105d b\u0119d\u0105 si\u0119 wywodzi\u0142y &#8222;przysz\u0142e talenty&#8221;, kt\u00f3re zostan\u0105  oddelegowane do MON, by by\u0142y dla prezydenta oczami i uszami. Pomijam  jeszcze trzeci aspekt, a mianowicie to, \u017ce zawsze reorganizacja pozwala  zwolni\u0107 niechcianych ludzi. No i widzimy, \u017ce zwolniono a\u017c jedn\u0105 trzeci\u0105  os\u00f3b.<br \/>\r\n <br \/>\r\n <strong>Zast\u0119pc\u0105 gen. Kozieja ma zosta\u0107 dr Zdzis\u0142aw Lachowski. Co s\u0105dzi Pan o tej decyzji szefa BBN?<\/strong><br \/>\r\n &#8211;  Owszem, pojawi\u0142o si\u0119 nazwisko pana Lachowskiego. To jest naukowiec,  analityk, kt\u00f3ry przez wiele lat pracowa\u0142 m.in. w Sztokholmskim  Instytucie Bada\u0144 nad Pokojem &#8211; SIPRI. Cz\u0142owiek ten nie ma jednak  do\u015bwiadczenia administracyjnego, wi\u0119c to po raz kolejny pokazuje, \u017ce BBN  ma by\u0107 teraz tylko i wy\u0142\u0105cznie o\u015brodkiem pisz\u0105cym analizy, a nie  analizuj\u0105cym polityk\u0119 pa\u0144stwa. <br \/>\r\n <br \/>\r\n Dzi\u0119kuj\u0119 za rozmow\u0119.<\/p>","protected":false},"excerpt":{"rendered":"Restrukturyzacja Biura Bezpiecze\u0144stwa Narodowego mo\u017ce oznacza\u0107 gromadzenie si\u0119 czarnych chmur nad ministrem Bogdanem Klichem. To z BBN b\u0119d\u0105 si\u0119 wywodzi\u0142y &#8222;przysz\u0142e talenty&#8221;, oddelegowane we w\u0142a\u015bciwym czasie do MON, aby dla prezydenta by\u0142y oczami i uszami Z Witoldem Waszczykowskim, by\u0142ym wiceministrem spraw zagranicznych, g\u0142\u00f3wnym negocjatorem ameryka\u0144skiej tarczy antyrakietowej i wiceszefem Biura Bezpiecze\u0144stwa Narodowego w latach 2008-2010, [&hellip;]","protected":false},"author":1,"featured_media":0,"comment_status":"closed","ping_status":"closed","sticky":false,"template":"","format":"standard","meta":{"_acf_changed":false,"_monsterinsights_skip_tracking":false,"_monsterinsights_sitenote_active":false,"_monsterinsights_sitenote_note":"","_monsterinsights_sitenote_category":0,"ngg_post_thumbnail":0,"footnotes":"","_wp_rev_ctl_limit":""},"categories":[8],"tags":[98],"acf":[],"_links":{"self":[{"href":"https:\/\/www.bibula.com\/index.php?rest_route=\/wp\/v2\/posts\/26569"}],"collection":[{"href":"https:\/\/www.bibula.com\/index.php?rest_route=\/wp\/v2\/posts"}],"about":[{"href":"https:\/\/www.bibula.com\/index.php?rest_route=\/wp\/v2\/types\/post"}],"author":[{"embeddable":true,"href":"https:\/\/www.bibula.com\/index.php?rest_route=\/wp\/v2\/users\/1"}],"replies":[{"embeddable":true,"href":"https:\/\/www.bibula.com\/index.php?rest_route=%2Fwp%2Fv2%2Fcomments&post=26569"}],"version-history":[{"count":0,"href":"https:\/\/www.bibula.com\/index.php?rest_route=\/wp\/v2\/posts\/26569\/revisions"}],"wp:attachment":[{"href":"https:\/\/www.bibula.com\/index.php?rest_route=%2Fwp%2Fv2%2Fmedia&parent=26569"}],"wp:term":[{"taxonomy":"category","embeddable":true,"href":"https:\/\/www.bibula.com\/index.php?rest_route=%2Fwp%2Fv2%2Fcategories&post=26569"},{"taxonomy":"post_tag","embeddable":true,"href":"https:\/\/www.bibula.com\/index.php?rest_route=%2Fwp%2Fv2%2Ftags&post=26569"}],"curies":[{"name":"wp","href":"https:\/\/api.w.org\/{rel}","templated":true}]}}