{"id":26477,"date":"2010-09-01T22:32:10","date_gmt":"2010-09-02T03:32:10","guid":{"rendered":"http:\/\/www.bibula.com\/?p=26477"},"modified":"2010-09-01T22:32:10","modified_gmt":"2010-09-02T03:32:10","slug":"projekt-odbudowy-fary-zniszonej-w-1939-roku-przez-niemcow","status":"publish","type":"post","link":"https:\/\/www.bibula.com\/?p=26477","title":{"rendered":"Projekt odbudowy fary zniszonej w 1939 roku przez Niemc\u00f3w"},"content":{"rendered":"<p><strong>Trzynastowieczna fara w Wieluniu to jeden z pierwszych zabytk\u00f3w  zniszczonych przez hitlerowc\u00f3w. Mieszka\u0144cy miasta postanowili j\u0105  odbudowa\u0107.<\/strong><\/p>\r\n\r\n<p><img decoding=\"async\" class=\"alignleft\" style=\"margin: 10px;\" src=\"http:\/\/www.fronda.pl\/files\/wielun%20fara.jpg\" alt=\"Fara w Wieluniu \" width=\"179\" height=\"200\" align=\"left\" \/><\/p>\r\n\r\n<p>Ko\u015bci\u00f3\u0142 pw. \u015bw. Micha\u0142a Archanio\u0142a w Wieluniu, najstarszy w mie\u015bcie,  wybudowano w XIII wieku. Najpierw budynek fary zosta\u0142 znacz\u0105co  zniszczony podczas nalotu 1 wrze\u015bnia 1939 roku, a nast\u0119pnie wysadzony  przez hitlerowc\u00f3w w 1940 roku. Szcz\u0105tki \u015bwi\u0105tyni stanowi\u0105 pomnik ofiar  tragedii 1 wrze\u015bnia.<\/p>\r\n\r\n<p>Ks. Kazimierz Kurek m\u00f3wi portalowi Fronda.pl, \u017ce pojawi\u0142 si\u0119 projekt  odbudowania zniszczonej  fary. Pomys\u0142 popiera abp. Stanis\u0142aw Nowak,  pasterz archidiecezji cz\u0119stochowskiej. Metropolita kilkakrotnie  zapowiada\u0142 odbudow\u0119 fary.<\/p>\r\n\r\n<p>&#8211; Mamy b\u0142ogos\u0142awie\u0144stwo arcybiskupa diecezji, kt\u00f3ry jest przychylny  inicjatywie. Jednak wci\u0105\u017c pozostaje ona na etapie wielkiej modlitwy,  kt\u00f3ra jest tu niezmiernie potrzebna &#8211; m\u00f3wi portalowi Fronda.pl dr  W\u0142odzimierz Cybulski.<\/p>\r\n\r\n<p>&#8211; To pi\u0119kna idea, kt\u00f3rej przy\u015bwieca \u015bwiat\u0142o Ducha \u015awi\u0119tego. Ale  jednocze\u015bnie jest to wielkie przedsi\u0119wzi\u0119cie, kt\u00f3re na pewno poch\u0142onie  wiele czasu i koszt\u00f3w. Ruiny fary to miejsce u\u015bwi\u0119cone krwi\u0105 setek  wielu\u0144skich m\u0119czennik\u00f3w, konieczne jest upami\u0119tnienie tych ofiar. Jednak  wszystko to dzieje si\u0119 powoli, trzeba aby ludzie sami poczuli tak\u0105  konieczno\u015b\u0107, przekonanie, \u017ce chc\u0105 to zrobi\u0107 &#8211; dodaje Cybulski.<\/p>\r\n\r\n<p>Opowiada on tak\u017ce o pomy\u015ble, aby w odbudowanej farze umie\u015bci\u0107 \u201edzwon  pokoju\u201d po\u015bwi\u0119cony Janowi Paw\u0142owi II. &#8211; Wielu\u0144 to symbol pokoju. Taki  znak w tym miejscu by\u0142by bardzo wymowny &#8211;  konstatuje.<\/p>\r\n\r\n<p>Wielu\u0144 by\u0142 pierwszym miastem zbombardowanym w czasie drugiej wojny  \u015bwiatowej. Nie stacjonowa\u0142y tam \u017cadne wojska, wi\u0119c ofiarami nalotu byli  wy\u0142\u0105cznie cywile, oko\u0142o 1200 os\u00f3b. Zniszczeniu uleg\u0142o proc. miasta,  \u015br\u00f3dmie\u015bcie w 90 proc. leg\u0142o w gruzach. W bombardowaniu i podczas  okupacji zburzono m.in. szpital Wszystkich \u015awi\u0119tych, trzynastowieczny  ko\u015bci\u00f3\u0142 farny, synagog\u0119.<\/p>\r\n\r\n<p>&lt;&gt;<strong>eMBe\/Naszwielun.pl<\/strong><\/p>","protected":false},"excerpt":{"rendered":"Trzynastowieczna fara w Wieluniu to jeden z pierwszych zabytk\u00f3w zniszczonych przez hitlerowc\u00f3w. Mieszka\u0144cy miasta postanowili j\u0105 odbudowa\u0107. Ko\u015bci\u00f3\u0142 pw. \u015bw. Micha\u0142a Archanio\u0142a w Wieluniu, najstarszy w mie\u015bcie, wybudowano w XIII wieku. Najpierw budynek fary zosta\u0142 znacz\u0105co zniszczony podczas nalotu 1 wrze\u015bnia 1939 roku, a nast\u0119pnie wysadzony przez hitlerowc\u00f3w w 1940 roku. Szcz\u0105tki \u015bwi\u0105tyni stanowi\u0105 pomnik [&hellip;]","protected":false},"author":1,"featured_media":0,"comment_status":"closed","ping_status":"closed","sticky":false,"template":"","format":"standard","meta":{"_acf_changed":false,"_monsterinsights_skip_tracking":false,"_monsterinsights_sitenote_active":false,"_monsterinsights_sitenote_note":"","_monsterinsights_sitenote_category":0,"ngg_post_thumbnail":0,"footnotes":"","_wp_rev_ctl_limit":""},"categories":[8],"tags":[59],"acf":[],"_links":{"self":[{"href":"https:\/\/www.bibula.com\/index.php?rest_route=\/wp\/v2\/posts\/26477"}],"collection":[{"href":"https:\/\/www.bibula.com\/index.php?rest_route=\/wp\/v2\/posts"}],"about":[{"href":"https:\/\/www.bibula.com\/index.php?rest_route=\/wp\/v2\/types\/post"}],"author":[{"embeddable":true,"href":"https:\/\/www.bibula.com\/index.php?rest_route=\/wp\/v2\/users\/1"}],"replies":[{"embeddable":true,"href":"https:\/\/www.bibula.com\/index.php?rest_route=%2Fwp%2Fv2%2Fcomments&post=26477"}],"version-history":[{"count":0,"href":"https:\/\/www.bibula.com\/index.php?rest_route=\/wp\/v2\/posts\/26477\/revisions"}],"wp:attachment":[{"href":"https:\/\/www.bibula.com\/index.php?rest_route=%2Fwp%2Fv2%2Fmedia&parent=26477"}],"wp:term":[{"taxonomy":"category","embeddable":true,"href":"https:\/\/www.bibula.com\/index.php?rest_route=%2Fwp%2Fv2%2Fcategories&post=26477"},{"taxonomy":"post_tag","embeddable":true,"href":"https:\/\/www.bibula.com\/index.php?rest_route=%2Fwp%2Fv2%2Ftags&post=26477"}],"curies":[{"name":"wp","href":"https:\/\/api.w.org\/{rel}","templated":true}]}}