{"id":26467,"date":"2010-09-01T22:17:59","date_gmt":"2010-09-02T03:17:59","guid":{"rendered":"http:\/\/www.bibula.com\/?p=26467"},"modified":"2010-09-01T22:17:59","modified_gmt":"2010-09-02T03:17:59","slug":"komunisci-unikna-odpowiedzialnosci","status":"publish","type":"post","link":"https:\/\/www.bibula.com\/?p=26467","title":{"rendered":"Komuni\u015bci unikn\u0105 odpowiedzialno\u015bci"},"content":{"rendered":"<p><strong>Instytut Pami\u0119ci Narodowej mo\u017ce by\u0107 zmuszony do umorzenia oko\u0142o 200  spraw dotycz\u0105cych przest\u0119pstw z czas\u00f3w PRL. Prokuratorzy Komisji  \u015acigania Zbrodni przeciwko Narodowi Polskiemu prowadz\u0105 analiz\u0119 b\u0119d\u0105cych w  toku \u015bledztw w kontek\u015bcie podstaw prawnych do ich kontynuowania.<\/strong><br \/>\r\n<br \/>\r\nWst\u0119pne  wyniki analizy wskazuj\u0105, \u017ce konieczne b\u0119dzie umorzenie oko\u0142o 20 procent  ca\u0142kowitej liczby post\u0119powa\u0144, kt\u00f3re s\u0105 obecnie prowadzone przez  Oddzia\u0142owe Komisje \u015acigania Zbrodni przeciwko Narodowi Polskiemu. Jak  powiedzia\u0142 w rozmowie z &#8222;Naszym Dziennikiem&#8221; rzecznik Instytutu Pami\u0119ci  Narodowej Andrzej Arseniuk, prokuratorzy oceniaj\u0105 na razie, \u017ce b\u0119dzie to  oko\u0142o 200 \u015bledztw dotycz\u0105cych zbrodni komunistycznych, kt\u00f3re s\u0105  zagro\u017cone kar\u0105 nieprzekraczaj\u0105c\u0105 5 lat pozbawienia wolno\u015bci. &#8211;  Oczywi\u015bcie ka\u017cda decyzja w danym \u015bledztwie b\u0119dzie podejmowana przez  prokuratora, kt\u00f3ry prowadzi dan\u0105 spraw\u0119 w oddzia\u0142owej komisji. Ca\u0142a ta  kwestia z umarzaniem \u015bledztw wynika z decyzji S\u0105du Apelacyjnego w  Lublinie, kt\u00f3ry w kwietniu 2008 roku, a nast\u0119pnie w listopadzie w tym  samym roku przyj\u0105\u0142 stanowisko, \u017ce niekt\u00f3re zbrodnie komunistyczne si\u0119  przedawniaj\u0105. Wynika to z analizy prawnej przeprowadzonej przez s\u0105d &#8211;  powiedzia\u0142 Arseniuk. &#8211; Odwo\u0142ali\u015bmy si\u0119 do S\u0105du Najwy\u017cszego, kt\u00f3ry w  uchwale w maju podtrzyma\u0142 orzeczenie S\u0105du Apelacyjnego w Lublinie.  Poprosili\u015bmy wobec tego w sierpniu prokuratora generalnego, aby zaj\u0105\u0142  stanowisko w powy\u017cszej sprawie i ewentualnie wyst\u0105pi\u0142 do szerszego  sk\u0142adu s\u0119dzi\u00f3w S\u0105du Najwy\u017cszego o ponowne zaj\u0119cie si\u0119 spraw\u0105. Prokurator  w odpowiedzi poinformowa\u0142 nas, \u017ce podziela decyzj\u0119 S\u0105du Najwy\u017cszego &#8211;  doda\u0142 Arseniuk. Prokuratorzy prowadz\u0105cy tego typu sprawy musz\u0105 to  stanowisko traktowa\u0107 jako pewn\u0105 lini\u0119 orzecznicz\u0105. Dyrektor pionu  \u015bledczego podj\u0105\u0142 decyzj\u0119 o przegl\u0105dzie spraw w ca\u0142ej Polsce, kt\u00f3re mog\u0105  zosta\u0107 umorzone. &#8211; To s\u0105 bez w\u0105tpienia sprawy wa\u017cne dla by\u0142ych dzia\u0142aczy  &#8222;Solidarno\u015bci&#8221;, poniewa\u017c dotycz\u0105 one n\u0119kania, prze\u015bladowania, pobi\u0107,  matactw w \u015bledztwach, czyli dzia\u0142a\u0144, kt\u00f3re by\u0142y na porz\u0105dku dziennym &#8211;  podkre\u015bla rzecznik IPN.<\/p>\r\n\r\n<p>Prokuratorzy na razie nie informuj\u0105, jakie  \u015bledztwa mog\u0105 zosta\u0107 umorzone, ale mo\u017ce chodzi\u0107 m.in. o matactwa w  \u015bledztwie dotycz\u0105cym \u015bmierci Stanis\u0142awa Pyjasa, cho\u0107 oczywi\u015bcie sama  sprawa zab\u00f3jstwa nie mo\u017ce ulec przedawnieniu.<\/p>\r\n\r\n<p>Profesor Mieczys\u0142aw  Ryba, cz\u0142onek Kolegium IPN, zaznacza, \u017ce ludzie, kt\u00f3rzy walczyli w  poprzednim systemie o niepodleg\u0142o\u015b\u0107, doznawali z tego powodu pot\u0119\u017cnych  krzywd, natomiast oprawcy nie ponie\u015bli zas\u0142u\u017conej kary, poniewa\u017c nie  mieli\u015bmy ustawy dekomunizacyjnej. Nawet w wymiarze usuni\u0119cia tych ludzi z  \u017cycia publicznego. \u015aledztwa prowadzone przez IPN by\u0142y jedyn\u0105 lini\u0105  realizacji sprawiedliwo\u015bci w tym wymiarze i uwiecznianiem pami\u0119ci o tych  sprawach. &#8211; Nale\u017cy pami\u0119ta\u0107 o tym, \u017ce jest r\u00f3\u017cna skala tych zbrodni.  Redukcja tylu spraw, kt\u00f3re teraz s\u0105 w toku, przez ludzi, kt\u00f3rzy  obchodzili ostatnio rocznic\u0119 powstania &#8222;Solidarno\u015bci&#8221;, b\u0119dzie odbierana  jako kolejny element niesprawiedliwo\u015bci, mog\u0105 odebra\u0107 to tak, jakby  pa\u0144stwo nie chcia\u0142o zado\u015b\u0107uczyni\u0107 niesprawiedliwo\u015bci, jaka ich spotka\u0142a &#8211;  powiedzia\u0142 prof. Ryba. Ca\u0142y szereg orzecze\u0144 S\u0105du Najwy\u017cszego budzi  wed\u0142ug naszego rozm\u00f3wcy tylko smutek, poniewa\u017c mo\u017ce on mie\u0107 szkodliwe  skutki nie tylko od strony prawnej, ale r\u00f3wnie\u017c od strony historycznej.  Mo\u017ce to po prostu doprowadzi\u0107 do zacierania granic i relatywizacji  naszej najnowszej historii.<br \/>\r\n<strong><\/strong><\/p>\r\n\r\n<p><em><strong>Paulina Jarosi\u0144ska<\/strong><\/em><\/p>","protected":false},"excerpt":{"rendered":"Instytut Pami\u0119ci Narodowej mo\u017ce by\u0107 zmuszony do umorzenia oko\u0142o 200 spraw dotycz\u0105cych przest\u0119pstw z czas\u00f3w PRL. Prokuratorzy Komisji \u015acigania Zbrodni przeciwko Narodowi Polskiemu prowadz\u0105 analiz\u0119 b\u0119d\u0105cych w toku \u015bledztw w kontek\u015bcie podstaw prawnych do ich kontynuowania. Wst\u0119pne wyniki analizy wskazuj\u0105, \u017ce konieczne b\u0119dzie umorzenie oko\u0142o 20 procent ca\u0142kowitej liczby post\u0119powa\u0144, kt\u00f3re s\u0105 obecnie prowadzone przez [&hellip;]","protected":false},"author":1,"featured_media":0,"comment_status":"closed","ping_status":"closed","sticky":false,"template":"","format":"standard","meta":{"_acf_changed":false,"_monsterinsights_skip_tracking":false,"_monsterinsights_sitenote_active":false,"_monsterinsights_sitenote_note":"","_monsterinsights_sitenote_category":0,"ngg_post_thumbnail":0,"footnotes":"","_wp_rev_ctl_limit":""},"categories":[8],"tags":[66,98],"acf":[],"_links":{"self":[{"href":"https:\/\/www.bibula.com\/index.php?rest_route=\/wp\/v2\/posts\/26467"}],"collection":[{"href":"https:\/\/www.bibula.com\/index.php?rest_route=\/wp\/v2\/posts"}],"about":[{"href":"https:\/\/www.bibula.com\/index.php?rest_route=\/wp\/v2\/types\/post"}],"author":[{"embeddable":true,"href":"https:\/\/www.bibula.com\/index.php?rest_route=\/wp\/v2\/users\/1"}],"replies":[{"embeddable":true,"href":"https:\/\/www.bibula.com\/index.php?rest_route=%2Fwp%2Fv2%2Fcomments&post=26467"}],"version-history":[{"count":0,"href":"https:\/\/www.bibula.com\/index.php?rest_route=\/wp\/v2\/posts\/26467\/revisions"}],"wp:attachment":[{"href":"https:\/\/www.bibula.com\/index.php?rest_route=%2Fwp%2Fv2%2Fmedia&parent=26467"}],"wp:term":[{"taxonomy":"category","embeddable":true,"href":"https:\/\/www.bibula.com\/index.php?rest_route=%2Fwp%2Fv2%2Fcategories&post=26467"},{"taxonomy":"post_tag","embeddable":true,"href":"https:\/\/www.bibula.com\/index.php?rest_route=%2Fwp%2Fv2%2Ftags&post=26467"}],"curies":[{"name":"wp","href":"https:\/\/api.w.org\/{rel}","templated":true}]}}