{"id":26463,"date":"2010-09-01T22:00:48","date_gmt":"2010-09-02T03:00:48","guid":{"rendered":"http:\/\/www.bibula.com\/?p=26463"},"modified":"2010-09-01T22:00:48","modified_gmt":"2010-09-02T03:00:48","slug":"w-holdzie-ofiarom-ponarskim-w-pamiec-o-wojnie","status":"publish","type":"post","link":"https:\/\/www.bibula.com\/?p=26463","title":{"rendered":"W ho\u0142dzie ofiarom ponarskim, w pami\u0119\u0107 o wojnie"},"content":{"rendered":"<p><strong>Urywki, s\u0142owa, zdania, has\u0142a\u2026 Najbardziej trafne wci\u0105\u017c do  ko\u0144ca nie oddaj\u0105 wymiaru zbrodni ponarskiej. Podobnie jak do ko\u0144ca nie  oddaj\u0105 jej wymiaru skromne pomniki w lasach ponarskich, kt\u00f3rych ziemia  zbroczona krwi\u0105 oko\u0142o 100 tys. g\u0142\u00f3wnie polskich obywateli, przede  wszystkim \u017byd\u00f3w i Polak\u00f3w.<\/strong><\/p>\r\n\r\n<p>Wczoraj, w 71. rocznic\u0119 wybuchu II wojny \u015bwiatowej, w kwaterze  polskiej Memoria\u0142u w Ponarach polska spo\u0142eczno\u015b\u0107 na Litwie oraz rodacy z  Macierzy uczcili pami\u0119\u0107 pomordowanych. Przedstawiciele polskich  organizacji na Litwie, stowarzyszenia \u201eRodzina Katy\u0144ska\u201d oraz polskiej  plac\u00f3wki dyplomatycznej z\u0142o\u017cyli tu wie\u0144ce i zapalili znicze. Kombatanci  stan\u0119li na warcie honorowej. Odprawiono te\u017c nabo\u017ce\u0144stwo w intencji  pomordowanych.<\/p>\r\n\r\n<p>Przed rozpocz\u0119ciem ceremonii wie\u0144ce z\u0142o\u017cono te\u017c przed pomnikami  \u017cydowskim, rosyjskim i ofiarom innych narodowo\u015bci zbrodni ponarskiej.  Oddano ho\u0142d ich pami\u0119ci, bo jak podkre\u015blano w okoliczno\u015bciowych  przem\u00f3wieniach, w\u0142a\u015bnie pami\u0119\u0107 przez dziesi\u0119ciolecia chroni\u0142a ofiary od  zapomnienia.<\/p>\r\n\r\n<p>\u201eJe\u015bli zapomn\u0119 o nich, Ty, Bo\u017ce na niebie, zapomnij o mnie\u2026\u201d \u201d\u201d cz\u0119sto  powtarza\u0142a w wywiadach \u015bp. Helena Pasierbska, za\u0142o\u017cycielka i  wieloletnia prezes stowarzyszenia \u201eRodzina Ponarska\u201d. Wilnianka,  \u017co\u0142nierz Armii Krajowej, by\u0142y wi\u0119zie\u0144 na \u0141ukiszkach, otar\u0142a si\u0119 o  gehenn\u0119 ponarsk\u0105. By\u0142a blisko tych ludzi, kt\u00f3rzy w\u015br\u00f3d tysi\u0119cy innych  przyj\u0119li okrutn\u0105 \u015bmier\u0107 z r\u0105k niemieckich i litewskich oprawc\u00f3w. Wiele  lat swej dzia\u0142alno\u015bci w ramach \u201eRodziny Ponarskiej\u201d po\u015bwi\u0119ci\u0142a, by  ocali\u0107 od zapomnienia w\u0142a\u015bnie pami\u0119\u0107 i prawd\u0119 o ludob\u00f3jstwie ponarskim.  \u017bydzi, Polacy, Rosjanie, Romowie \u201d\u201d torturowani i m\u0119czeni, gin\u0119li  codziennie w lasach ponarskich z r\u0105k litewskich kolaborant\u00f3w chc\u0105cych  wys\u0142u\u017cy\u0107 si\u0119 przed swoim nowym niemieckim gospodarzem. Im wi\u0119ksza by\u0142a  ta ch\u0119\u0107, tym wi\u0119ksze by\u0142o ich okrucie\u0144stwo wobec ofiar. \u015awiadcz\u0105 o tym  m. in. zapiski naocznego \u015bwiadka zdarze\u0144 \u201d\u201d Kazimierza Sakowicza, kt\u00f3ry  mieszka\u0142 w pobli\u017cu miejsca zbrodni. Zapisywa\u0142 skrz\u0119tnie to, co widzia\u0142,  za\u015b notatki ukrywa\u0142 w butelkach, kt\u00f3re zakopywa\u0142 w ogrodzie.<\/p>\r\n\r\n<p>Dzi\u015b uznaje si\u0119, \u017ce w czasie II wojny \u015bwiatowej, w latach 1941-1944, z  r\u0105k oddzia\u0142\u00f3w SS i policji niemieckiej wspomaganych przez ochotnicze  litewskie oddzia\u0142y Ypatingasis b\u00c5\u00abrys (Sonderkomando der  Sicherheitsdienst und des SD), w Ponarach zgin\u0119\u0142o ok. 100 000 os\u00f3b.  Ofiary przywo\u017cono poci\u0105gami lub ci\u0119\u017car\u00f3wkami, rozstrzeliwano i masowo  grzebano w olbrzymich do\u0142ach. P\u00f3\u017aniej pr\u00f3bowano zatrze\u0107 \u015blady zbrodni  masowo pal\u0105c zw\u0142oki pomordowanych. Dlatego dzi\u015b do ko\u0144ca nie wiadomo,  ile ofiar poch\u0142on\u0119\u0142y lasy ponarskie. W\u015br\u00f3d ofiar \u017bydzi stanowili od 56  000 do 70 000. Od kilkunastu tysi\u0119cy, do 20 000 ofiar stanowili Polacy,  g\u0142\u00f3wnie inteligencja wile\u0144ska, \u017co\u0142nierze AK, harcerze, m\u0142odzie\u017c szkolna,  duchowni.<\/p>\r\n\r\n<p>Tymczasem litewscy historycy przekonuj\u0105, \u017ce ofiarami ponarskiego  ludob\u00f3jstwa mog\u0142o pa\u015b\u0107 najwy\u017cej 50 tys. os\u00f3b, a w\u015br\u00f3d nich oko\u0142o 35 tys.  \u017byd\u00f3w. Pozosta\u0142e ofiary by\u0142y innych narodowo\u015bci. W tym \u201ekilkaset  Polak\u00f3w\u201d. Wobec tego, zawarte w ksi\u0105\u017cce Heleny Pasierbskiej \u201ePonary \u201d\u201d  wile\u0144ska Golgota\u201d informacje o liczbie polskich ofiar niekt\u00f3rzy litewscy  historycy nazywaj\u0105 \u201eabsolutnym mijaniem si\u0119 z prawd\u0105\u201d i zarzucaj\u0105  autorce ksi\u0105\u017cki \u201erozniecanie nienawi\u015bci\u201d.<\/p>\r\n\r\n<p>Ale jak napisano na jednej ze stron internetowych po\u015bwi\u0119conych  zbrodni ponarskiej, \u201eprawda jest nazywana nienawi\u015bci\u0105 przez tych, kt\u00f3rzy  nienawidz\u0105 prawdy\u201d.<\/p>\r\n\r\n<p>W imi\u0119 tej prawdy, wczoraj przedstawiciele stowarzyszenia \u201eRodzina  Ponarska\u201d, polskich organizacji spo\u0142ecznych na Litwie oraz  przedstawiciele polskiej plac\u00f3wki dyplomatycznej ods\u0142onili w Domu  Kultury Polskiej w Wilnie tablic\u0119 pami\u0105tkow\u0105 ofiarom ludob\u00f3jstwa w  Ponarach.<\/p>","protected":false},"excerpt":{"rendered":"Urywki, s\u0142owa, zdania, has\u0142a\u2026 Najbardziej trafne wci\u0105\u017c do ko\u0144ca nie oddaj\u0105 wymiaru zbrodni ponarskiej. Podobnie jak do ko\u0144ca nie oddaj\u0105 jej wymiaru skromne pomniki w lasach ponarskich, kt\u00f3rych ziemia zbroczona krwi\u0105 oko\u0142o 100 tys. g\u0142\u00f3wnie polskich obywateli, przede wszystkim \u017byd\u00f3w i Polak\u00f3w. Wczoraj, w 71. rocznic\u0119 wybuchu II wojny \u015bwiatowej, w kwaterze polskiej Memoria\u0142u w [&hellip;]","protected":false},"author":1,"featured_media":0,"comment_status":"closed","ping_status":"closed","sticky":false,"template":"","format":"standard","meta":{"_acf_changed":false,"_monsterinsights_skip_tracking":false,"_monsterinsights_sitenote_active":false,"_monsterinsights_sitenote_note":"","_monsterinsights_sitenote_category":0,"ngg_post_thumbnail":0,"footnotes":"","_wp_rev_ctl_limit":""},"categories":[8],"tags":[50,59],"acf":[],"_links":{"self":[{"href":"https:\/\/www.bibula.com\/index.php?rest_route=\/wp\/v2\/posts\/26463"}],"collection":[{"href":"https:\/\/www.bibula.com\/index.php?rest_route=\/wp\/v2\/posts"}],"about":[{"href":"https:\/\/www.bibula.com\/index.php?rest_route=\/wp\/v2\/types\/post"}],"author":[{"embeddable":true,"href":"https:\/\/www.bibula.com\/index.php?rest_route=\/wp\/v2\/users\/1"}],"replies":[{"embeddable":true,"href":"https:\/\/www.bibula.com\/index.php?rest_route=%2Fwp%2Fv2%2Fcomments&post=26463"}],"version-history":[{"count":0,"href":"https:\/\/www.bibula.com\/index.php?rest_route=\/wp\/v2\/posts\/26463\/revisions"}],"wp:attachment":[{"href":"https:\/\/www.bibula.com\/index.php?rest_route=%2Fwp%2Fv2%2Fmedia&parent=26463"}],"wp:term":[{"taxonomy":"category","embeddable":true,"href":"https:\/\/www.bibula.com\/index.php?rest_route=%2Fwp%2Fv2%2Fcategories&post=26463"},{"taxonomy":"post_tag","embeddable":true,"href":"https:\/\/www.bibula.com\/index.php?rest_route=%2Fwp%2Fv2%2Ftags&post=26463"}],"curies":[{"name":"wp","href":"https:\/\/api.w.org\/{rel}","templated":true}]}}