{"id":26277,"date":"2010-08-26T10:22:13","date_gmt":"2010-08-26T14:22:13","guid":{"rendered":"http:\/\/www.bibula.com\/?p=26277"},"modified":"2019-04-03T08:54:17","modified_gmt":"2019-04-03T12:54:17","slug":"muzeum-zydowskie-w-baltimore-otwiera-wystawe-upamietniajaca-papieza-jana-pawla-ii","status":"publish","type":"post","link":"https:\/\/www.bibula.com\/?p=26277","title":{"rendered":"Muzeum \u017bydowskie w Baltimore otwiera wystaw\u0119 upami\u0119tniaj\u0105c\u0105 papie\u017ca Jana Paw\u0142a II"},"content":{"rendered":"<p><small>Dodano: 2010-08-26 10:22 pm<\/small><\/p>\r\n<p><strong>Muzeum \u017bydowskie w Baltimore przygotowuje si\u0119 do otwarcia wystawy maj\u0105cej upami\u0119tni\u0107 posta\u0107 papie\u017ca Jana Paw\u0142a II.<\/strong><\/p>\r\n<p>&#8222;Papie\u017c Jan Pawe\u0142 II zachowany jest w sercach wielu \u017byd\u00f3w&#8221; &#8211; m\u00f3wi Karen Falk, kurator wystawy pt &#8222;B\u0142ogos\u0142awie\u0144stwo dla ka\u017cdego: Jan Pawe\u0142 II i lud \u017cydowski&#8221;, kt\u00f3ra czynna b\u0119dzie w <em>The Jewish Museum of Maryland<\/em> w dniach od 2 wrze\u015bnia do ko\u0144ca roku. Eksponaty sprowadzono z Polski, W\u0142och i Izraela i maj\u0105 na celu podkre\u015bli\u0107 te aspekty postaci papie\u017ca Jana Paw\u0142a II i jego pontyfikatu, kt\u00f3re wskazuj\u0105 na fakt, i\u017c pontyfikat ten sta\u0142 si\u0119 &#8222;prze\u0142omowym w stosunkach katolicko-\u017cydowskich&#8221;. Jak stwierdzaj\u0105 dziennikarze opisuj\u0105cy wystaw\u0119, by\u0142 on pierwszym papie\u017cem, kt\u00f3ry &#8222;z\u0142o\u017cy\u0142 oficjaln\u0105 wizyt\u0119 w Izraelu i pierwszym, kt\u00f3ry poprosi\u0142 o przebaczenie za traktowanie w przesz\u0142o\u015bci \u017byd\u00f3w przez Ko\u015bci\u00f3\u0142 katolicki.&#8221;<\/p>\r\n<p>Jednym z doradc\u00f3w zespo\u0142u okre\u015blaj\u0105cego form\u0119 wystawy by\u0142 kardyna\u0142 William Keeler, dzi\u015b emerytowany biskup Archidiecezji Baltimore, kt\u00f3ry podczas swej d\u0142ugiej dzia\u0142alno\u015bci sprawowa\u0142 m.in. funkcj\u0119 przewodnicz\u0105cego Komitetu do Spraw Ekumenicznego i Mi\u0119dzyreligijnego Dialogu Konferencji Biskup\u00f3w Ameryka\u0144skich. To w\u0142a\u015bnie posta\u0107 i dzia\u0142alno\u015b\u0107 kard. Keelera na wieki pozostanie jedn\u0105 z najwi\u0119kszych skaz w historii Ko\u015bcio\u0142a. Zas\u0142ugi kilkudziesi\u0119cioletniej dzia\u0142alno\u015bci kard. Keelera, przepojone czo\u0142obitnymi kontaktami z r\u00f3\u017cnorakimi grupami \u017cydowskimi oraz heretykami protestanckimi, osi\u0105gn\u0119\u0142y sw\u0105 kulminacj\u0119 w postaci stworzenia s\u0142ynnego dokumentu neguj\u0105cego wprost i bez ogr\u00f3dek konieczno\u015b\u0107 przyj\u0119cia Chrystusa przez \u017cyd\u00f3w celem osi\u0105gni\u0119cia Zbawienia. Za ca\u0142okszta\u0142t pro-\u017cydowskiej dzia\u0142alno\u015bci judaizuj\u0105cej katolik\u00f3w, kard. Keeler otrzyma\u0142 specjaln\u0105 nagrod\u0119 \u017cydowskiej organizacji syjonistycznej Syjoni\u015bci Okr\u0119gu Baltimore (<em>Baltimore Zionist\u2019s District &#8211; BZD <\/em>). Reklamy obwieszczaj\u0105ce przyznanie tej nagrody umieszczone by\u0142y na&nbsp; billboardach przy g\u0142\u00f3wnych autostradach (zob. zdj\u0119cie poni\u017cej).<\/p>\r\n<p>Wystawa sponsorowana jest przez \u017cydowski tygodnik <em>The Baltimore Jewish Times<\/em> oraz oficjany tygodnik archidiecjezji <em>The Catholic Review<\/em>, a stworzona zosta\u0142a wsp\u00f3lnie przez &#8222;katolicki&#8221; uniwersytet <em>Xavier University<\/em> oraz <em>Hillel Center of Cincinnati<\/em>, czyli syjonistyczn\u0105 organizacj\u0119 dzia\u0142aj\u0105c\u0105 w przesz\u0142o 500 uczelniach na \u015bwiecie, b\u0119d\u0105c\u0105 narz\u0119dziem maso\u0144skiej \u017cydowskiej sekty <em>B&#8217;nai B&#8217;rith<\/em>.<\/p>\r\n<p style=\"text-align: center;\"><img fetchpriority=\"high\" decoding=\"async\" class=\"aligncenter\" src=\"http:\/\/www.bibula.com\/images\/00395_Keeler.jpg\" alt=\"\" width=\"520\" height=\"366\"><\/p>","protected":false},"excerpt":{"rendered":"Dodano: 2010-08-26 10:22 pm Muzeum \u017bydowskie w Baltimore przygotowuje si\u0119 do otwarcia wystawy maj\u0105cej upami\u0119tni\u0107 posta\u0107 papie\u017ca Jana Paw\u0142a II. &#8222;Papie\u017c Jan Pawe\u0142 II zachowany jest w sercach wielu \u017byd\u00f3w&#8221; &#8211; m\u00f3wi Karen Falk, kurator wystawy pt &#8222;B\u0142ogos\u0142awie\u0144stwo dla ka\u017cdego: Jan Pawe\u0142 II i lud \u017cydowski&#8221;, kt\u00f3ra czynna b\u0119dzie w The Jewish Museum of Maryland [&hellip;]","protected":false},"author":1,"featured_media":0,"comment_status":"closed","ping_status":"closed","sticky":false,"template":"","format":"standard","meta":{"_acf_changed":false,"_monsterinsights_skip_tracking":false,"_monsterinsights_sitenote_active":false,"_monsterinsights_sitenote_note":"","_monsterinsights_sitenote_category":0,"ngg_post_thumbnail":0,"footnotes":"","_wp_rev_ctl_limit":""},"categories":[7],"tags":[51,101,54],"acf":[],"_links":{"self":[{"href":"https:\/\/www.bibula.com\/index.php?rest_route=\/wp\/v2\/posts\/26277"}],"collection":[{"href":"https:\/\/www.bibula.com\/index.php?rest_route=\/wp\/v2\/posts"}],"about":[{"href":"https:\/\/www.bibula.com\/index.php?rest_route=\/wp\/v2\/types\/post"}],"author":[{"embeddable":true,"href":"https:\/\/www.bibula.com\/index.php?rest_route=\/wp\/v2\/users\/1"}],"replies":[{"embeddable":true,"href":"https:\/\/www.bibula.com\/index.php?rest_route=%2Fwp%2Fv2%2Fcomments&post=26277"}],"version-history":[{"count":0,"href":"https:\/\/www.bibula.com\/index.php?rest_route=\/wp\/v2\/posts\/26277\/revisions"}],"wp:attachment":[{"href":"https:\/\/www.bibula.com\/index.php?rest_route=%2Fwp%2Fv2%2Fmedia&parent=26277"}],"wp:term":[{"taxonomy":"category","embeddable":true,"href":"https:\/\/www.bibula.com\/index.php?rest_route=%2Fwp%2Fv2%2Fcategories&post=26277"},{"taxonomy":"post_tag","embeddable":true,"href":"https:\/\/www.bibula.com\/index.php?rest_route=%2Fwp%2Fv2%2Ftags&post=26277"}],"curies":[{"name":"wp","href":"https:\/\/api.w.org\/{rel}","templated":true}]}}