{"id":26272,"date":"2010-08-26T17:06:22","date_gmt":"2010-08-26T22:06:22","guid":{"rendered":"http:\/\/www.bibula.com\/?p=26272"},"modified":"2010-08-26T17:09:16","modified_gmt":"2010-08-26T22:09:16","slug":"w-brzesciu-zdewastowano-polski-cmentarz","status":"publish","type":"post","link":"https:\/\/www.bibula.com\/?p=26272","title":{"rendered":"W Brze\u015bciu zdewastowano polski cmentarz"},"content":{"rendered":"<p><strong>W  dniu wczorajszym w Brze\u015bciu na Bia\u0142orusi nieznani sprawcy zdewastowali  oko\u0142o 70 nagrobk\u00f3w na polskim zabytkowych cmentarzu przy ul.  Puszkinskiej.<\/strong><\/p>\r\n\r\n<p>&#8222;Dzisiaj t\u0105 spraw\u0105  zaj\u0119\u0142a si\u0119 milicja. R\u00f3wnie\u017c Pani Konsul Generalna Anna Nowakowska mia\u0142a  dzi\u015b rozmow\u0119 na ten temat z w\u0142adzami obwodowymi&#8221; &#8211; powiedzia\u0142a portalowi  Kresy.pl Hanna Paniszewa z brzeskiego oddzia\u0142u Zwi\u0105zku Polak\u00f3w na  Bia\u0142orusi.<\/p>\r\n\r\n<table class=\"alignleft\" style=\"width: 165px; height: 291px;\" border=\"0\" cellspacing=\"3\" cellpadding=\"3\" align=\"left\">\r\n<tbody>\r\n<tr>\r\n<td><img decoding=\"async\" class=\"alignleft\" src=\"http:\/\/www.kresy.pl\/thumbs\/250,250\/artykuly,25\/76991a059a4f26d55ee76c75a7cb8e18jpg\" alt=\"Pomnik nagrobny na Cmentarzu Rzymskokatolickim w Brze\u015bciu\" width=\"150\" height=\"200\" \/><\/td>\r\n<\/tr>\r\n<tr>\r\n<td class=\"podpis_sz\">Pomnik nagrobny na<br \/>\r\n Cmentarzu<br \/>\r\n Rzymskokatolickim<br \/>\r\n w Brze\u015bciu<br \/>\r\n <em>fot. radzima.org<\/em><\/td>\r\n<\/tr>\r\n<\/tbody>\r\n<\/table>\r\n\r\n<p>Cmentarz Rzymskokatolicki w Brze\u015bciu za\u0142o\u017cono XIX wieku na tzw.  Przedmie\u015bciu Kijowskim, we wschodniej cz\u0119\u015bci miasta. Chowano tu licznych  przedstawicieli polskiej inteligencji: lekarzy, urz\u0119dnik\u00f3w, prawnik\u00f3w  oraz \u017co\u0142nierzy z twierdzy brzeskiej.<\/p>\r\n\r\n<p>W 1942 roku, decyzj\u0105 niemieckich w\u0142adz okupacyjnych, ponad 2\/3  nagrobk\u00f3w przeniesiono w inne miejsca. W 1956 roku w\u0142adze sowieckie  zadecydowa\u0142y o zamkni\u0119ciu nekropolii.<\/p>\r\n\r\n<p>Do dzi\u015b ocala\u0142o jednak kilkaset zabytkowych nagrobk\u00f3w, w tym cz\u0119\u015b\u0107 z  po\u0142owy XIX wieku oraz kwatera \u017co\u0142nierzy polskich poleg\u0142ych w wojnie  1918-1920 i neoklasycystyczna kaplica.<\/p>\r\n\r\n<p><br class=\"spacer_\" \/><\/p>\r\n\r\n<p>tr\/Kresy.pl<\/p>","protected":false},"excerpt":{"rendered":"W dniu wczorajszym w Brze\u015bciu na Bia\u0142orusi nieznani sprawcy zdewastowali oko\u0142o 70 nagrobk\u00f3w na polskim zabytkowych cmentarzu przy ul. Puszkinskiej. &#8222;Dzisiaj t\u0105 spraw\u0105 zaj\u0119\u0142a si\u0119 milicja. R\u00f3wnie\u017c Pani Konsul Generalna Anna Nowakowska mia\u0142a dzi\u015b rozmow\u0119 na ten temat z w\u0142adzami obwodowymi&#8221; &#8211; powiedzia\u0142a portalowi Kresy.pl Hanna Paniszewa z brzeskiego oddzia\u0142u Zwi\u0105zku Polak\u00f3w na Bia\u0142orusi. Pomnik [&hellip;]","protected":false},"author":1,"featured_media":0,"comment_status":"closed","ping_status":"closed","sticky":false,"template":"","format":"standard","meta":{"_acf_changed":false,"_monsterinsights_skip_tracking":false,"_monsterinsights_sitenote_active":false,"_monsterinsights_sitenote_note":"","_monsterinsights_sitenote_category":0,"ngg_post_thumbnail":0,"footnotes":"","_wp_rev_ctl_limit":""},"categories":[6],"tags":[100,65],"acf":[],"_links":{"self":[{"href":"https:\/\/www.bibula.com\/index.php?rest_route=\/wp\/v2\/posts\/26272"}],"collection":[{"href":"https:\/\/www.bibula.com\/index.php?rest_route=\/wp\/v2\/posts"}],"about":[{"href":"https:\/\/www.bibula.com\/index.php?rest_route=\/wp\/v2\/types\/post"}],"author":[{"embeddable":true,"href":"https:\/\/www.bibula.com\/index.php?rest_route=\/wp\/v2\/users\/1"}],"replies":[{"embeddable":true,"href":"https:\/\/www.bibula.com\/index.php?rest_route=%2Fwp%2Fv2%2Fcomments&post=26272"}],"version-history":[{"count":0,"href":"https:\/\/www.bibula.com\/index.php?rest_route=\/wp\/v2\/posts\/26272\/revisions"}],"wp:attachment":[{"href":"https:\/\/www.bibula.com\/index.php?rest_route=%2Fwp%2Fv2%2Fmedia&parent=26272"}],"wp:term":[{"taxonomy":"category","embeddable":true,"href":"https:\/\/www.bibula.com\/index.php?rest_route=%2Fwp%2Fv2%2Fcategories&post=26272"},{"taxonomy":"post_tag","embeddable":true,"href":"https:\/\/www.bibula.com\/index.php?rest_route=%2Fwp%2Fv2%2Ftags&post=26272"}],"curies":[{"name":"wp","href":"https:\/\/api.w.org\/{rel}","templated":true}]}}