{"id":26157,"date":"2010-08-29T23:25:16","date_gmt":"2010-08-30T04:25:16","guid":{"rendered":"http:\/\/www.bibula.com\/?p=26157"},"modified":"2010-08-29T10:28:23","modified_gmt":"2010-08-29T15:28:23","slug":"ja-panu-prawde-powiem-reportaz-z-ossowa-robert-wit-wyrostkiewicz","status":"publish","type":"post","link":"https:\/\/www.bibula.com\/?p=26157","title":{"rendered":"&#8222;Ja panu prawd\u0119 powiem&#8230;&#8221; &#8211; Reporta\u017c z Ossowa &#8211; <em>Robert Wit Wyrostkiewicz<\/em>"},"content":{"rendered":"<p><em><strong>&#8211; Ja panu prawd\u0119  powiem, jakmy\u015bmy dzie\u0107mi jeszcze byli, to tamoj by\u0142y mogi\u0142y. To po  wojnie by\u0142o. Takie ma\u0142e kupki ziemi. Teraz ten pomnik zrobili. R\u00f3\u017cnie  bywa\u0142o u nas, ale o pomnikach nikt nie my\u015bla\u0142 &#8211; powiedzia\u0142a mi kobieta w  rozmowie przez p\u0142ot, a w\u0142a\u015bciwie siatk\u0119, przy g\u0142\u00f3wnej drodze na wsi.  Prosi\u0142a, \u017ceby nie podawa\u0107 jej nazwiska, &#8222;bo po co ludzie maj\u0105 m\u00f3wi\u0107, a  teraz tyle szumu wok\u00f3\u0142 nas tutaj&#8221;.<\/strong><\/em><\/p>\r\n\r\n<p>Trzy dni po burzy medialnej z  powodu pomnika 22 bolszewik\u00f3w w Ossowie jad\u0119 obejrze\u0107 przedmiot sporu.  Pomnik wed\u0142ug jednych, mogi\u0142\u0119 wed\u0142ug drugich. &#8211; A wie Pan, ilu tu  Polak\u00f3w le\u017cy? A dzieci nawet nie wiedz\u0105, \u017ce taka wojna w 1920 r. by\u0142a. A  oni teraz pomnik bolszewikom stawiaj\u0105! Komunistom! Ja tam nie by\u0142em  nawet, \u017ceby si\u0119 nie denerwowa\u0107 &#8211; powiedzia\u0142 mi starszy pan, nie  zsiadaj\u0105c nawet z roweru. Pierwszy raz bieg\u0142em z dyktafonem w tempie  rozm\u00f3wcy rowerzysty. Za chwil\u0119 dostrzeg\u0142em staruszk\u0119. Na szcz\u0119\u015bcie dla  mnie du\u017co mniej mobiln\u0105&#8230; &#8211; Ja panu prawd\u0119 powiem, jakmy\u015bmy dzie\u0107mi  jeszcze byli, to tamoj by\u0142y mogi\u0142y. To po wojnie by\u0142o. Takie ma\u0142e kupki  ziemi. Teraz ten pomnik zrobili. R\u00f3\u017cnie bywa\u0142o u nas, ale o pomnikach  nikt nie my\u015bla\u0142 &#8211; powiedzia\u0142a mi kobieta w rozmowie przez p\u0142ot, a  w\u0142a\u015bciwie siatk\u0119, przy g\u0142\u00f3wnej drodze na wsi. Prosi\u0142a, \u017ceby nie podawa\u0107  jej nazwiska, &#8222;bo po co ludzie maj\u0105 m\u00f3wi\u0107, a teraz tyle szumu wok\u00f3\u0142 nas  tutaj&#8221;. Fakt, czyta\u0142em w &#8222;Wyborczej\u201d, jak reporta\u017cystka organu Michnika  kr\u0105\u017cy\u0142a po domach i chyba z niema\u0142ym ukontentowaniem znalaz\u0142a mieszka\u0144ca  wypowiadaj\u0105cego si\u0119 pod jej tezy. Staruszka wskaza\u0142 mi drog\u0119 do  Polakowej G\u00f3rki, miejsca, gdzie 15 sierpnia pr\u00f3bowano ods\u0142oni\u0107 pomnik 22  \u017co\u0142nierzy radzieckich zabitych w bitwie pod Ossowem w czasie wojny  polsko-bolszewickiej w 1920 roku. Nie ods\u0142oni\u0119to. Sekretarz generalny  Rady Ochrony Pami\u0119ci Walk i M\u0119cze\u0144stwa Andrzej Kunert odwo\u0142a\u0142  ods\u0142oni\u0119cie pomnika ze wzgl\u0119du na protest ludzi, transparenty  &#8222;Pomnik-Ha\u0144ba\u201d oraz czerwone gwiazdy wymalowane na tablicy pami\u0105tkowej.  Jad\u0105c od wschodu, za wsi\u0105 rozci\u0105gaj\u0105 si\u0119 \u0142\u0105ki, a za nimi stoi \u015bciana  sosnowego lasu. Tu\u017c dalej znajduje si\u0119 kaplica i cmentarz \u017co\u0142nierzy  polskich. Tutaj za\u015b, patrz\u0105c w stron\u0119 lasu, na \u015brodku zaro\u015bni\u0119tych  chaszczami nieu\u017cytk\u00f3w biegnie utwardzona niedawno droga. Docieraj\u0105c ni\u0105  na miejsce, jestem nieco rozczarowany. Ca\u0142a Polska wrza\u0142a, m\u00f3wi\u0105c o  pomniku dla bolszewik\u00f3w w Ossowie, a media, i znowu zw\u0142aszcza &#8222;Gazeta  Wyborcza&#8221;, rozdziera\u0142y szaty z powodu wymalowania na tablicy pomnikowej  czerwonych gwiazd. Szum opanowa\u0142 z powodu pomnika polsk\u0105 i rosyjsk\u0105  pras\u0119. Tymczasem na tym bezludziu ani \u017cywej duszy\u2026 Ja i obiekt wrzawy &#8211;  pomnik nazywany mogi\u0142\u0105. Po 15 minutach przysz\u0142y dwie m\u0142ode dziewczyny. &#8211;  Ja tu nawet jeszcze nie by\u0142am. Przysz\u0142am zobaczy\u0107, o czym w telewizji  m\u00f3wili &#8211; powiedzia\u0142a mi Magda z Ossowa, od kt\u00f3rej pomimo ca\u0142ej mojej  kokieterii nie uprosi\u0142em podania nazwiska. Za chwil\u0119 z s\u0105siedniego  Wo\u0142omina  przyjecha\u0142 m\u0119\u017cczyzna z dzie\u0107mi. Spacer rowerowy na miejsce  medialnej bomby. &#8211; Sam pomys\u0142 zrobienia mogi\u0142y nie jest chyba g\u0142upi.  Zwyci\u0119\u017conym mo\u017cemy postawi\u0107 krzy\u017c jako ludziom, kt\u00f3rzy tu polegli.  Jestem tu teraz pierwszy raz i tak patrz\u0119 na to i nie mog\u0119 zrozumie\u0107  tego lasu bagnet\u00f3w, jeszcze do tego pochylonych. Co to ma oznacza\u0107? To  sprawia wra\u017cenie, jakby ci \u017co\u0142nierze wci\u0105\u017c parli ze wschodu na zach\u00f3d.  Forma pomnika jest poroniona. To wygl\u0105da, jakby stamt\u0105d wci\u0105\u017c te bagnety  grozi\u0142y. Dziwna sprawa. Mia\u0142a by\u0107 mogi\u0142a, a wyszed\u0142 wyrazisty pomnik,  tylko nie wiadomo, co on ma wyra\u017ca\u0107&#8230; &#8211; powiedzia\u0142 mi pod pomnikiem  Tomasz Sobierajski, mieszkaniec pobliskiego Wo\u0142omina. &#8211; Troch\u0119 wygl\u0105da  to jak co\u015b ku czci tych \u017co\u0142nierzy. Na tablicy mogli da\u0107 informacj\u0119, \u017ce  to \u017co\u0142nierze armii bolszewickiej, kt\u00f3ra najecha\u0142a Polsk\u0119 &#8211; doda\u0142 pan  Tomasz.<\/p>\r\n\r\n<p>Przygl\u0105dam si\u0119 pomnikowi, kt\u00f3ry organizatorzy z uporem maniaka nazywaj\u0105  ostatnio &#8222;mogi\u0142\u0105&#8221; i doszukuj\u0119 si\u0119 tych s\u0142ynnych ju\u017c domalowanych  czerwonych gwiazd. S\u0105 trzy, ale ju\u017c ledwo widoczne. Zmyte zapewne  wysi\u0142kiem samorz\u0105dowych pracownik\u00f3w albo s\u0142u\u017cb porz\u0105dkowych. Czytam  polski i rosyjski tekst. Polskie w\u0142adze musia\u0142y si\u0119 spieszy\u0107, \u017ceby  uczci\u0107 pami\u0119\u0107 naje\u017ad\u017ac\u00f3w. Obok polskiego tekstu na tablicy umieszczono  identyczny w j\u0119zyku rosyjskim. W\u0142a\u015bciwie prawie identyczny, bo z  b\u0142\u0119dami, przynajmniej dwoma. Ale po\u015bpiech nie pomaga t\u0142umaczom. Patrz\u0119  dalej na ten okaza\u0142y pomnik i nie wierz\u0119\u2026 Gdzie ja jestem? Do dzisiaj w  Polsce nie ma prawie \u017cadnych mogi\u0142 upami\u0119tniaj\u0105cych na przyk\u0142ad polskich  \u017co\u0142nierzy z czas\u00f3w Powstania Listopadowego, chocia\u017c wiadomo, gdzie mog\u0105  znajdowa\u0107 si\u0119 ich masowe mogi\u0142y. Tymczasem &#8222;salon\u201d polityczno-medialny z  prezydentem Najja\u015bniejszej Rzeczpospolitej na czele popiera i stawia  bolszewikom monumentalny pomnik z krzy\u017cem prawos\u0142awnym na \u015brodku. A  w\u0142a\u015bnie, po co ten krzy\u017c? &#8211; pyta\u0142em jeszcze sam siebie. Przecie\u017c  czerwoni mordowali cerkiewnych pop\u00f3w, a ateizm by\u0142 podstaw\u0105 ideologii  bolszewickiej. Za krzy\u017c &#8211; jakikolwiek &#8211; bolszewicy tymi swoimi bagnetami  mordowali, rozpruwali ludzi. I te wspomnienia ks. Peszkowskiego  przep\u0142ywaj\u0105 teraz przez moj\u0105 g\u0142ow\u0119, o namalowanym Panu Jezusie w kaplicy  w Ostaszkowie, kt\u00f3ry mia\u0142 dwie wielkie \u017car\u00f3wki zamiast oczu, bo tak  czerwoni uwa\u017cali, \u017ce b\u0119dzie \u015bmieszniej. A teraz stoj\u0119 na ziemi polskiej  pod pomnikiem niedouczenia lub fatalnego rusofilstwa, pomnikiem z  poprzedniej wojny z czerwon\u0105 zaraz\u0105, pomnikiem naje\u017conym bagnetami &#8211; z  krzy\u017cem na \u015brodku&#8230; &#8211; Co dalej? &#8211; zapyta\u0142a mnie przez telefon \u017cona,  my\u015bl\u0105c o godzinie mojego powrotu i kolacji. &#8211; Dalej nic. Przyjd\u0105 i  zrobi\u0105 uroczysto\u015bci inauguracyjne ods\u0142oni\u0119cia pomnika bez wcze\u015bniejszych  zapowiedzi. \u0179eby pozby\u0107 si\u0119 protest\u00f3w &#8211; odpowiedzia\u0142em, pozostaj\u0105c w  swojej zadumie i nie do ko\u0144ca rozumiej\u0105c pytanie mojej ma\u0142\u017conki.<\/p>\r\n\r\n<p>Mo\u017ce nied\u0142ugo ekipa Komorowskiego postawi jaki\u015b inny pomnik na grobie  \u017co\u0142nierzy Wehrmachtu&#8230; a na \u015brodku po\u015br\u00f3d betonowych luf tygrys\u00f3w  wznosi\u0107 si\u0119 b\u0119dzie wielki krzy\u017c\u2026 tym razem \u017celazny.<\/p>\r\n\r\n<p><strong><em>Robert Wit Wyrostkiewicz<\/em><\/strong><\/p>\r\n\r\n<p>Za: &#8222;Nasza Polska&#8221; Nr 34 z 24 sierpnia 2010 r.<\/p>","protected":false},"excerpt":{"rendered":"&#8211; Ja panu prawd\u0119 powiem, jakmy\u015bmy dzie\u0107mi jeszcze byli, to tamoj by\u0142y mogi\u0142y. To po wojnie by\u0142o. Takie ma\u0142e kupki ziemi. Teraz ten pomnik zrobili. R\u00f3\u017cnie bywa\u0142o u nas, ale o pomnikach nikt nie my\u015bla\u0142 &#8211; powiedzia\u0142a mi kobieta w rozmowie przez p\u0142ot, a w\u0142a\u015bciwie siatk\u0119, przy g\u0142\u00f3wnej drodze na wsi. Prosi\u0142a, \u017ceby nie podawa\u0107 [&hellip;]","protected":false},"author":1,"featured_media":0,"comment_status":"closed","ping_status":"closed","sticky":false,"template":"","format":"standard","meta":{"_acf_changed":false,"_monsterinsights_skip_tracking":false,"_monsterinsights_sitenote_active":false,"_monsterinsights_sitenote_note":"","_monsterinsights_sitenote_category":0,"ngg_post_thumbnail":0,"footnotes":"","_wp_rev_ctl_limit":""},"categories":[9],"tags":[65,66,98,144],"acf":[],"_links":{"self":[{"href":"https:\/\/www.bibula.com\/index.php?rest_route=\/wp\/v2\/posts\/26157"}],"collection":[{"href":"https:\/\/www.bibula.com\/index.php?rest_route=\/wp\/v2\/posts"}],"about":[{"href":"https:\/\/www.bibula.com\/index.php?rest_route=\/wp\/v2\/types\/post"}],"author":[{"embeddable":true,"href":"https:\/\/www.bibula.com\/index.php?rest_route=\/wp\/v2\/users\/1"}],"replies":[{"embeddable":true,"href":"https:\/\/www.bibula.com\/index.php?rest_route=%2Fwp%2Fv2%2Fcomments&post=26157"}],"version-history":[{"count":0,"href":"https:\/\/www.bibula.com\/index.php?rest_route=\/wp\/v2\/posts\/26157\/revisions"}],"wp:attachment":[{"href":"https:\/\/www.bibula.com\/index.php?rest_route=%2Fwp%2Fv2%2Fmedia&parent=26157"}],"wp:term":[{"taxonomy":"category","embeddable":true,"href":"https:\/\/www.bibula.com\/index.php?rest_route=%2Fwp%2Fv2%2Fcategories&post=26157"},{"taxonomy":"post_tag","embeddable":true,"href":"https:\/\/www.bibula.com\/index.php?rest_route=%2Fwp%2Fv2%2Ftags&post=26157"}],"curies":[{"name":"wp","href":"https:\/\/api.w.org\/{rel}","templated":true}]}}