{"id":2591,"date":"2008-10-13T15:22:44","date_gmt":"2008-10-13T15:22:44","guid":{"rendered":""},"modified":"-0001-11-30T00:00:00","modified_gmt":"-0001-11-30T04:00:00","slug":"","status":"publish","type":"post","link":"https:\/\/www.bibula.com\/?p=2591","title":{"rendered":"List otwarty z wnioskiem o rozbi\u00f3rk\u0119 pomnik\u00f3w ku czci ludob\u00f3jczych formacji OUN-UPA"},"content":{"rendered":"<P><em>&#8222;Zwracam si\u0119 z wnioskiem o  podj\u0119cie energicznych dzia\u0142a\u0144 maj\u0105cych na celu rozbi\u00f3rk\u0119 innych tego typu  obiekt\u00f3w na terenie Podkarpacia. [&#8230;] Prosz\u0119 \r\n  o informacj\u0119 czy planujecie pa\u0144stwo zaanga\u017cowa\u0107 si\u0119 w proces budowy godnego  upami\u0119tnienia ponad 100 tysi\u0119cy Polak\u00f3w zamordowanych przez nacjonalist\u00f3w  ukrai\u0144skich w latach 1939-1948.&#8221; <\/em><\/P>\r\n<div class=\"quote\">\r\n<p><span lang=\"pl\" xml:lang=\"pl\">Bruksela,  8 pa\u017adziernika 2008 r. <\/span><\/p>\r\n\r\n<p align=\"center\"><strong><u><span lang=\"pl\" xml:lang=\"pl\">List  otwarty<\/span><\/u><\/strong><\/p>\r\n\r\n<p align=\"center\"><strong><span lang=\"pl\" xml:lang=\"pl\">&nbsp;<\/span><\/strong><\/p>\r\n<p align=\"center\"><strong><span lang=\"pl\" xml:lang=\"pl\">Pan  Miros\u0142aw Karapyta<\/span><\/strong><\/p>\r\n<p align=\"center\"><strong><span lang=\"pl\" xml:lang=\"pl\">Wojewoda  Podkarpacki<\/span><\/strong><\/p>\r\n<p align=\"center\"><strong><span lang=\"pl\" xml:lang=\"pl\">Pan  Robert Choma<\/span><\/strong><\/p>\r\n<p align=\"center\"><strong><span lang=\"pl\" xml:lang=\"pl\">Prezydent  Przemy\u015bla<\/span><\/strong><\/p>\r\n<p><span lang=\"pl\" xml:lang=\"pl\">Maj\u0105c na uwadze zaanga\u017cowanie  podleg\u0142ych panom s\u0142u\u017cb wojew\u00f3dzkich i miejskich w zakresie respektowania prawa  w odniesieniu do niszczenia samowoli budowlanych, zw\u0142aszcza w stosunku do  nielegalnie postawionych pomnik\u00f3w (ostatnio cz\u0119\u015bciowy demonta\u017c pomnika ofiar  mord\u00f3w formacji OUN-UPA na Polakach w Przemy\u015blu), zwracam si\u0119 z wnioskiem o  podj\u0119cie energicznych dzia\u0142a\u0144 maj\u0105cych na celu rozbi\u00f3rk\u0119 innych tego typu  obiekt\u00f3w na terenie Podkarpacia. <\/span><\/p>\r\n<p><span lang=\"pl\" xml:lang=\"pl\">Najbardziej  ra\u017c\u0105cym przyk\u0142adem jest pomnik formacji UPA w Hruszowicach. <\/span><\/p>\r\n<p><span lang=\"pl\" xml:lang=\"pl\">Jednocze\u015bnie  wychodz\u0105c naprzeciw zapotrzebowaniom spo\u0142ecznym prosz\u0119 \r\n  o informacj\u0119 czy planujecie pa\u0144stwo zaanga\u017cowa\u0107 si\u0119 w proces budowy godnego  upami\u0119tnienia ponad 100 tysi\u0119cy Polak\u00f3w zamordowanych przez nacjonalist\u00f3w  ukrai\u0144skich w latach 1939-1948. Taki pomnik powinien stan\u0105\u0107 w centrum Przemy\u015bla  lub Rzeszowa, gdy\u017c na terenie naszego wojew\u00f3dztwa, tak\u017ce tysi\u0105cami gin\u0119\u0142a  Polska ludno\u015b\u0107 cywilna.<\/span><\/p>\r\n<p><span lang=\"pl\" xml:lang=\"pl\">Jestem  pewien, i\u017c ewentualne zaanga\u017cowanie pan\u00f3w w budow\u0119 pomnika dla ofiar  ludob\u00f3jstwa nie wp\u0142ynie negatywnie na stosunki z w\u0142adzami rz\u0105dowymi i  samorz\u0105dowymi Ukrainy, gdy\u017c na zachodniej Ukrainie masowo powstaj\u0105  upami\u0119tnienia ku czci formacji z r\u0105k, kt\u00f3rych gin\u0119li masowo Polacy. Tak\u017ce rok  szkolny na zachodniej Ukrainie rozpocz\u0105\u0142 si\u0119 od apeli na cze\u015b\u0107 Bandery. <\/span><\/p>\r\n<p><span lang=\"pl\" xml:lang=\"pl\">Maj\u0105c  na uwadze, i\u017c w kontaktach na szczeblu wojew\u00f3dzkim i miejskim ze stron\u0105  ukrai\u0144sk\u0105 nie przeszkadza panom taki stan rzeczy, tak\u017ce strona ukrai\u0144ska na  pewno b\u0119dzie r\u00f3wnie wyrozumia\u0142a i nie poczyni sobie tego za nietakt.<\/span><\/p>\r\n<p><span lang=\"pl\" xml:lang=\"pl\">Dr Andrzej Zapa\u0142owski, pose\u0142 do Parlamentu Europejskiego<\/span><\/p>\r\n<p>&nbsp;<\/p>\r\n<p><u><span lang=\"pl\" xml:lang=\"pl\">Do wiadomo\u015bci:<\/span><\/u><\/p>\r\n<p><span lang=\"pl\" xml:lang=\"pl\">&#8211; JE a-bp J.  Michalik, metropolita przemyski <\/span><\/p>\r\n<p><span lang=\"pl\" xml:lang=\"pl\">&#8211; Z. Cholewi\u0144ski,  marsza\u0142ek woj. podkarpackiego <\/span><\/p>\r\n<p><span lang=\"pl\" xml:lang=\"pl\">&#8211; S. Bajda, cz\u0142onek  zarz\u0105du woj. podkarpackiego<\/span><\/p>\r\n<p><span lang=\"pl\" xml:lang=\"pl\">&#8211; J. Paczek,  starosta przemyski <\/span><\/p>\r\n<p><span lang=\"pl\" xml:lang=\"pl\">&#8211; radni miasta  Przemy\u015bla i powiatu Przemyskiego <\/span><\/p>\r\n<p><span lang=\"pl\" xml:lang=\"pl\">&#8211; media, prasa,  radio, tv<\/span><\/p>\r\n<p><span lang=\"pl\" xml:lang=\"pl\">&#8211; organizacje  kresowe i kombatanckie;<\/span><\/p>\r\n<\/div>\r\n<p>&nbsp;<\/p>\r\n<p>ZOB. R&Oacute;WNIE\u017b:<\/p>\r\n<ul>\r\n  <li><a class=\"content_sz\" href =\"http:\/\/www.bibula.com\/?p=02575\">Przemy\u015bl: Ogo\u0142ocony pomnik ofiar UPA<\/a><\/li>\r\n  <li><a class=\"content_sz\" href =\"http:\/\/www.bibula.com\/?p=02357\" target=\"_blank\">List otwarty w sprawie 65. rocznicy ludob\u00f3jstwa na Wo\u0142yniu<\/a><\/li>\r\n  <li><a class=\"content_sz\" href =\"http:\/\/www.bibula.com\/?p=02262\" target=\"_blank\">Nie ma w\u0105tpliwo\u015bci, \u017ce ludob\u00f3jstwo<\/a><\/li>\r\n  <li><a class=\"content_sz\" href =\"http:\/\/www.bibula.com\/?p=02241\" target=\"_blank\">Smutna rocznica rzezi Wo\u0142ynia<\/a><\/li>\r\n  <li><a class=\"content_sz\" href =\"http:\/\/www.bibula.com\/?p=02509\" target=\"_blank\">&#8222;Niekt\u00f3rzy cz\u0142onkowie Cerkwi prawos\u0142awnej i obrz\u0105dku  greckokatolickiego niestety maj\u0105 krew na r\u0119kach&#8221; &#8211; <em>rozmowa z ks. Tadeuszem Isakowicz-Zaleskim<\/em><\/a><\/li>\r\n  <li><a class=\"content_sz\" href =\"http:\/\/www.bibula.com\/?p=02470\" target=\"_blank\">Metropolita i zbrodniarze &#8211; <em>ks. Tadeusz Isakowicz-Zaleski<\/em><\/a><\/li>\r\n  <li><a class=\"content_sz\" href =\"http:\/\/www.bibula.com\/?p=02210\" target=\"_blank\">Ukrai\u0144ski festiwal w rocznic\u0119 zbrodni UPA<\/a><\/li>\r\n  <li><a class=\"content_sz\" href =\"http:\/\/www.bibula.com\/?p=02443\" target=\"_blank\">Ludob\u00f3jcze rzezie na Kresach &#8211; <em>Jerzy Robert Nowak<\/em><\/a><\/li>\r\n  <li><a class=\"content_sz\" href =\"http:\/\/www.bibula.com\/?p=02310\" target=\"_blank\">Wielki G\u0142\u00f3d tak, Wo\u0142y\u0144 nie?<\/a><\/li>\r\n  <li><a class=\"content_sz\" href =\"http:\/\/www.bibula.com\/?p=02202\" target=\"_blank\">Troch\u0119 prawdy dla mi\u0142o\u015bnik\u00f3w OUN-UPA<\/a><\/li>\r\n  <li><a class=\"content_sz\" href =\"http:\/\/www.bibula.com\/?p=02210\">Ukrai\u0144ski festiwal w rocznic\u0119 zbrodni UPA<\/a><\/li>\r\n  <li><a class=\"content_sz\" href =\"http:\/\/www.bibula.com\/?p=02214\" target=\"_blank\">Niszczyli wszystko, co polskie<\/a><\/li>\r\n  <li><a class=\"content_sz\" href =\"http:\/\/www.bibula.com\/?p=01268\" set=\"yes\" linkindex=\"21\"><strong>Wirtuozeria zbrodni UPA &#8211; co najmniej 136 metod tortur<\/strong><\/a><\/li>\r\n  <li><a class=\"content_sz\" href =\"http:\/\/www.bibula.com\/?p=02110\" target=\"_blank\">Zwyci\u0119stwo prowokacji &#8211; <em>Jan Engelgard<\/em><\/a><\/li>\r\n  <li><a class=\"content_sz\" href =\"http:\/\/www.bibula.com\/?p=02099\" target=\"_blank\">Nasi &#8222;sojusznicy&#8221; nas nienawidz\u0105 &#8211; <em>Jan Engelgard<\/em><\/a><\/li>\r\n  <li><a class=\"content_sz\" href =\"http:\/\/www.bibula.com\/?p=01856\" target=\"_blank\">APEL o upami\u0119tnienie ofiar ludob\u00f3jstwa dokonanego przez &#8222;Ukrai\u0144sk\u0105 Powsta\u0144cz\u0105 Armi\u0119&#8221;<\/a><\/li>\r\n  <li><a class=\"content_sz\" href =\"http:\/\/www.bibula.com\/?p=01289\" target=\"_blank\">Ukraina stawia pomniki zbrodniarzom<\/a><\/li>\r\n  <li><a class=\"content_sz\" href =\"http:\/\/www.bibula.com\/?p=01267\" target=\"_blank\">Zbrodniarze na piedestale<\/a><\/li>\r\n  <li><a class=\"content_sz\" href =\"http:\/\/www.bibula.com\/?p=01530\" target=\"_blank\">Banderowskie szale\u0144stwo<\/a><\/li>\r\n  <li><a class=\"content_sz\" href =\"http:\/\/www.bibula.com\/?p=01721\" target=\"_blank\">Nie ma tematu pojednania polsko-ukrai\u0144skiego<\/a><\/li>\r\n  <li><a class=\"content_sz\" href =\"http:\/\/www.bibula.com\/?p=02263\" target=\"_blank\">Apel Og\u00f3lnopolskiego Komitetu Budowy Pomnika Ofiar Ludob\u00f3jstwa dokonanego przez OUN-UPA<\/a><\/li>\r\n<\/ul>\r\n<p>&nbsp;<\/p>\r\n<p>&nbsp;<\/p>\r\n\r\n","protected":false},"excerpt":{"rendered":"&#8222;Zwracam si\u0119 z wnioskiem o podj\u0119cie energicznych dzia\u0142a\u0144 maj\u0105cych na celu rozbi\u00f3rk\u0119 innych tego typu obiekt\u00f3w na terenie Podkarpacia. [&#8230;] Prosz\u0119 o informacj\u0119 czy planujecie pa\u0144stwo zaanga\u017cowa\u0107 si\u0119 w proces budowy godnego upami\u0119tnienia ponad 100 tysi\u0119cy Polak\u00f3w zamordowanych przez nacjonalist\u00f3w ukrai\u0144skich w latach 1939-1948.&#8221; Bruksela, 8 pa\u017adziernika 2008 r. List otwarty &nbsp; Pan Miros\u0142aw Karapyta [&hellip;]","protected":false},"author":1,"featured_media":0,"comment_status":"closed","ping_status":"open","sticky":false,"template":"","format":"standard","meta":{"_acf_changed":false,"_monsterinsights_skip_tracking":false,"_monsterinsights_sitenote_active":false,"_monsterinsights_sitenote_note":"","_monsterinsights_sitenote_category":0,"ngg_post_thumbnail":0,"footnotes":"","_wp_rev_ctl_limit":""},"categories":[8],"tags":[17],"acf":[],"_links":{"self":[{"href":"https:\/\/www.bibula.com\/index.php?rest_route=\/wp\/v2\/posts\/2591"}],"collection":[{"href":"https:\/\/www.bibula.com\/index.php?rest_route=\/wp\/v2\/posts"}],"about":[{"href":"https:\/\/www.bibula.com\/index.php?rest_route=\/wp\/v2\/types\/post"}],"author":[{"embeddable":true,"href":"https:\/\/www.bibula.com\/index.php?rest_route=\/wp\/v2\/users\/1"}],"replies":[{"embeddable":true,"href":"https:\/\/www.bibula.com\/index.php?rest_route=%2Fwp%2Fv2%2Fcomments&post=2591"}],"version-history":[{"count":0,"href":"https:\/\/www.bibula.com\/index.php?rest_route=\/wp\/v2\/posts\/2591\/revisions"}],"wp:attachment":[{"href":"https:\/\/www.bibula.com\/index.php?rest_route=%2Fwp%2Fv2%2Fmedia&parent=2591"}],"wp:term":[{"taxonomy":"category","embeddable":true,"href":"https:\/\/www.bibula.com\/index.php?rest_route=%2Fwp%2Fv2%2Fcategories&post=2591"},{"taxonomy":"post_tag","embeddable":true,"href":"https:\/\/www.bibula.com\/index.php?rest_route=%2Fwp%2Fv2%2Ftags&post=2591"}],"curies":[{"name":"wp","href":"https:\/\/api.w.org\/{rel}","templated":true}]}}