{"id":2581,"date":"2008-10-11T10:21:26","date_gmt":"2008-10-11T10:21:26","guid":{"rendered":""},"modified":"-0001-11-30T00:00:00","modified_gmt":"-0001-11-30T04:00:00","slug":"","status":"publish","type":"post","link":"https:\/\/www.bibula.com\/?p=2581","title":{"rendered":"Austria: Jorg Haider nie \u017cyje"},"content":{"rendered":"<p>Jorg Haider przyw\u00f3dca skrajnie prawicowej Partii dla Przysz\u0142o\u015bci  Austrii, gubernator austriackiej Karyntii, zgin\u0105\u0142 w nocy w katastrofie  samochodowej pod Klagenfurtem. Przed drug\u0105 w nocy prowadzone przez  niego auto wypad\u0142o z drogi. <\/p>\r\n\r\n  <p>Podczas  wyprzedzania z du\u017c\u0105 pr\u0119dko\u015bci\u0105 s\u0142u\u017cbowy Volksvagen Phaeton spad\u0142 z  nasypu i przewr\u00f3ci\u0142 si\u0119 na dach. Auto zosta\u0142o niemal ca\u0142kowicie  zmia\u017cd\u017cone. Austriacki polityk zgin\u0105\u0142 w wyniku obra\u017ce\u0144 g\u0142owy i klatki  piersiowej.<\/p>\r\n  <p>Rzecznik Haidera Stefan Petzner powiedzia\u0142, \u017ce  polityk jecha\u0142 do swojego domu w Baerenhal na 90 urodziny matki. By\u0142  sam w samochodzie. Przyczyny wypadku bada policja. <\/p>\r\n  <p>58-letni  doktor praw by\u0142 najbardziej kontrowersyjnym politykiem w Austrii,  idolem cz\u0119\u015bci m\u0142odzie\u017cy i radykalnej inteligencji. Sportowy styl \u017cycia,  szybka jazda samochodem i opalona sylwetka wyr\u00f3\u017cnia\u0142y Haidera z grona  innych przyw\u00f3dc\u00f3w politycznych. Kiedy w 1986 roku stan\u0105\u0142 na czele  Austriackiej Partii Wolno\u015bci jej elektorat liczy\u0142 zaledwie 3% wyborc\u00f3w.  W roku 1995 uzyska\u0142a ju\u017c 22%. Pod tward\u0105 r\u0119k\u0105 Haidera sta\u0142a si\u0119  skrajnie prawicow\u0105, nacjonalistyczn\u0105, najwi\u0119ksz\u0105 si\u0142\u0105 opozycji.<\/p>\r\n  <p>Haider  protestowa\u0142 przeciw rozszerzeniu Unii o nowe kraje cz\u0142onkowskie,  domaga\u0142 si\u0119 zakazu pracy dla imigrant\u00f3w. Chwali\u0142 polityk\u0119 zatrudnienia  III Rzeszy. Nie kry\u0142 si\u0119 ze swoimi pogl\u0105dami antysemickimi, \u017c\u0105da\u0142  wyrzucenia muzu\u0142man\u00f3w z kraju. W roku 1999 jego ugrupowanie wesz\u0142o w  sk\u0142ad prawicowej koalicji kanclerza Wolfganga Schussela co doprowadzi\u0142o  do sankcji Unii Europejskiej. W roku 2008 Haider za\u0142o\u017cy\u0142 nowe  ugrupowanie Parti\u0119 dla Przysz\u0142o\u015bci Austrii (BZO). We wrze\u015bniowych  wyborach parlamentarnych osi\u0105gn\u0105\u0142 ponownie sukces uzyskuj\u0105c 11  procentowe poparcie.&nbsp; <\/p>\r\n  <p>IAR\/GJ<\/p>\r\n  <p>Za: prawy.pl<\/p>\r\n  <p>&nbsp; <\/p>\r\n\r\n","protected":false},"excerpt":{"rendered":"Jorg Haider przyw\u00f3dca skrajnie prawicowej Partii dla Przysz\u0142o\u015bci Austrii, gubernator austriackiej Karyntii, zgin\u0105\u0142 w nocy w katastrofie samochodowej pod Klagenfurtem. Przed drug\u0105 w nocy prowadzone przez niego auto wypad\u0142o z drogi. Podczas wyprzedzania z du\u017c\u0105 pr\u0119dko\u015bci\u0105 s\u0142u\u017cbowy Volksvagen Phaeton spad\u0142 z nasypu i przewr\u00f3ci\u0142 si\u0119 na dach. Auto zosta\u0142o niemal ca\u0142kowicie zmia\u017cd\u017cone. Austriacki polityk zgin\u0105\u0142 [&hellip;]","protected":false},"author":1,"featured_media":0,"comment_status":"closed","ping_status":"open","sticky":false,"template":"","format":"standard","meta":{"_acf_changed":false,"_monsterinsights_skip_tracking":false,"_monsterinsights_sitenote_active":false,"_monsterinsights_sitenote_note":"","_monsterinsights_sitenote_category":0,"ngg_post_thumbnail":0,"footnotes":"","_wp_rev_ctl_limit":""},"categories":[6],"tags":[],"acf":[],"_links":{"self":[{"href":"https:\/\/www.bibula.com\/index.php?rest_route=\/wp\/v2\/posts\/2581"}],"collection":[{"href":"https:\/\/www.bibula.com\/index.php?rest_route=\/wp\/v2\/posts"}],"about":[{"href":"https:\/\/www.bibula.com\/index.php?rest_route=\/wp\/v2\/types\/post"}],"author":[{"embeddable":true,"href":"https:\/\/www.bibula.com\/index.php?rest_route=\/wp\/v2\/users\/1"}],"replies":[{"embeddable":true,"href":"https:\/\/www.bibula.com\/index.php?rest_route=%2Fwp%2Fv2%2Fcomments&post=2581"}],"version-history":[{"count":0,"href":"https:\/\/www.bibula.com\/index.php?rest_route=\/wp\/v2\/posts\/2581\/revisions"}],"wp:attachment":[{"href":"https:\/\/www.bibula.com\/index.php?rest_route=%2Fwp%2Fv2%2Fmedia&parent=2581"}],"wp:term":[{"taxonomy":"category","embeddable":true,"href":"https:\/\/www.bibula.com\/index.php?rest_route=%2Fwp%2Fv2%2Fcategories&post=2581"},{"taxonomy":"post_tag","embeddable":true,"href":"https:\/\/www.bibula.com\/index.php?rest_route=%2Fwp%2Fv2%2Ftags&post=2581"}],"curies":[{"name":"wp","href":"https:\/\/api.w.org\/{rel}","templated":true}]}}