{"id":25786,"date":"2010-08-16T09:59:50","date_gmt":"2010-08-16T14:59:50","guid":{"rendered":"http:\/\/www.bibula.com\/?p=25786"},"modified":"2010-08-16T09:59:50","modified_gmt":"2010-08-16T14:59:50","slug":"przysiega-komorowskiego-niewazna-zawiadomienie-do-prokuratury","status":"publish","type":"post","link":"https:\/\/www.bibula.com\/?p=25786","title":{"rendered":"Przysi\u0119ga Komorowskiego niewa\u017cna? Zawiadomienie do prokuratury"},"content":{"rendered":"<p>Pan<\/p>\r\n\r\n<p>Andrzej Serement<br \/>\r\n Prokurator Generalny<br \/>\r\n Rzeczpospolitej Polskiej<br \/>\r\n Warszawa<\/p>\r\n\r\n<p><br class=\"spacer_\" \/><\/p>\r\n\r\n<p><strong>Zawiadomienie<\/strong><\/p>\r\n\r\n<p>Zawiadamiam  o mo\u017cliwo\u015bci pope\u0142nienia przest\u0119pstwa przez Pana Bronis\u0142awa Mari\u0119  Komorowskiego, kt\u00f3ry pomimo nie z\u0142o\u017cenia przewidzianej prawem, a  zapisanej w Konstytucji Rzeczpospolitej Polskiej, roty przysi\u0119gi  prezydenckiej uzurpuje sobie stanowisko Prezydenta Rzeczpospolitej  Polskiej i dopuszcza si\u0119 wykonywania czynno\u015bci przynale\u017cnych wy\u0142\u0105cznie  do Prezydenta Rzeczpospolitej Polskiej jak na przyk\u0142ad publiczne  przej\u0119cie w dniu 15 sierpnia 2010 zwierzchnictwa nad si\u0142ami zbrojnymi i  nadanie nominacji generalskich.<\/p>\r\n\r\n<p><br class=\"spacer_\" \/><\/p>\r\n\r\n<p><strong>Uzasadnienie<\/strong><\/p>\r\n\r\n<p>W  dniu 06 sierpnia 2010 Pan Bronis\u0142aw Maria Komorowski usi\u0142owa\u0142 przed  Zgromadzeniem Narodowym zebranym w gmachu Sejmu RP z\u0142o\u017cy\u0107 prawem  wymagan\u0105 przysi\u0119g\u0119, lecz w miejsce s\u0142owa \u201edobro\u201d wypowiedzia\u0142 s\u0142owo  \u201edobro\u015b\u0107\u201d co s\u0142yszeli zar\u00f3wno zgromadzeni na sali sejmowej, jak i osoby  ogl\u0105daj\u0105ce i s\u0142uchaj\u0105ce bezpo\u015bredniej relacji z tej uroczysto\u015bci w wielu  mediach.<\/p>\r\n\r\n<p>W zwi\u0105zku z tym nie  spe\u0142ni\u0142 prawem wymaganych warunk\u00f3w aby obj\u0105\u0107 urz\u0105d Prezydenta  Rzeczpospolitej Polskiej i nadal pozostaje jedynie prezydentem-elektem, a  obowi\u0105zki Prezydenta Rzeczpospolitej Polskiej pe\u0142ni zgodnie z  przepisami Konstytucji Marsza\u0142ek Sejmu Rzeczpospolitej Polskiej.<\/p>\r\n\r\n<p>(&#8230;&#8230;&#8230;..)<\/p>\r\n\r\n<p>===============================================================<\/p>\r\n\r\n<p><strong>II.<\/strong><\/p>\r\n\r\n<p><strong>Zawiadomienie<\/strong><\/p>\r\n\r\n<p>Zawiadamiam  o mo\u017cliwo\u015bci pope\u0142nienia przest\u0119pstwa przez Cz\u0142onk\u00f3w Zgromadzenia  Narodowego zebranych w gmachu Sejmu RP w dniu 06 sierpnia 2010  polegaj\u0105cego na po\u015bwiadczeniu nieprawdy w protokole z tego posiedzenia w  kt\u00f3rym stwierdzono, \u017ce Pan Bronis\u0142aw Maria Komorowski z\u0142o\u017cy\u0142  przewidzian\u0105 prawem, a zapisan\u0105 w Konstytucji Rzeczpospolitej Polskiej,  rot\u0119 przysi\u0119gi prezydenckiej.<\/p>\r\n\r\n<p><br class=\"spacer_\" \/><\/p>\r\n\r\n<p><strong>Uzasadnienie<\/strong><\/p>\r\n\r\n<p>W  dniu 06 sierpnia 2010 Pan Bronis\u0142aw Maria Komorowski usi\u0142owa\u0142 przed  Zgromadzeniem Narodowym zebranym w gmachu Sejmu RP z\u0142o\u017cy\u0107 prawem  wymagan\u0105 przysi\u0119g\u0119, lecz w miejsce s\u0142owa \u201edobro\u201d wypowiedzia\u0142 s\u0142owo  \u201edobro\u015b\u0107\u201d co s\u0142yszeli zar\u00f3wno zgromadzeni na sali sejmowej, jak i osoby  ogl\u0105daj\u0105ce i s\u0142uchaj\u0105ce bezpo\u015bredniej relacji z tej uroczysto\u015bci w wielu  mediach.<\/p>\r\n\r\n<p>A mimo to w  sporz\u0105dzonym i podpisanym protokole osoby uprawnione stwierdzi\u0142y, \u017ce  rota przysi\u0119gi zosta\u0142a z\u0142o\u017cona poprawnie, co nie ma odzwierciedlenia w  rzeczywisto\u015bci.<\/p>\r\n\r\n<p>(<em>\u017ar\u00f3d\u0142o<\/em>: <a href=\"http:\/\/www.senat.gov.pl\/k7\/dok\/sten\/100806\/sten.pdf\">www.senat.gov.pl\/k7\/dok\/sten\/100806\/sten.pdf<\/a> ).<\/p>","protected":false},"excerpt":{"rendered":"Pan Andrzej Serement Prokurator Generalny Rzeczpospolitej Polskiej Warszawa Zawiadomienie Zawiadamiam o mo\u017cliwo\u015bci pope\u0142nienia przest\u0119pstwa przez Pana Bronis\u0142awa Mari\u0119 Komorowskiego, kt\u00f3ry pomimo nie z\u0142o\u017cenia przewidzianej prawem, a zapisanej w Konstytucji Rzeczpospolitej Polskiej, roty przysi\u0119gi prezydenckiej uzurpuje sobie stanowisko Prezydenta Rzeczpospolitej Polskiej i dopuszcza si\u0119 wykonywania czynno\u015bci przynale\u017cnych wy\u0142\u0105cznie do Prezydenta Rzeczpospolitej Polskiej jak na przyk\u0142ad publiczne [&hellip;]","protected":false},"author":1,"featured_media":0,"comment_status":"closed","ping_status":"closed","sticky":false,"template":"","format":"standard","meta":{"_acf_changed":false,"_monsterinsights_skip_tracking":false,"_monsterinsights_sitenote_active":false,"_monsterinsights_sitenote_note":"","_monsterinsights_sitenote_category":0,"ngg_post_thumbnail":0,"footnotes":"","_wp_rev_ctl_limit":""},"categories":[8],"tags":[98,144],"acf":[],"_links":{"self":[{"href":"https:\/\/www.bibula.com\/index.php?rest_route=\/wp\/v2\/posts\/25786"}],"collection":[{"href":"https:\/\/www.bibula.com\/index.php?rest_route=\/wp\/v2\/posts"}],"about":[{"href":"https:\/\/www.bibula.com\/index.php?rest_route=\/wp\/v2\/types\/post"}],"author":[{"embeddable":true,"href":"https:\/\/www.bibula.com\/index.php?rest_route=\/wp\/v2\/users\/1"}],"replies":[{"embeddable":true,"href":"https:\/\/www.bibula.com\/index.php?rest_route=%2Fwp%2Fv2%2Fcomments&post=25786"}],"version-history":[{"count":0,"href":"https:\/\/www.bibula.com\/index.php?rest_route=\/wp\/v2\/posts\/25786\/revisions"}],"wp:attachment":[{"href":"https:\/\/www.bibula.com\/index.php?rest_route=%2Fwp%2Fv2%2Fmedia&parent=25786"}],"wp:term":[{"taxonomy":"category","embeddable":true,"href":"https:\/\/www.bibula.com\/index.php?rest_route=%2Fwp%2Fv2%2Fcategories&post=25786"},{"taxonomy":"post_tag","embeddable":true,"href":"https:\/\/www.bibula.com\/index.php?rest_route=%2Fwp%2Fv2%2Ftags&post=25786"}],"curies":[{"name":"wp","href":"https:\/\/api.w.org\/{rel}","templated":true}]}}