{"id":25762,"date":"2010-08-15T22:03:33","date_gmt":"2010-08-16T03:03:33","guid":{"rendered":"http:\/\/www.bibula.com\/?p=25762"},"modified":"2010-08-15T22:03:33","modified_gmt":"2010-08-16T03:03:33","slug":"abp-glodz-walka-z-krzyzem-to-oddech-lenina","status":"publish","type":"post","link":"https:\/\/www.bibula.com\/?p=25762","title":{"rendered":"Abp G\u0142\u00f3d\u017a: Walka z krzy\u017cem to oddech Lenina"},"content":{"rendered":"<p><strong>&#8211; Nar\u00f3d oczekuje narodowego pomnika, w godnym  miejscu w stolicy. Pragnienie narodu trzeba odczytywa\u0107, nie kluczy\u0107, nie  zwleka\u0107 &#8211; m\u00f3wi\u0142 podczas Mszy \u015bw. odprawianej w uroczysto\u015b\u0107  Wniebowzi\u0119cia Naj\u015bwi\u0119tszej Maryi Panny w Bazylice Mariackiej abp S\u0142awoj  Leszek G\u0142\u00f3d\u017a.<\/strong><\/p>\r\n\r\n<p>Arcybiskup zwraca\u0142 uwag\u0119 na publiczne \u015bwiadectwo wiary pielgrzym\u00f3w,  kt\u00f3re jest potrzebne we wsp\u00f3\u0142czesnym \u015bwiecie. &#8211; Dzi\u015b podnosz\u0105 si\u0119 g\u0142osy,  \u017ce to sztandary europejskie: bez Boga, bez krzy\u017ca, bez Ko\u015bcio\u0142a w \u017cyciu  publicznym &#8211; ubolewa\u0142 abp G\u0142\u00f3d\u017a. &#8211; Nie straszy\u0107 upiorami przesz\u0142o\u015bci.  Ledwo wyszli\u015bmy z getta katolicyzmu, do\u015b\u0107 tej neurozy antyreligijnej.  Lewica nie musi by\u0107 ateistyczna, antyreligijna. To oddech Lenina rodzi  takie postawy &#8211; m\u00f3wi\u0142.<\/p>\r\n\r\n<p>Przypomnia\u0142, \u017ce pielgrzymom towarzyszy\u0142 znak krzy\u017ca, znak zbawienia.  Nawi\u0105za\u0142 w tym kontek\u015bcie do krzy\u017ca, kt\u00f3ry w dniach \u017ca\u0142oby narodowej po  10 kwietnia postawili przed Pa\u0142acem Prezydenckim harcerze. &#8211; Ci, kt\u00f3rzy  ten znak tam postawili, mieli pewno\u015b\u0107, \u017ce tamta tragedia, \u017ce tamten b\u00f3l,  winien zosta\u0107 upami\u0119tniony &#8211; powiedzia\u0142 metropolita gda\u0144ski. Doda\u0142, \u017ce  patrzy z b\u00f3lem na obecny zam\u0119t wok\u00f3\u0142 krzy\u017ca na Krakowskim Przedmie\u015bciu.  Na zam\u0119t wok\u00f3\u0142 pragnienia pomnika. &#8211; Komu zale\u017cy na inicjowaniu, a potem  pog\u0142\u0119bianiu nerwicuj\u0105cych podzia\u0142\u00f3w? Dlaczego tak wiele pogardy? &#8211;  pyta\u0142 arcybiskup. &#8211; Trwa niepok\u00f3j, czy tamta tragedia zostanie nale\u017cycie  uszanowana i uczczona. Niepok\u00f3j, czy prawda o tamtym dniu zostanie  nale\u017cycie wyja\u015bniona! Niepok\u00f3j, czy to wielkie duchowe prze\u017cycie, nie  zostanie pomniejszone, zmarnotrawione, przyt\u0142umione, sp\u0142aszczone  dora\u017anym interesem i polityczn\u0105 gr\u0105.<\/p>\r\n\r\n<p>Metropolita gda\u0144ski podkre\u015bla\u0142, \u017ce 10 kwietnia wydarzy\u0142a si\u0119 narodowa  tragedia. &#8211; Dlatego nar\u00f3d oczekuje narodowego pomnika, godnego pomnika w  godnym miejscu w stolicy &#8211; powiedzia\u0142. &#8211; Pragnienie narodu trzeba  odczytywa\u0107, nie kluczy\u0107, nie zwleka\u0107. Trzeba przy\u0142o\u017cy\u0107 ucho do duszy  narodu i ws\u0142uchiwa\u0107 si\u0119, jak bije jego serce. A to serce jest dotkni\u0119te  arytmi\u0105 nieufno\u015bci, oskar\u017ce\u0144, podzia\u0142u i pogardy dla cz\u0119\u015bci jego  obywateli. To nie jest lekarstwo na \u0142ad spo\u0142eczny i pok\u00f3j w sercach &#8211;  doda\u0142.<\/p>\r\n\r\n<p>Apelowa\u0142, by ostatnie wydarzenia by\u0142y dla nas przestrog\u0105. &#8211; Niech to  do\u015bwiadczenie nas zbli\u017cy jeszcze bardziej do Krzy\u017ca &#8211; powiedzia\u0142 i  przypomnia\u0142 czwartkowe o\u015bwiadczenie Prezydium Episkopatu Polski, apel do  rz\u0105dz\u0105cych o znalezienie dr\u00f3g wyj\u015bcia, zapowied\u017a przeniesienia krzy\u017ca  do ko\u015bcio\u0142a \u015bw. Anny w trosce o jego cze\u015b\u0107, godno\u015b\u0107 i \u015bwi\u0119to\u015b\u0107. &#8211;  \u015awi\u0119to\u015b\u0107 nara\u017con\u0105 na prze\u015bmiewcze ataki, na blu\u017anierstwa, dzie\u0142o tzw.  \u201eobro\u0144c\u00f3w tolerancji\u201d &#8211; ubolewa\u0142 metropolita gda\u0144ski. &#8211; Wielkich  powinno\u015bci wobec tamtych ofiar nie da si\u0119 zby\u0107 arogancj\u0105, odseparowaniem  si\u0119 od odczu\u0107 tysi\u0119cy, kordonem s\u0142u\u017cb porz\u0105dkowych i barierek,  pospiesznie wykonan\u0105 tablic\u0105, ods\u0142oni\u0119ciem bez tych, kt\u00f3rzy powinni w  nim uczestniczy\u0107: rodzin ofiar, uczestnik\u00f3w narodowego czuwania &#8211;  podkre\u015bla\u0142 arcybiskup.<\/p>\r\n\r\n<p>TPT\/Onet.pl<\/p>","protected":false},"excerpt":{"rendered":"&#8211; Nar\u00f3d oczekuje narodowego pomnika, w godnym miejscu w stolicy. Pragnienie narodu trzeba odczytywa\u0107, nie kluczy\u0107, nie zwleka\u0107 &#8211; m\u00f3wi\u0142 podczas Mszy \u015bw. odprawianej w uroczysto\u015b\u0107 Wniebowzi\u0119cia Naj\u015bwi\u0119tszej Maryi Panny w Bazylice Mariackiej abp S\u0142awoj Leszek G\u0142\u00f3d\u017a. Arcybiskup zwraca\u0142 uwag\u0119 na publiczne \u015bwiadectwo wiary pielgrzym\u00f3w, kt\u00f3re jest potrzebne we wsp\u00f3\u0142czesnym \u015bwiecie. &#8211; Dzi\u015b podnosz\u0105 si\u0119 [&hellip;]","protected":false},"author":1,"featured_media":0,"comment_status":"closed","ping_status":"closed","sticky":false,"template":"","format":"standard","meta":{"_acf_changed":false,"_monsterinsights_skip_tracking":false,"_monsterinsights_sitenote_active":false,"_monsterinsights_sitenote_note":"","_monsterinsights_sitenote_category":0,"ngg_post_thumbnail":0,"footnotes":"","_wp_rev_ctl_limit":""},"categories":[5],"tags":[132,98],"acf":[],"_links":{"self":[{"href":"https:\/\/www.bibula.com\/index.php?rest_route=\/wp\/v2\/posts\/25762"}],"collection":[{"href":"https:\/\/www.bibula.com\/index.php?rest_route=\/wp\/v2\/posts"}],"about":[{"href":"https:\/\/www.bibula.com\/index.php?rest_route=\/wp\/v2\/types\/post"}],"author":[{"embeddable":true,"href":"https:\/\/www.bibula.com\/index.php?rest_route=\/wp\/v2\/users\/1"}],"replies":[{"embeddable":true,"href":"https:\/\/www.bibula.com\/index.php?rest_route=%2Fwp%2Fv2%2Fcomments&post=25762"}],"version-history":[{"count":0,"href":"https:\/\/www.bibula.com\/index.php?rest_route=\/wp\/v2\/posts\/25762\/revisions"}],"wp:attachment":[{"href":"https:\/\/www.bibula.com\/index.php?rest_route=%2Fwp%2Fv2%2Fmedia&parent=25762"}],"wp:term":[{"taxonomy":"category","embeddable":true,"href":"https:\/\/www.bibula.com\/index.php?rest_route=%2Fwp%2Fv2%2Fcategories&post=25762"},{"taxonomy":"post_tag","embeddable":true,"href":"https:\/\/www.bibula.com\/index.php?rest_route=%2Fwp%2Fv2%2Ftags&post=25762"}],"curies":[{"name":"wp","href":"https:\/\/api.w.org\/{rel}","templated":true}]}}