{"id":25757,"date":"2010-08-15T21:55:49","date_gmt":"2010-08-16T02:55:49","guid":{"rendered":"http:\/\/www.bibula.com\/?p=25757"},"modified":"2010-08-15T21:55:49","modified_gmt":"2010-08-16T02:55:49","slug":"duchowni-w-obronie-pamieci-ofiar-katastrofy","status":"publish","type":"post","link":"https:\/\/www.bibula.com\/?p=25757","title":{"rendered":"Duchowni w obronie pami\u0119ci ofiar katastrofy"},"content":{"rendered":"<p><strong>Dzi\u015b pierwszy raz wysocy duchowni katoliccy  zabrali g\u0142os w obronie krzy\u017ca i upami\u0119tnienia ofiar Smole\u0144ska. Przeor  Jasnej G\u00f3ry o. Roman Majewski zaapelowa\u0142 o obron\u0119 symbolu krzy\u017ca, abp  S\u0142awoj Leszek G\u0142\u00f3d\u017a popar\u0142 budow\u0119 pomnika ofiar, a kard. Dziwisz nazwa\u0142  okre\u015bli\u0142 walk\u0119 z krzy\u017cem jako &#8222;bezprawie&#8221;.<\/strong><\/p>\r\n\r\n<p>O. Roman Majewski podda\u0142 krytyce pr\u00f3by usuwania  krzy\u017cy z miejsc publicznych w imi\u0119 &#8222;poprawno\u015bci politycznej&#8221;, nazywaj\u0105c  je &#8222;tendencjami materialistycznymi&#8221; i por\u00f3wnuj\u0105c do walki z Ko\u015bcio\u0142em w  czasach PRL. Pot\u0119pi\u0142 tak\u017ce nihilizm moralny, spo\u0142eczny i polityczny  tych, kt\u00f3rzy walcz\u0105 z krzy\u017cem z powod\u00f3w ideologicznych.<\/p>\r\n\r\n<p>Homilii przeora wys\u0142ucha\u0142y tysi\u0105ce pielgrzym\u00f3w, kt\u00f3rzy przybyli na Jasn\u0105 G\u00f3r\u0119.<\/p>\r\n\r\n<p>Podczas dzisiejszej mszy do sprawy Krzy\u017ca Smole\u0144skiego nawi\u0105za\u0142 tak\u017ce abp S\u0142awoj Leszek G\u0142\u00f3d\u017a, metropolita gda\u0144ski.<\/p>\r\n\r\n<p><em>&#8222;Nar\u00f3d oczekuje narodowego pomnika, godnego pomnika w godnym  miejscu w stolicy. Pragnienie narodu trzeba odczytywa\u0107, nie kluczy\u0107, nie  zwleka\u0107. Trzeba przy\u0142o\u017cy\u0107 ucho do duszy narodu i ws\u0142uchiwa\u0107 si\u0119, jak  bije jego serce. A to serce jest dotkni\u0119te arytmi\u0105 nieufno\u015bci, oskar\u017ce\u0144,  podzia\u0142u i pogardy dla cz\u0119\u015bci jego obywateli. To nie jest lekarstwo na  \u0142ad spo\u0142eczny i pok\u00f3j w sercach&#8221; &#8211;<\/em> us\u0142yszeli wierni.<\/p>\r\n\r\n<p>&#8222;<em>Tych wielkich powinno\u015bci wobec tamtych ofiar nie da si\u0119 zby\u0107  arogancj\u0105, odseparowaniem si\u0119 od odczu\u0107 tysi\u0119cy, kordonem s\u0142u\u017cb  porz\u0105dkowych i barierek, pospiesznie wykonan\u0105 tablic\u0105, ods\u0142oni\u0119ciem bez  tych, kt\u00f3rzy powinni w nim uczestniczy\u0107: rodzin ofiar, uczestnik\u00f3w  narodowego czuwania. Nie da si\u0119 zby\u0107 osch\u0142o\u015bci\u0105 serc, nie da si\u0119 zby\u0107  przekre\u015bleniem lekcji krzy\u017ca&#8221;<\/em> &#8211; doda\u0142 metropolita. Abp G\u0142\u00f3d\u017a skrytykowa\u0142\u00a0antyklerykalne\u00a0i antychrze\u015bcija\u0144skie\u00a0zap\u0119dy polskiej\u00a0lewicy: &#8211; <em>Do\u015b\u0107 tej neurozy antyreligijnej. Lewica nie musi by\u0107 ateistyczna, antyreligijna. To oddech Lenina rodzi takie postawy.<\/em><br \/>\r\n <br \/>\r\n G\u0142os\u00a0w sprawie krzy\u017ca zabra\u0142 tak\u017ce\u00a0kard. Stanis\u0142aw Dziwisz. <em>&#8222;Walka  z krzy\u017cem i z lud\u017ami wierz\u0105cymi jest wielkim bezprawiem, a w Polsce  dodatkowo brakiem pami\u0119ci o przesz\u0142o\u015bci i o miejscu krzy\u017ca w naszych  narodowych dziejach&#8221;<\/em> &#8211; powiedzia\u0142 podczas odpustu w Kalwarii\u00a0Zebrzydowskiej.<br \/>\r\n <br \/>\r\n (wg, Niezalezna.pl, gazeta.pl, gazetaprawna.pl)<\/p>","protected":false},"excerpt":{"rendered":"Dzi\u015b pierwszy raz wysocy duchowni katoliccy zabrali g\u0142os w obronie krzy\u017ca i upami\u0119tnienia ofiar Smole\u0144ska. Przeor Jasnej G\u00f3ry o. Roman Majewski zaapelowa\u0142 o obron\u0119 symbolu krzy\u017ca, abp S\u0142awoj Leszek G\u0142\u00f3d\u017a popar\u0142 budow\u0119 pomnika ofiar, a kard. Dziwisz nazwa\u0142 okre\u015bli\u0142 walk\u0119 z krzy\u017cem jako &#8222;bezprawie&#8221;. O. Roman Majewski podda\u0142 krytyce pr\u00f3by usuwania krzy\u017cy z miejsc publicznych [&hellip;]","protected":false},"author":1,"featured_media":0,"comment_status":"closed","ping_status":"closed","sticky":false,"template":"","format":"standard","meta":{"_acf_changed":false,"_monsterinsights_skip_tracking":false,"_monsterinsights_sitenote_active":false,"_monsterinsights_sitenote_note":"","_monsterinsights_sitenote_category":0,"ngg_post_thumbnail":0,"footnotes":"","_wp_rev_ctl_limit":""},"categories":[5],"tags":[132,98],"acf":[],"_links":{"self":[{"href":"https:\/\/www.bibula.com\/index.php?rest_route=\/wp\/v2\/posts\/25757"}],"collection":[{"href":"https:\/\/www.bibula.com\/index.php?rest_route=\/wp\/v2\/posts"}],"about":[{"href":"https:\/\/www.bibula.com\/index.php?rest_route=\/wp\/v2\/types\/post"}],"author":[{"embeddable":true,"href":"https:\/\/www.bibula.com\/index.php?rest_route=\/wp\/v2\/users\/1"}],"replies":[{"embeddable":true,"href":"https:\/\/www.bibula.com\/index.php?rest_route=%2Fwp%2Fv2%2Fcomments&post=25757"}],"version-history":[{"count":0,"href":"https:\/\/www.bibula.com\/index.php?rest_route=\/wp\/v2\/posts\/25757\/revisions"}],"wp:attachment":[{"href":"https:\/\/www.bibula.com\/index.php?rest_route=%2Fwp%2Fv2%2Fmedia&parent=25757"}],"wp:term":[{"taxonomy":"category","embeddable":true,"href":"https:\/\/www.bibula.com\/index.php?rest_route=%2Fwp%2Fv2%2Fcategories&post=25757"},{"taxonomy":"post_tag","embeddable":true,"href":"https:\/\/www.bibula.com\/index.php?rest_route=%2Fwp%2Fv2%2Ftags&post=25757"}],"curies":[{"name":"wp","href":"https:\/\/api.w.org\/{rel}","templated":true}]}}