{"id":25730,"date":"2010-08-14T14:56:07","date_gmt":"2010-08-14T19:56:07","guid":{"rendered":"http:\/\/www.bibula.com\/?p=25730"},"modified":"2010-08-14T14:56:07","modified_gmt":"2010-08-14T19:56:07","slug":"solidarnosc-nie-jest-wlasnoscia-walesy","status":"publish","type":"post","link":"https:\/\/www.bibula.com\/?p=25730","title":{"rendered":"Solidarno\u015b\u0107 nie jest w\u0142asno\u015bci\u0105 Wa\u0142\u0119sy"},"content":{"rendered":"<p><strong>Najbardziej u\u017cywanymi przez Lecha Wa\u0142\u0119s\u0119 s\u0142owami s\u0105 s\u0142owa &#8222;ja&#8221; i  &#8222;m\u00f3j&#8221;. \u015awiadczy to o jego ogromnym egocentry\u017amie. W tym duchu nale\u017cy  odczyta\u0107 najnowsz\u0105 jego wypowied\u017a, poprzez kt\u00f3r\u0105 nie tylko odm\u00f3wi\u0142  udzia\u0142u w uroczysto\u015bciach z okazji 30-lecia Zwi\u0105zku, ale i jeszcze raz  podkre\u015bli\u0142 swoje &#8222;prawa w\u0142asno\u015bci&#8221;.<\/strong><\/p>\r\n\r\n<p>Od wielu lat Wa\u0142\u0119sa ma  ewidentny problem sam z sob\u0105. Pompowany przez lata pochlebstwami, tak  przez cynicznych polityk\u00f3w, jak i najr\u00f3\u017cniejszej ma\u015bci klakier\u00f3w,  naprawd\u0119 uwierzy\u0142, \u017ce &#8222;Solidarno\u015b\u0107 to ja&#8221;. Jest to jego osobista  tragedia.<\/p>\r\n\r\n<p>&#8222;Solidarno\u015b\u0107&#8221; &#8211; tak jako Zwi\u0105zek, jak i ruch &#8211; nigdy  nie by\u0142a w\u0142asno\u015bci\u0105 ani jednego cz\u0142owieka, ani grupki os\u00f3b. By\u0142a i jest  w\u0142asno\u015bci\u0105 polskiego spo\u0142ecze\u0144stwa, kt\u00f3re j\u0105 stworzy\u0142o i kt\u00f3re o ni\u0105  walczy\u0142o. Czy Wa\u0142\u0119sa po raz kolejny obrazi si\u0119 czy nie, to dla historii i  wsp\u00f3\u0142czesno\u015bci nie ma ju\u017c wi\u0119kszego znaczenia.<\/p>\r\n\r\n<p>Na jubileuszowy  Zjazd w Gda\u0144sku, kt\u00f3ry odb\u0119dzie si\u0119 w dniach 30-31 sierpnia br. dosta\u0142em  osobiste zaproszenie od przewodnicz\u0105cego Janusza \u015aniadka. Oczywi\u015bcie  wybieram si\u0119. Przede wszystkim, aby odda\u0107 ho\u0142d zwyk\u0142ym szarym  robotnikom. R\u00f3wnie\u017c dlatego, aby zapali\u0107 znicz na grobie Anny  Walentynowicz, od kt\u00f3rej zacz\u0105\u0142 si\u0119 historyczny strajk i kt\u00f3ra ten strajk  uratowa\u0142a, gdy Lech Wa\u0142\u0119sa po trzech dniach chcia\u0142 go ju\u017c zako\u0144czy\u0107.<\/p>\r\n\r\n<p><strong><em>Ks. Tadeusz Isakowicz-Zaleski<\/em><\/strong><\/p>","protected":false},"excerpt":{"rendered":"Najbardziej u\u017cywanymi przez Lecha Wa\u0142\u0119s\u0119 s\u0142owami s\u0105 s\u0142owa &#8222;ja&#8221; i &#8222;m\u00f3j&#8221;. \u015awiadczy to o jego ogromnym egocentry\u017amie. W tym duchu nale\u017cy odczyta\u0107 najnowsz\u0105 jego wypowied\u017a, poprzez kt\u00f3r\u0105 nie tylko odm\u00f3wi\u0142 udzia\u0142u w uroczysto\u015bciach z okazji 30-lecia Zwi\u0105zku, ale i jeszcze raz podkre\u015bli\u0142 swoje &#8222;prawa w\u0142asno\u015bci&#8221;. Od wielu lat Wa\u0142\u0119sa ma ewidentny problem sam z sob\u0105. [&hellip;]","protected":false},"author":1,"featured_media":0,"comment_status":"closed","ping_status":"closed","sticky":false,"template":"","format":"standard","meta":{"_acf_changed":false,"_monsterinsights_skip_tracking":false,"_monsterinsights_sitenote_active":false,"_monsterinsights_sitenote_note":"","_monsterinsights_sitenote_category":0,"ngg_post_thumbnail":0,"footnotes":"","_wp_rev_ctl_limit":""},"categories":[8],"tags":[98,87,36],"acf":[],"_links":{"self":[{"href":"https:\/\/www.bibula.com\/index.php?rest_route=\/wp\/v2\/posts\/25730"}],"collection":[{"href":"https:\/\/www.bibula.com\/index.php?rest_route=\/wp\/v2\/posts"}],"about":[{"href":"https:\/\/www.bibula.com\/index.php?rest_route=\/wp\/v2\/types\/post"}],"author":[{"embeddable":true,"href":"https:\/\/www.bibula.com\/index.php?rest_route=\/wp\/v2\/users\/1"}],"replies":[{"embeddable":true,"href":"https:\/\/www.bibula.com\/index.php?rest_route=%2Fwp%2Fv2%2Fcomments&post=25730"}],"version-history":[{"count":0,"href":"https:\/\/www.bibula.com\/index.php?rest_route=\/wp\/v2\/posts\/25730\/revisions"}],"wp:attachment":[{"href":"https:\/\/www.bibula.com\/index.php?rest_route=%2Fwp%2Fv2%2Fmedia&parent=25730"}],"wp:term":[{"taxonomy":"category","embeddable":true,"href":"https:\/\/www.bibula.com\/index.php?rest_route=%2Fwp%2Fv2%2Fcategories&post=25730"},{"taxonomy":"post_tag","embeddable":true,"href":"https:\/\/www.bibula.com\/index.php?rest_route=%2Fwp%2Fv2%2Ftags&post=25730"}],"curies":[{"name":"wp","href":"https:\/\/api.w.org\/{rel}","templated":true}]}}