{"id":25688,"date":"2010-08-13T21:53:31","date_gmt":"2010-08-14T02:53:31","guid":{"rendered":"http:\/\/www.bibula.com\/?p=25688"},"modified":"2010-08-13T21:53:31","modified_gmt":"2010-08-14T02:53:31","slug":"bojkot-izraela-przestepstwem-we-francji","status":"publish","type":"post","link":"https:\/\/www.bibula.com\/?p=25688","title":{"rendered":"Bojkot Izraela przest\u0119pstwem we Francji?"},"content":{"rendered":"<p><strong>Minister spraw wewn\u0119trznych Francji nazwa\u0142 \u201ezbrodni\u0105\u201d nawo\u0142ywanie do  bojkotu izraelskich produkt\u00f3w, kt\u00f3ry we Francji organizuje grupa  zwi\u0105zana z kampani\u0105 Boycott Divestment Sanctions. W zwi\u0105zku z prowadzon\u0105  przez Izrael terrorystyczn\u0105 polityk\u0105 wzgl\u0119dem Palestyny, na ca\u0142ym  \u015bwiecie organizowane s\u0105 oddolne akcje bojkotu izraelskich produkt\u00f3w;  organizuj\u0105 je najr\u00f3\u017cniejsze grupy i organizacje, wliczaj\u0105c w to m.in.  zwi\u0105zki zawodowe. <\/strong><\/p>\r\n\r\n<p>Minister Brice Hortefeux w li\u015bcie do Centrum  Wiesenthala napisa\u0142, \u017ce jego uwag\u0119 na dzia\u0142ania antyizraelskich  demonstrant\u00f3w zwr\u00f3ci\u0142y akty usuwania izraelskich produkt\u00f3w z niekt\u00f3rych  sklep\u00f3w i publicznego ich niszczenia. O incydentach takich w zesz\u0142ym  miesi\u0105cu poinformowa\u0142 ministra paryski dyrektor Centrum Wiesenthala ds.  mi\u0119dzynarodowych, Shimon Samuels. Mimo, \u017ce dzia\u0142ania takie mog\u0142yby by\u0107  postrzegane jako kradzie\u017c lub akt wandalizmu, minister poszed\u0142 krok  dalej. Powiedzia\u0142 on, \u017ce nawo\u0142ywanie do bojkotu produkt\u00f3w pochodz\u0105cych z  Izraela stanowi akt dyskryminacji i przest\u0119pstwo motywowane rasowo.  Zapowiedzia\u0142 r\u00f3wnie\u017c podj\u0119cie krok\u00f3w prawnych przeciwko demonstrantom  nawo\u0142uj\u0105cym do bojkotu. Samuels okre\u015bli\u0142 wniosek ten jako \u201ebuduj\u0105cy\u201d.  G\u0142os zabra\u0142 r\u00f3wnie\u017c zwi\u0105zany z Centrum rabin Abraham Cooper, kt\u00f3ry  wyrazi\u0142 \u201ezaniepokojenie kontynuacj\u0105 demonizowania Izraela na wielu  p\u0142aszczyznach\u201d oraz nadziej\u0119 na prawn\u0105 reakcj\u0119 francuskiego rz\u0105du  przeciwko organizatorom bojkotu.<\/p>","protected":false},"excerpt":{"rendered":"Minister spraw wewn\u0119trznych Francji nazwa\u0142 \u201ezbrodni\u0105\u201d nawo\u0142ywanie do bojkotu izraelskich produkt\u00f3w, kt\u00f3ry we Francji organizuje grupa zwi\u0105zana z kampani\u0105 Boycott Divestment Sanctions. W zwi\u0105zku z prowadzon\u0105 przez Izrael terrorystyczn\u0105 polityk\u0105 wzgl\u0119dem Palestyny, na ca\u0142ym \u015bwiecie organizowane s\u0105 oddolne akcje bojkotu izraelskich produkt\u00f3w; organizuj\u0105 je najr\u00f3\u017cniejsze grupy i organizacje, wliczaj\u0105c w to m.in. zwi\u0105zki zawodowe. Minister [&hellip;]","protected":false},"author":1,"featured_media":0,"comment_status":"closed","ping_status":"closed","sticky":false,"template":"","format":"standard","meta":{"_acf_changed":false,"_monsterinsights_skip_tracking":false,"_monsterinsights_sitenote_active":false,"_monsterinsights_sitenote_note":"","_monsterinsights_sitenote_category":0,"ngg_post_thumbnail":0,"footnotes":"","_wp_rev_ctl_limit":""},"categories":[6],"tags":[72,16],"acf":[],"_links":{"self":[{"href":"https:\/\/www.bibula.com\/index.php?rest_route=\/wp\/v2\/posts\/25688"}],"collection":[{"href":"https:\/\/www.bibula.com\/index.php?rest_route=\/wp\/v2\/posts"}],"about":[{"href":"https:\/\/www.bibula.com\/index.php?rest_route=\/wp\/v2\/types\/post"}],"author":[{"embeddable":true,"href":"https:\/\/www.bibula.com\/index.php?rest_route=\/wp\/v2\/users\/1"}],"replies":[{"embeddable":true,"href":"https:\/\/www.bibula.com\/index.php?rest_route=%2Fwp%2Fv2%2Fcomments&post=25688"}],"version-history":[{"count":0,"href":"https:\/\/www.bibula.com\/index.php?rest_route=\/wp\/v2\/posts\/25688\/revisions"}],"wp:attachment":[{"href":"https:\/\/www.bibula.com\/index.php?rest_route=%2Fwp%2Fv2%2Fmedia&parent=25688"}],"wp:term":[{"taxonomy":"category","embeddable":true,"href":"https:\/\/www.bibula.com\/index.php?rest_route=%2Fwp%2Fv2%2Fcategories&post=25688"},{"taxonomy":"post_tag","embeddable":true,"href":"https:\/\/www.bibula.com\/index.php?rest_route=%2Fwp%2Fv2%2Ftags&post=25688"}],"curies":[{"name":"wp","href":"https:\/\/api.w.org\/{rel}","templated":true}]}}