{"id":25670,"date":"2010-08-13T14:30:05","date_gmt":"2010-08-13T19:30:05","guid":{"rendered":"http:\/\/www.bibula.com\/?p=25670"},"modified":"2010-08-13T14:30:05","modified_gmt":"2010-08-13T19:30:05","slug":"tablica-na-odczepnego","status":"publish","type":"post","link":"https:\/\/www.bibula.com\/?p=25670","title":{"rendered":"Tablica na odczepnego"},"content":{"rendered":"<p><strong>Ods\u0142oni\u0119cie na <a id=\"a_nsitsp_0\">\u015bcianie<\/a> Pa\u0142acu Namiestnikowskiego tablicy upami\u0119tniaj\u0105cej smole\u0144skie ofiary jest drwin\u0105 z Polak\u00f3w i kompromitacj\u0105 rz\u0105dz\u0105cej ekipy. <\/strong><\/p>\r\n\r\n<p>Jak mo\u017cna chy\u0142kiem, zaskakuj\u0105c  wszystkich, wbudowa\u0107 rzecz, kt\u00f3ra ma by\u0107 ho\u0142dem tragicznie zmar\u0142ych  ofiar? Pomys\u0142odawcy i wykonawcy tego przedsi\u0119wzi\u0119cia chcieli <a id=\"a_nsitsp_2\">najta\u0144szym<\/a> kosztem wygasi\u0107 konflikt trwaj\u0105cy od kilku tygodni.<\/p>\r\n\r\n<p>Ja nie podwa\u017cam s\u0142uszno\u015bci takiej decyzji. Zdumiewa mnie tylko, \u017ce podejmowano j\u0105 w ca\u0142kowitej konspiracji. Ods\u0142oni\u0119cie tej <a id=\"a_nsitsp_1\">tablicy<\/a> powinno mie\u0107 wysok\u0105 rang\u0119 spo\u0142eczn\u0105 i polityczn\u0105.<\/p>\r\n\r\n<p>Tablica,  kt\u00f3ra mia\u0142a w sensie symbolicznym i dos\u0142ownym zast\u0105pi\u0107 krzy\u017c oraz  uspokoi\u0107 napi\u0119cia wok\u00f3\u0142 katastrofy smole\u0144skiej, nie tylko nie  za\u0142agodzi\u0142a sytuacji, ani nie wp\u0142yn\u0119\u0142a \u0142agodz\u0105co na obro\u0144c\u00f3w krzy\u017ca.<\/p>\r\n\r\n<p>Je\u015bli  mo\u017cna by jeszcze zrozumie\u0107 nieobecno\u015b\u0107 polityk\u00f3w w czasie ods\u0142oni\u0119cia,  to nie mo\u017cna pogodzi\u0107 si\u0119 z tym, \u017ce nie zaproszono nikogo z bliskich  ofiar tragedii. To dla nich mog\u0142oby by\u0107, wielkie \u015bwi\u0119to. Tymczasem, ze  wzgl\u0119d\u00f3w czysto politycznych, zignorowano ich. Wr\u0119cz zlekcewa\u017cono. Tym  samym, tak naprawd\u0119, jest to tak\u017ce wyraz zepchni\u0119cia tej tragedii na  jaki\u015b margines.<\/p>\r\n\r\n<p>Administracja nowego prezydenta &#8211; Bronis\u0142awa  Komorowskiego, okaza\u0142a si\u0119 niezwykle sprawna w tworzeniu przedstawienia  na miar\u0119 amatorskiego kabaretu. Zamiast tysi\u0119cy warszawiak\u00f3w  uczestnicz\u0105cych w uroczystym ods\u0142oni\u0119ciu tablicy, skrzykni\u0119to kilku  \u017co\u0142nierzy z kompanii reprezentacyjnej oraz jednego anonimowego ksi\u0119dza.  By\u0107 mo\u017ce tego nie by\u0142o w zamy\u015ble ekipy pa\u0142acu, ale ca\u0142a ta historia  przez wielu mo\u017ce by\u0107 odczytana jako rodzaj prowokacji i dalsze  podsycanie konfliktu.<\/p>\r\n\r\n<p><strong><em>Jerzy Jachowicz<\/em><br \/>\r\ndziennikarz \u015bledczy tvp.info <br \/>\r\n <\/strong><\/p>","protected":false},"excerpt":{"rendered":"Ods\u0142oni\u0119cie na \u015bcianie Pa\u0142acu Namiestnikowskiego tablicy upami\u0119tniaj\u0105cej smole\u0144skie ofiary jest drwin\u0105 z Polak\u00f3w i kompromitacj\u0105 rz\u0105dz\u0105cej ekipy. Jak mo\u017cna chy\u0142kiem, zaskakuj\u0105c wszystkich, wbudowa\u0107 rzecz, kt\u00f3ra ma by\u0107 ho\u0142dem tragicznie zmar\u0142ych ofiar? Pomys\u0142odawcy i wykonawcy tego przedsi\u0119wzi\u0119cia chcieli najta\u0144szym kosztem wygasi\u0107 konflikt trwaj\u0105cy od kilku tygodni. Ja nie podwa\u017cam s\u0142uszno\u015bci takiej decyzji. Zdumiewa mnie tylko, \u017ce [&hellip;]","protected":false},"author":1,"featured_media":0,"comment_status":"closed","ping_status":"closed","sticky":false,"template":"","format":"standard","meta":{"_acf_changed":false,"_monsterinsights_skip_tracking":false,"_monsterinsights_sitenote_active":false,"_monsterinsights_sitenote_note":"","_monsterinsights_sitenote_category":0,"ngg_post_thumbnail":0,"footnotes":"","_wp_rev_ctl_limit":""},"categories":[8],"tags":[98,137,144],"acf":[],"_links":{"self":[{"href":"https:\/\/www.bibula.com\/index.php?rest_route=\/wp\/v2\/posts\/25670"}],"collection":[{"href":"https:\/\/www.bibula.com\/index.php?rest_route=\/wp\/v2\/posts"}],"about":[{"href":"https:\/\/www.bibula.com\/index.php?rest_route=\/wp\/v2\/types\/post"}],"author":[{"embeddable":true,"href":"https:\/\/www.bibula.com\/index.php?rest_route=\/wp\/v2\/users\/1"}],"replies":[{"embeddable":true,"href":"https:\/\/www.bibula.com\/index.php?rest_route=%2Fwp%2Fv2%2Fcomments&post=25670"}],"version-history":[{"count":0,"href":"https:\/\/www.bibula.com\/index.php?rest_route=\/wp\/v2\/posts\/25670\/revisions"}],"wp:attachment":[{"href":"https:\/\/www.bibula.com\/index.php?rest_route=%2Fwp%2Fv2%2Fmedia&parent=25670"}],"wp:term":[{"taxonomy":"category","embeddable":true,"href":"https:\/\/www.bibula.com\/index.php?rest_route=%2Fwp%2Fv2%2Fcategories&post=25670"},{"taxonomy":"post_tag","embeddable":true,"href":"https:\/\/www.bibula.com\/index.php?rest_route=%2Fwp%2Fv2%2Ftags&post=25670"}],"curies":[{"name":"wp","href":"https:\/\/api.w.org\/{rel}","templated":true}]}}