{"id":25617,"date":"2010-08-12T19:10:40","date_gmt":"2010-08-13T00:10:40","guid":{"rendered":"http:\/\/www.bibula.com\/?p=25617"},"modified":"2010-08-12T19:10:40","modified_gmt":"2010-08-13T00:10:40","slug":"list-otwarty-kresowian-do-ministra-kwiatkowskiego","status":"publish","type":"post","link":"https:\/\/www.bibula.com\/?p=25617","title":{"rendered":"List otwarty Kresowian do ministra Kwiatkowskiego"},"content":{"rendered":"<p>Wroc\u0142aw, 09.08.2010<\/p>\r\n\r\n<p>LIST OTWARTY DO MINISTRA SPRAWIEDLIWO\u015aCI<\/p>\r\n\r\n<p><br class=\"spacer_\" \/><\/p>\r\n\r\n<p>Szanowny Pan<\/p>\r\n\r\n<p>Krzysztof Kwiatkowski<br \/>\r\n Minister Sprawiedliwo\u015bci<br \/>\r\n Rzeczypospolitej Polskiej<br \/>\r\n Al. Ujazdowskie 11<br \/>\r\n 00-950 Warszawa<\/p>\r\n\r\n<p><br class=\"spacer_\" \/><\/p>\r\n\r\n<p>Szanowny Panie Ministrze,<\/p>\r\n\r\n<p>gdy ponad dwadzie\u015bcia lat temu rozpocz\u0119\u0142y si\u0119 w Polsce przemiany ustrojowe, nasze spo\u0142ecze\u0144stwo \u017cywi\u0142o nadziej\u0119, \u017ce uda si\u0119 wreszcie przerwa\u0107 zmow\u0119 milczenia i ods\u0142oni\u0107 prawd\u0119 o ludob\u00f3jstwie dokonanym przez Organizacj\u0119 Ukrai\u0144skich Nacjonalist\u00f3w oraz Ukrai\u0144sk\u0105 Powsta\u0144cz\u0105 Armi\u0119 na obywatelach II Rzeczypospolitej narodowo\u015bci polskiej, \u017cydowskiej, ormia\u0144skiej, cyga\u0144skiej, a nawet &#8211; ukrai\u0144skiej. Spo\u0142ecze\u0144stwo nasze wierzy\u0142o r\u00f3wnie\u017c, \u017ce stanie si\u0119 mo\u017cliwe os\u0105dzenie i skazanie rozproszonych po ca\u0142ym \u015bwiecie sprawc\u00f3w tego ludob\u00f3jstwa. Dzi\u015b wida\u0107 wyra\u017anie, \u017ce nadzieje te okaza\u0142y si\u0119 p\u0142onne. Ma\u0142o tego, na Zachodniej Ukrainie szerzy si\u0119 skrajny antypolonizm, gloryfikowani s\u0105 zbrodniarze wojenni dzia\u0142aj\u0105cy w szeregach OUN i UPA. Tego rodzaju postawa ogarn\u0119\u0142a r\u00f3wnie\u017c cz\u0119\u015b\u0107 przedstawicieli mniejszo\u015bci ukrai\u0144skiej w naszym kraju, a zw\u0142aszcza przyw\u00f3dc\u00f3w Zwi\u0105zku Ukrai\u0144c\u00f3w w Polsce oraz redaktor\u00f3w \u201eNaszego\u00a0 S\u0142owa\u201d. Ukszta\u0142towa\u0142a si\u0119 wi\u0119c sytuacja, kt\u00f3ra godzi w polsk\u0105 racj\u0119 stanu i uw\u0142acza elementarnemu poczuciu sprawiedliwo\u015bci.<\/p>\r\n\r\n<p>Wskazana sytuacja jest konsekwencj\u0105 zar\u00f3wno kr\u00f3tkowzroczno\u015bci kolejnych ekip politycznych, jak te\u017c niezborno\u015bci funkcjonuj\u0105cego w Polsce systemu prawnego. Niezdolno\u015b\u0107 polskiego wymiaru sprawiedliwo\u015bci do skutecznego \u015bcigania zbrodniarzy wojennych, dzia\u0142aj\u0105cych w strukturach szowinistycznych organizacji OUN i UPA, a tak\u017ce do efektywnego zwalczania przejaw\u00f3w gloryfikowania tych organizacji oraz propagowania ich faszystowskiej ideologii ma swe \u017ar\u00f3d\u0142o m.in. w:<\/p>\r\n\r\n<p style=\"padding-left: 30px;\">a) braku w <em>Kodeksie karnym<\/em> zapis\u00f3w, kt\u00f3re nadawa\u0142yby dzia\u0142alno\u015bci OUN i UPA jednoznaczn\u0105 kwalifikacj\u0119 prawn\u0105;<\/p>\r\n\r\n<p style=\"padding-left: 30px;\">b) funkcjonowaniu szeregu wykluczaj\u0105cych si\u0119 wzajemnie interpretacji zapis\u00f3w prawnych, dotycz\u0105cych mo\u017cliwo\u015bci \u015bcigania zbrodniarzy dzia\u0142aj\u0105cych w szeregach OUN\u00a0\u00a0\u00a0\u00a0\u00a0\u00a0\u00a0 \u00a0i UPA oraz os\u00f3b dopuszczaj\u0105cych si\u0119 gloryfikowania tych organizacji;<\/p>\r\n\r\n<p style=\"padding-left: 30px;\">c) niewywi\u0105zywaniu si\u0119 przez nasz kraj z um\u00f3w mi\u0119dzynarodowych, zobowi\u0105zuj\u0105cych do \u015bcigania zbrodniarzy wojennych;<\/p>\r\n\r\n<p style=\"padding-left: 30px;\">d) opiesza\u0142o\u015bci prokurator\u00f3w i w\u0142adzy s\u0105downiczej w egzekwowaniu istniej\u0105cych zapis\u00f3w prawnych, dotycz\u0105cych \u015bcigania przest\u0119pstw polegaj\u0105cych zar\u00f3wno na naruszaniu <em>ius in bello<\/em>, jak te\u017c na upowszechnianiu ideologii i symboliki faszystowskiej.<\/p>\r\n\r\n<p>Mi\u0119dzynarodowe trybuna\u0142y od lat skutecznie \u015bcigaj\u0105 zbrodniarzy wojennych bez wzgl\u0119du na to, czy bezpo\u015brednio funkcjonowali oni w strukturach pa\u0144stwa hitlerowskiego, czy te\u017c jedynie pozostawali na jego us\u0142ugach. Znamienne jest cho\u0107by niedawne wytoczenie proces\u00f3w przeciwko cz\u0142onkowi Waffen SS &#8211; Ludwikowi Boere, jak te\u017c przeciwko ukrai\u0144skiemu oprawcy dzia\u0142aj\u0105cemu m.in. w obozach koncentracyjnych w Trawnikach, Sobiborze\u00a0 \u00a0\u00a0i Treblince &#8211; Dymitrowi Demianiukowi, zwanemu \u201eIwanem Gro\u017anym\u201d. Tymczasem polskie s\u0105downictwo w ostatnich dziesi\u0119cioleciach nie by\u0142o w stanie wymierzy\u0107 sprawiedliwo\u015bci ani jednemu zbrodniarzowi wojennemu. W szczeg\u00f3lno\u015bci nie by\u0142o ono zdolne posadzi\u0107 na \u0142awie oskar\u017conych \u017cadnego spo\u015br\u00f3d masowo ujawniaj\u0105cych si\u0119 na terenie Ukrainy i poza ni\u0105 cz\u0142onk\u00f3w OUN oraz UPA. Sytuacja ta stanowi w naszym odczuciu \u015bwiadectwo g\u0142\u0119bokiego kryzysu polskiego aparatu \u015bcigania i polskiego wymiaru sprawiedliwo\u015bci.<\/p>\r\n\r\n<p>Szanowny Panie Ministrze, w obliczu wielu niepokoj\u0105cych zjawisk zwi\u0105zanych\u00a0 z funkcjonowaniem systemu prawnego oraz systemu egzekwowania prawa, zmuszeni jeste\u015bmy zwr\u00f3ci\u0107 si\u0119 do Pana z pro\u015bb\u0105 o wyja\u015bnienie kilku kwestii:<\/p>\r\n\r\n<p>1. Do roku 1997 r. w polskim porz\u0105dku prawnym zagadnienie odpowiedzialno\u015bci za udzia\u0142 w organizacjach przest\u0119pczych oraz zrzeszeniach politycznych, dzia\u0142aj\u0105cych w interesie pa\u0144stwa niemieckiego lub z nim sprzymierzonego, regulowa\u0142 art. 4 \u00a7 1 <em>Dekretu Polskiego Komitetu Wyzwolenia Narodowego z dnia 31 sierpnia 1944 r. o wymiarze kary dla faszystowsko-hitlerowskich zbrodniarzy winnych zab\u00f3jstwa i zn\u0119cania si\u0119 nad ludno\u015bci\u0105 cywiln\u0105 i je\u0144cami oraz dla zdrajc\u00f3w Narodu Polskiego<\/em> (Dz. U. Nr 4, poz. 16 z p\u00f3\u017an. zm.). W \u015bwietle art. 4 \u00a7 2 i \u00a73 tego dekretu za organizacj\u0119 przest\u0119pcz\u0105 nale\u017cy uzna\u0107 grup\u0119 lub organizacj\u0119, kt\u00f3ra ma na celu zbrodnie przeciwko pokojowi, zbrodnie wojenne lub zbrodnie przeciwko ludzko\u015bci, \u00a0\u00a0a tak\u017ce tak\u0105, kt\u00f3ra, maj\u0105c inny cel, zd\u0105\u017ca do osi\u0105gni\u0119cia go przez pope\u0142nienie wymienionych zbrodni. Na mocy wzmiankowanego dekretu s\u0105dy polskie (w szczeg\u00f3lno\u015bci Najwy\u017cszy Trybuna\u0142 Narodowy oraz S\u0105d Najwy\u017cszy) uzna\u0142y za organizacje przest\u0119pcze nie tylko NSDAP, SS, Gestapo i SD, ale tak\u017ce kierownictwo administracji Generalnej Guberni, struktur\u0119 organizacyjn\u0105 oboz\u00f3w koncentracyjnych, organizacj\u0119 Selbstschutz oraz Ukrai\u0144sk\u0105 Powsta\u0144cz\u0105 Armi\u0119 (UPA).<\/p>\r\n\r\n<p>Przepis art. 4 \u00a7 1 <em>Dekretu Polskiego Komitetu Wyzwolenia Narodowego <\/em>utraci\u0142 moc obowi\u0105zuj\u0105c\u0105 na podstawie art. 5 \u00a7 1 pkt 3 ustawy z dnia 6 czerwca 1997 r. <em>Przepisy wprowadzaj\u0105ce Kodeks karny<\/em> (Dz. U. Nr 88, poz. 554, z p\u00f3\u017an. zm.). Rodzi si\u0119 w zwi\u0105zku z tym pytanie, czy w \u015bwietle aktualnych przepis\u00f3w polskiego prawa Ukrai\u0144ska Powsta\u0144cza Armia oraz le\u017c\u0105ca u jej podstaw Organizacja Ukrai\u0144skich Nacjonalist\u00f3w \u00a0przesta\u0142y by\u0107 traktowane jako organizacje przest\u0119pcze o charakterze nacjonalistycznym i faszystowskim. W szczeg\u00f3lno\u015bci za\u015b: czy uchylenie artyku\u0142\u00f3w <em>Dekretu Polskiego Komitetu Wyzwolenia Narodowego<\/em> poci\u0105ga za sob\u0105 anulowanie \u00e2\u02c6\u2019\u00a0 wyrastaj\u0105cych z tego <em>Dekretu<\/em>, ale wydanych\u00a0 niezale\u017cnie od\u00a0 niego \u00e2\u02c6\u2019 orzecze\u0144 Najwy\u017cszego Trybuna\u0142u Narodowego oraz S\u0105du Najwy\u017cszego w sprawie kwalifikacji prawnej dzia\u0142a\u0144 UPA.<\/p>\r\n\r\n<p>Pozytywna odpowied\u017a na te pytania implikuje kolejne kwestie:<\/p>\r\n\r\n<p style=\"padding-left: 30px;\">a) Na jakiej podstawie merytorycznej konstruktorzy aktualnie obowi\u0105zuj\u0105cego <em>Kodeksu karnego <\/em>uchylili dotychczasow\u0105 kwalifikacj\u0119 prawn\u0105 dzia\u0142a\u0144 Ukrai\u0144skiej Powsta\u0144czej Armii?<\/p>\r\n\r\n<p style=\"padding-left: 30px;\">b) Kto jest odpowiedzialny za przygotowanie zmian w systemie prawnym, w kt\u00f3rych wyniku UPA wykluczona zosta\u0142a spo\u015br\u00f3d organizacji zbrodniczych o charakterze przest\u0119pczym?<\/p>\r\n\r\n<p style=\"padding-left: 30px;\">c) W czyim interesie zmiany te zosta\u0142y wprowadzone?<\/p>\r\n\r\n<p><br class=\"spacer_\" \/><\/p>\r\n\r\n<p>2. Ekspertyzy dokonane przez wybitnego znawc\u0119 prawa mi\u0119dzynarodowego &#8211; Prof. Ryszarda Szaw\u0142owskiego &#8211; jednoznacznie wskazuj\u0105, \u017ce zbrodnie dokonane przez cz\u0142onk\u00f3w UPA na Kresach Wschodnich II RP maj\u0105 charakter ludob\u00f3jstwa (<em>genocidum<\/em>). Co wi\u0119cej, wszystkie piony \u015bledcze w IPN, kt\u00f3re prowadz\u0105 \u015bledztwa w sprawie zbrodni pope\u0142nionych przez UPA, tj. oddzia\u0142y: wroc\u0142awski, krakowski, lubelski i rzeszowski, zgodnie kwalifikuj\u0105 te zbrodnie jako akty ludob\u00f3jstwa. Tymczasem w wypowiedziach przedstawicieli polskich w\u0142adz pa\u0144stwowych i w dokumentach przygotowywanych przez polski parlament starannie unika si\u0119 stwierdze\u0144 orzekaj\u0105cych, i\u017c Ukrai\u0144ska Powsta\u0144cza Armia dopu\u015bci\u0142a si\u0119 ludob\u00f3jstwa.<\/p>\r\n\r\n<p>Jest spraw\u0105 oczywist\u0105, \u017ce w pa\u0144stwie prawa o szczeg\u00f3\u0142owych kwalifikacjach, jakie nadawane s\u0105 czynom przest\u0119pczym, nie mog\u0105 decydowa\u0107 koniunkturalne wypowiedzi polityk\u00f3w. Tego rodzaju kwalifikacje musz\u0105 wynika\u0107 z &#8211; zasadzaj\u0105cych si\u0119 na ekspertyzach prawnych &#8211; orzecze\u0144 instytucji wymiaru sprawiedliwo\u015bci. W zwi\u0105zku z tym nasuwaj\u0105 si\u0119 dwa pytania:<\/p>\r\n\r\n<p style=\"padding-left: 30px;\">a) Czy istniej\u0105 okoliczno\u015bci, kt\u00f3re stoj\u0105 na przeszkodzie, aby okrutne rzezie dokonywane przez UPA na Kresach Wschodnich RP uznane zosta\u0142y przez instytucje polskiego wymiaru sprawiedliwo\u015bci za akty ludob\u00f3jstwa?<\/p>\r\n\r\n<p style=\"padding-left: 30px;\">b) Czy i jakie prowadzone s\u0105 post\u0119powania w tej sprawie (kiedy ewentualnie przewiduje si\u0119 ich zako\u0144czenie)?<\/p>\r\n\r\n<p><br class=\"spacer_\" \/><\/p>\r\n\r\n<p>3. Nasz kraj jest zobowi\u0105zany do honorowania <em>Karty Mi\u0119dzynarodowego Trybuna\u0142u Wojskowego<\/em> (podpisanej 8 VIII 1945 r.). Jest on tak\u017ce sygnatariuszem m.in. <em>Konwencji w sprawie \u015bcigania i karania zbrodni ludob\u00f3jstwa <\/em>(z 9 XII 1948 r.). Obliguje ona (art. V) pa\u0144stwo polskie do <em>odpowiedniej konstrukcji prawa oraz realizacji dzia\u0142a\u0144, prowadz\u0105cych do skutecznego karania winnych zbrodni ludob\u00f3jstwa.<\/em> Konwencja ta stanowi te\u017c podstaw\u0119 do wszcz\u0119cia procedur ekstradycyjnych wobec <em>zbrodniarzy wojennych oraz os\u00f3b wsp\u00f3\u0142winnych zbrodni ludob\u00f3jstwa.<\/em><\/p>\r\n\r\n<p>Wiele okoliczno\u015bci, w tym m.in. (a) wyeliminowanie w <em>Kodeksie karnym <\/em>zapis\u00f3w, z kt\u00f3rych jednoznacznie wynika, \u017ce Ukrai\u0144ska Powsta\u0144cza Armia by\u0142a organizacj\u0105 przest\u0119pcz\u0105 o charakterze nacjonalistycznym i faszystowskim, (b) uchylanie si\u0119 przez polskie w\u0142adze pa\u0144stwowe oraz polski wymiar sprawiedliwo\u015bci od podejmowania energicznych dzia\u0142a\u0144 zmierzaj\u0105cych do udowodnienia, i\u017c zbrodnie dokonane UPA by\u0142y aktami ludob\u00f3jstwa,\u00a0\u00a0\u00a0 (c) rezygnacja ze \u015bcigania i ekstradycji banderowc\u00f3w, (d) bierno\u015b\u0107 przedstawicieli aparatu \u015bcigania wobec r\u00f3\u017cnego rodzaju przejaw\u00f3w gloryfikowania UPA oraz jej przyw\u00f3dc\u00f3w, a tak\u017ce wobec upowszechniania jej faszystowskiej symboliki, \u015bwiadczy wyra\u017anie, \u017ce Polska nie wywi\u0105zuje si\u0119 ze swych zobowi\u0105za\u0144.<\/p>\r\n\r\n<p>W zwi\u0105zku z tym powstaje pytanie: Dlaczego pa\u0144stwo polskie &#8211; pa\u0144stwo, podkre\u015blmy, kt\u00f3rego obywatele zostali szczeg\u00f3lnie do\u015bwiadczeni przez okrucie\u0144stwa wojny &#8211; \u0142amie konwencje mi\u0119dzynarodowe, nakazuj\u0105ce odpowiedni\u0105 konstrukcj\u0119 prawa, umo\u017cliwiaj\u0105c\u0105 skuteczne \u015bciganie zbrodni ludob\u00f3jstwa?<\/p>\r\n\r\n<p><br class=\"spacer_\" \/><\/p>\r\n\r\n<p>4. Nawet istniej\u0105ce przepisy prawne umo\u017cliwia\u0142yby dokonywanie ekstradycji i karania cz\u0142onk\u00f3w UPA. Polski system prawa karnego przewiduje odpowiedzialno\u015b\u0107 karn\u0105 cho\u0107by za przynale\u017cno\u015b\u0107 do organizacji przest\u0119pczych. Orzeka o tym na przyk\u0142ad art. 258 K.k. Niekiedy uznaje si\u0119 jednak, \u017ce wskazany artyku\u0142 nie mo\u017ce mie\u0107 zastosowania, bo na Ukrainie UPA nie jest traktowana jako organizacja przest\u0119pcza. Zapomina si\u0119 wi\u0119c, \u017ce cho\u0107 cz\u0142onkowie tej organizacji maj\u0105 dzi\u015b obywatelstwo innych pa\u0144stw, w szczeg\u00f3lno\u015bci &#8211; ukrai\u0144skie, to w czasie pope\u0142niania okrutnych rzezi byli obywatelami polskimi, kt\u00f3rzy dopu\u015bcili si\u0119 kolaboracji \u00a0\u00a0\u00a0\u00a0\u00a0\u00a0\u00a0\u00a0z okupantem hitlerowskim, zdrady pa\u0144stwa, prowadzenia dzia\u0142alno\u015bci terrorystycznej oraz ca\u0142ego szeregu dalszych przest\u0119pstw wymierzonych w interesy narodu i pa\u0144stwa polskiego. Swoj\u0105 drog\u0105, odpowiedzialni s\u0105 tak\u017ce za stosowanie niedopuszczalnych sposob\u00f3w walki, dokonywanie mord\u00f3w i zn\u0119canie si\u0119 nad ludno\u015bci\u0105 cywiln\u0105. Nasuwaj\u0105 si\u0119 zatem pytania:<\/p>\r\n\r\n<p style=\"padding-left: 30px;\">a) Dlaczego organa wymiaru sprawiedliwo\u015bci, dzia\u0142aj\u0105ce od roku 1989 jako instytucje ca\u0142kowicie niezawis\u0142e, z lekcewa\u017ceniem traktuj\u0105 zbrodnie wymierzone przeciwko pa\u0144stwu i narodowi polskiemu?<\/p>\r\n\r\n<p style=\"padding-left: 30px;\">b) Dlaczego prokuratorzy nie \u015bcigaj\u0105 z urz\u0119du os\u00f3b i instytucji, kt\u00f3re na terenie Polski prowadz\u0105 dzia\u0142alno\u015b\u0107 zmierzaj\u0105c\u0105 do heroizacji UPA oraz gloryfikowania jej przyw\u00f3dc\u00f3w?<\/p>\r\n\r\n<p><br class=\"spacer_\" \/><\/p>\r\n\r\n<p>Szanowny Panie Ministrze, prosz\u0105c o udzielenie odpowiedzi na przedstawione pytania oraz o wyja\u015bnienie wysuni\u0119tych tu kwestii, pragniemy podkre\u015bli\u0107, i\u017c uznajemy, \u017ce dzia\u0142alno\u015b\u0107 kierowanego przez Pana resortu ma decyduj\u0105cy wp\u0142yw na kreowanie wizerunku Polski jako demokratycznego pa\u0144stwa prawa.<\/p>\r\n\r\n<p>Jeste\u015bmy zwolennikami budowania dobros\u0105siedzkich stosunk\u00f3w z Ukrain\u0105. Nie s\u0105dzimy jednak, \u017ce powinno si\u0119 ono odbywa\u0107 kosztem tuszowania zbrodni dokonanych przez UPA oraz rezygnowania z d\u0105\u017ce\u0144 do ich os\u0105dzenia i\u00a0 ukarania.<\/p>\r\n\r\n<p>S\u0105dzimy, \u017ce napi\u0119tnowanie przez polskie trybuna\u0142y akt\u00f3w ludob\u00f3jstwa pope\u0142nionego przez UPA b\u0119dzie nie tylko form\u0105 zado\u015b\u0107uczynienia elementarnemu poczuciu sprawiedliwo\u015bci dziejowej, ale stanie si\u0119 ono w oczach spo\u0142eczno\u015bci mi\u0119dzynarodowej \u015bwiadectwem powagi i politycznej wiarygodno\u015bci pa\u0144stwa polskiego, a tak\u017ce wyrazem jego zdolno\u015bci do obrony swej racji stanu.<\/p>\r\n\r\n<p><br class=\"spacer_\" \/><\/p>\r\n\r\n<p>Z powa\u017caniem<\/p>\r\n\r\n<p>Towarzystwo Mi\u0142o\u015bnik\u00f3w Kultury Kresowej &#8211; Stanis\u0142aw Srokowski, prezes, pisarz<\/p>\r\n\r\n<p>Towarzystwo Mi\u0142o\u015bnik\u00f3w Lwowa i Kres\u00f3w Po\u0142udniowo-Wschodnich, Oddzia\u0142 w K\u0119dzierzynie-Ko\u017alu &#8211; Witold Listowski, prezes<\/p>\r\n\r\n<p>Klub &#8222;Samborzan&#8221; Towarzystwa Mi\u0142o\u015bnik\u00f3w Lwowa i Kres\u00f3w Po\u0142udniowo-Wschodnich \u00a0\u00a0\u00a0\u00a0w O\u015bwi\u0119cimiu &#8211; W\u0142odzimierz Paluch, przewodnicz\u0105cy<\/p>\r\n\r\n<p>Towarzystwo Mi\u0142o\u015bnik\u00f3w Lwowa i Kres\u00f3w Po\u0142udniowo-Wschodnich Oddzia\u0142 Stryjan \u00a0\u00a0\u00a0\u00a0\u00a0\u00a0\u00a0\u00a0\u00a0\u00a0&#8211; Janusz Locher, wiceprezes<\/p>\r\n\r\n<p>Towarzystwo Mi\u0142o\u015bnik\u00f3w Lwowa i Kres\u00f3w Po\u0142udniowo-Wschodnich, Oddzia\u0142 w Katowicach &#8211;\u00a0 Stanis\u0142aw Grossmann, prezes<\/p>\r\n\r\n<p>Towarzystwo Mi\u0142o\u015bnik\u00f3w Lwowa i Kres\u00f3w Po\u0142udniowo-Wschodnich,\u00a0 Oddzia\u0142 w Zielonej G\u00f3rze &#8211; Jan Tarnowski, prezes<\/p>\r\n\r\n<p>Stowarzyszenie Kresowian Ziemi Dzier\u017coniowskiej &#8211; Edward Bie\u0144, prezes, cz\u0142onek zarz\u0105du Oddzia\u0142u Ko\u0142omyjan we Wroc\u0142awiu,\u00a0 cz\u0142onek\u00a0 Stowarzyszenia Upami\u0119tnienia Ofiar Zbrodni Ukrai\u0144skich Nacjonalist\u00f3w, cz\u0142onek Krajowego Instytutu Kresowego w Warszawie<\/p>\r\n\r\n<p>Stowarzyszenie Kresowe \u201ePodkamie\u0144\u201d &#8211; Henryk Bajewicz, prezes<\/p>\r\n\r\n<p>\u015awiatowy Kongres Kresowian &#8211; Jan Skalski, prezes, Danuta Skalska, rzecznik<\/p>\r\n\r\n<p>\u015arodowisko \u0179o\u0142nierzy Armii Krajowej Obszaru Lwowskiego z siedzib\u0105 w K\u0119dzierzynie-Ko\u017alu\u00a0 &#8211; W\u0142adys\u0142aw Wilczy\u0144ski, prezes<\/p>\r\n\r\n<p>Towarzystwo Mi\u0142o\u015bnik\u00f3w Ziemi Podhajeckiej &#8211;\u00a0 Ryszard Wiktor Wojciechowski, prezes<\/p>\r\n\r\n<p>Prof. dr hab. Leszek Jazownik<\/p>\r\n\r\n<p>Dr Maria Jazownik<\/p>\r\n\r\n<p>Prof. zw. dr hab. Bogumi\u0142 Grott<\/p>\r\n\r\n<p>Ks. Tadeusz Isakowicz-Zaleski, proboszcz parafii ormia\u0144skokatolickiej dla Polski po\u0142udniowej<\/p>\r\n\r\n<p>Prof. dr hab. Bogus\u0142aw Pa\u017a<\/p>\r\n\r\n<p>Ewa Siemaszko, badacz zbrodni ludob\u00f3jstwa dokonanego przez OUN i UPA<\/p>\r\n\r\n<p>Ewa Szakalicka, dziennikarka, re\u017cyser film\u00f3w dokumentalnych<\/p>\r\n\r\n<p>Ludwik Bednarz, Opole<\/p>\r\n\r\n<p>Iwona Burzy\u0144ska, studentka<\/p>\r\n\r\n<p>Jerzy Czerwi\u0144ski, radny Sejmiku Wojew\u00f3dztwa Opolskiego <br \/>\r\n Piotr Kaleta, Stowarzyszenie Kresowe &#8222;Podkamie\u0144&#8221;<\/p>\r\n\r\n<p>Marek Kawa<\/p>\r\n\r\n<p>Piotr Kolczy\u0144ski, redakcja \u201eJednodni\u00f3wki Narodowej\u201d<\/p>\r\n\r\n<p>Iwona Kopa\u0144ska-Konon, dokumentalistka zbrodni OUN i UPA<\/p>\r\n\r\n<p>Mjr \u0141ukasz Ku\u017amicz,\u00a0 Wo\u0142yniak, autor ksi\u0105\u017cki \u201eZbrodnie bez kary\u201d o zbrodniach OUN-UPA<\/p>\r\n\r\n<p>Irena Kulesza<\/p>\r\n\r\n<p>Ryszard Lenart, cz\u0142onek Stowarzyszenia Przyjaci\u00f3\u0142 Ziemi Drohobyckiej<\/p>\r\n\r\n<p>Ewa Madejska<\/p>\r\n\r\n<p>Katarzyna Madejska<\/p>\r\n\r\n<p>Krystyna Ogonowska<\/p>\r\n\r\n<p>Rados\u0142awa Ogonowska<\/p>\r\n\r\n<p>Tadeusz Ogonowski<\/p>\r\n\r\n<p>Katarzyna Radowiecka<\/p>\r\n\r\n<p>Rafa\u0142 Staszewski<\/p>\r\n\r\n<p>Adam \u015amiech, redakcja\u00a0 \u201eJednodni\u00f3wki Narodowej\u201d<\/p>\r\n\r\n<p>Kazimierz \u015awierniak, cz\u0142onek Towarzystwa Mi\u0142o\u015bnik\u00f3w Lwowa i Kres\u00f3w Po\u0142udniowo-Wschodnich, Oddzia\u0142 w Szczecinie,\u00a0 cz\u0142onek korespondent Zarz\u0105du G\u0142\u00f3wnego TMLiKPW<\/p>\r\n\r\n<p>we Wroc\u0142awiu, cz\u0142onek Stowarzyszenia Przyjaci\u00f3\u0142 Ziemi Drohobyckiej we Wroc\u0142awiu<\/p>\r\n\r\n<p>Stanis\u0142awa Tokarczuk, uciekinierka z rzezi wo\u0142y\u0144skiego ludob\u00f3jstwa<\/p>\r\n\r\n<p>Wies\u0142aw Tokarczuk, cz\u0142onek\u00a0 Stowarzyszenia Upami\u0119tnienia Ofiar Zbrodni Ukrai\u0144skich Nacjonalist\u00f3w<\/p>\r\n\r\n<p>Krystian Tyszkiewicz<\/p>\r\n\r\n<p>Czes\u0142aw Zarzycki<\/p>\r\n\r\n<p>Jadwiga Zarzycka<\/p>\r\n\r\n<p>Marzena Zawodzi\u0144ska, redakcja \u201eJednodni\u00f3wki Narodowej\u201d<\/p>\r\n\r\n<p>Andrzej Zielonka, wiceprzewodnicz\u0105cy Sejmiku\u00a0 Wojew\u00f3dztwa Opolskiego, odznaczony w 2009 r. z\u0142ot\u0105 odznak\u0105 Kresowian<\/p>\r\n\r\n<p>Andrzej \u0179upa\u0144ski<\/p>\r\n\r\n<p><br class=\"spacer_\" \/><\/p>\r\n\r\n<p>Do wiadomo\u015bci:<\/p>\r\n\r\n<p>1.\u00a0\u00a0\u00a0\u00a0\u00a0 Prezydent Rzeczypospolitej Polskiej &#8211; Pan Bronis\u0142aw Komorowski<\/p>\r\n\r\n<p>2.\u00a0\u00a0\u00a0\u00a0\u00a0 Premier Rzeczypospolitej Polskiej &#8211; Pan Donald Tusk<\/p>\r\n\r\n<p>3.\u00a0\u00a0\u00a0\u00a0\u00a0 Przedstawiciele medi\u00f3w<\/p>","protected":false},"excerpt":{"rendered":"Wroc\u0142aw, 09.08.2010 LIST OTWARTY DO MINISTRA SPRAWIEDLIWO\u015aCI Szanowny Pan Krzysztof Kwiatkowski Minister Sprawiedliwo\u015bci Rzeczypospolitej Polskiej Al. Ujazdowskie 11 00-950 Warszawa Szanowny Panie Ministrze, gdy ponad dwadzie\u015bcia lat temu rozpocz\u0119\u0142y si\u0119 w Polsce przemiany ustrojowe, nasze spo\u0142ecze\u0144stwo \u017cywi\u0142o nadziej\u0119, \u017ce uda si\u0119 wreszcie przerwa\u0107 zmow\u0119 milczenia i ods\u0142oni\u0107 prawd\u0119 o ludob\u00f3jstwie dokonanym przez Organizacj\u0119 Ukrai\u0144skich Nacjonalist\u00f3w [&hellip;]","protected":false},"author":1,"featured_media":0,"comment_status":"closed","ping_status":"closed","sticky":false,"template":"","format":"standard","meta":{"_acf_changed":false,"_monsterinsights_skip_tracking":false,"_monsterinsights_sitenote_active":false,"_monsterinsights_sitenote_note":"","_monsterinsights_sitenote_category":0,"ngg_post_thumbnail":0,"footnotes":"","_wp_rev_ctl_limit":""},"categories":[8],"tags":[98,102,17],"acf":[],"_links":{"self":[{"href":"https:\/\/www.bibula.com\/index.php?rest_route=\/wp\/v2\/posts\/25617"}],"collection":[{"href":"https:\/\/www.bibula.com\/index.php?rest_route=\/wp\/v2\/posts"}],"about":[{"href":"https:\/\/www.bibula.com\/index.php?rest_route=\/wp\/v2\/types\/post"}],"author":[{"embeddable":true,"href":"https:\/\/www.bibula.com\/index.php?rest_route=\/wp\/v2\/users\/1"}],"replies":[{"embeddable":true,"href":"https:\/\/www.bibula.com\/index.php?rest_route=%2Fwp%2Fv2%2Fcomments&post=25617"}],"version-history":[{"count":0,"href":"https:\/\/www.bibula.com\/index.php?rest_route=\/wp\/v2\/posts\/25617\/revisions"}],"wp:attachment":[{"href":"https:\/\/www.bibula.com\/index.php?rest_route=%2Fwp%2Fv2%2Fmedia&parent=25617"}],"wp:term":[{"taxonomy":"category","embeddable":true,"href":"https:\/\/www.bibula.com\/index.php?rest_route=%2Fwp%2Fv2%2Fcategories&post=25617"},{"taxonomy":"post_tag","embeddable":true,"href":"https:\/\/www.bibula.com\/index.php?rest_route=%2Fwp%2Fv2%2Ftags&post=25617"}],"curies":[{"name":"wp","href":"https:\/\/api.w.org\/{rel}","templated":true}]}}