{"id":25491,"date":"2010-08-10T07:13:24","date_gmt":"2010-08-10T12:13:24","guid":{"rendered":"http:\/\/www.bibula.com\/?p=25491"},"modified":"2010-08-10T07:13:24","modified_gmt":"2010-08-10T12:13:24","slug":"marek-jurek-apeluje-do-wladz-publicznych-o-zapewnienie-bezpieczenstwa-osobom-przychodzacym-pod-palac-prezydencki","status":"publish","type":"post","link":"https:\/\/www.bibula.com\/?p=25491","title":{"rendered":"Marek Jurek: Apeluj\u0119 do w\u0142adz publicznych o zapewnienie bezpiecze\u0144stwa osobom przychodz\u0105cym pod Pa\u0142ac Prezydencki"},"content":{"rendered":"<p>Apeluj\u0119 do w\u0142adz publicznych o zapewnienie bezpiecze\u0144stwa osobom przychodz\u0105cym pod Pa\u0142ac Prezydencki. <strong>Kampania   skierowana przeciw obecno\u015bci krzy\u017ca w tym miejscu spowodowa\u0142a mno\u017c\u0105ce   si\u0119 akty chuliga\u0144stwa, po\u0142\u0105czone z otwarcie manifestowan\u0105 wrogo\u015bci\u0105   wobec zwolennik\u00f3w obecno\u015bci krzy\u017ca. W ostatni pi\u0105tek ofiar\u0105 fizycznej   agresji przed Pa\u0142acem Prezydenckim pad\u0142 Piotr Strzembosz, lider Prawicy   Rzeczypospolitej w Warszawie.<\/strong> O wydarzeniu tym zosta\u0142a zawiadomiona Policja.<\/p>\r\n\r\n<p>Jednocze\u015bnie apeluj\u0119 do Prezydenta Rzeczypospolitej i do premiera Jaros\u0142awa Kaczy\u0144skiego jako przyw\u00f3dcy opozycji, <strong>by wsp\u00f3lnie przeciwstawili si\u0119 rosn\u0105cej agresji i wrogo\u015bci w \u017cyciu publicznym<\/strong>.   Jako politycy, kt\u00f3rzy w drugiej turze wybor\u00f3w konkurowali pod has\u0142ami   zgody narodowej i zako\u0144czenia wojny polsko-polskiej, s\u0105 w spos\u00f3b   szczeg\u00f3lny powo\u0142ani do podj\u0119cia wsp\u00f3\u0142dzia\u0142ania w tej sprawie.<\/p>\r\n\r\n<p>(-) Marek Jurek<\/p>\r\n\r\n<p>Przewodnicz\u0105cy Prawicy Rzeczypospolitej<\/p>\r\n\r\n<p>Warszawa, 9 sierpnia RP 2010<\/p>","protected":false},"excerpt":{"rendered":"Apeluj\u0119 do w\u0142adz publicznych o zapewnienie bezpiecze\u0144stwa osobom przychodz\u0105cym pod Pa\u0142ac Prezydencki. Kampania skierowana przeciw obecno\u015bci krzy\u017ca w tym miejscu spowodowa\u0142a mno\u017c\u0105ce si\u0119 akty chuliga\u0144stwa, po\u0142\u0105czone z otwarcie manifestowan\u0105 wrogo\u015bci\u0105 wobec zwolennik\u00f3w obecno\u015bci krzy\u017ca. W ostatni pi\u0105tek ofiar\u0105 fizycznej agresji przed Pa\u0142acem Prezydenckim pad\u0142 Piotr Strzembosz, lider Prawicy Rzeczypospolitej w Warszawie. O wydarzeniu tym zosta\u0142a [&hellip;]","protected":false},"author":1,"featured_media":0,"comment_status":"closed","ping_status":"closed","sticky":false,"template":"","format":"standard","meta":{"_acf_changed":false,"_monsterinsights_skip_tracking":false,"_monsterinsights_sitenote_active":false,"_monsterinsights_sitenote_note":"","_monsterinsights_sitenote_category":0,"ngg_post_thumbnail":0,"footnotes":"","_wp_rev_ctl_limit":""},"categories":[8],"tags":[132,98],"acf":[],"_links":{"self":[{"href":"https:\/\/www.bibula.com\/index.php?rest_route=\/wp\/v2\/posts\/25491"}],"collection":[{"href":"https:\/\/www.bibula.com\/index.php?rest_route=\/wp\/v2\/posts"}],"about":[{"href":"https:\/\/www.bibula.com\/index.php?rest_route=\/wp\/v2\/types\/post"}],"author":[{"embeddable":true,"href":"https:\/\/www.bibula.com\/index.php?rest_route=\/wp\/v2\/users\/1"}],"replies":[{"embeddable":true,"href":"https:\/\/www.bibula.com\/index.php?rest_route=%2Fwp%2Fv2%2Fcomments&post=25491"}],"version-history":[{"count":0,"href":"https:\/\/www.bibula.com\/index.php?rest_route=\/wp\/v2\/posts\/25491\/revisions"}],"wp:attachment":[{"href":"https:\/\/www.bibula.com\/index.php?rest_route=%2Fwp%2Fv2%2Fmedia&parent=25491"}],"wp:term":[{"taxonomy":"category","embeddable":true,"href":"https:\/\/www.bibula.com\/index.php?rest_route=%2Fwp%2Fv2%2Fcategories&post=25491"},{"taxonomy":"post_tag","embeddable":true,"href":"https:\/\/www.bibula.com\/index.php?rest_route=%2Fwp%2Fv2%2Ftags&post=25491"}],"curies":[{"name":"wp","href":"https:\/\/api.w.org\/{rel}","templated":true}]}}