{"id":25489,"date":"2010-08-10T07:10:38","date_gmt":"2010-08-10T12:10:38","guid":{"rendered":"http:\/\/www.bibula.com\/?p=25489"},"modified":"2010-08-10T07:10:38","modified_gmt":"2010-08-10T12:10:38","slug":"w-nocy-odbyla-sie-demonstracja-przed-palacem-prezydenckim","status":"publish","type":"post","link":"https:\/\/www.bibula.com\/?p=25489","title":{"rendered":"W nocy odby\u0142a si\u0119 demonstracja przed Pa\u0142acem Prezydenckim"},"content":{"rendered":"<div><strong>Kilka tysi\u0119cy os\u00f3b demonstrowa\u0142o w nocy z poniedzia\u0142ku na wtorek przed  Pa\u0142acem Prezydenckim, domagaj\u0105c si\u0119 przeniesienia krzy\u017ca ustawionego po  katastrofie smole\u0144skiej. Ich przeciwnicy odpowiadali skandowaniem i  \u015bpiewami. Nie dosz\u0142o do wi\u0119kszych incydent\u00f3w.<\/strong><\/div>\r\n<div>\r\n<p>Przeciwnicy obecno\u015bci krzy\u017ca przed pa\u0142acem nie stronili od happening\u00f3w i  drwin. Do transparentu &#8222;Zburzy\u0107 pa\u0142ac prezydencki &#8211; zas\u0142ania krzy\u017c&#8221;  przyczepili balony; puszczali ba\u0144ki mydlane i przerzucali nadmuchiwan\u0105  pi\u0142k\u0119. Niekt\u00f3rzy przyszli w maskach, kolorowych perukach czy z figurk\u0105  mistrza Yoda z &#8222;Gwiezdnych Wojen&#8221; na g\u0142owie.<\/p>\r\n\r\n<p>Na pytanie, czy jest za usuni\u0119ciem krzy\u017ca, m\u0142ody cz\u0142owiek odpar\u0142: &#8222;Oby  sta\u0142 jak najd\u0142u\u017cej. Stoj\u0119 tu, bo wszyscy zwariowali, a bardzo lubi\u0119, jak  wszyscy wariuj\u0105. Przychodz\u0119 tu od d\u0142u\u017cszego czasu. Ludzie si\u0119  awanturuj\u0105, jest fajny cyrk&#8221;.<\/p>\r\n\r\n<p>Pojawi\u0142y si\u0119 te\u017c has\u0142a: &#8222;Tu jest Polska&#8221;, &#8222;Do ko\u015bcio\u0142a&#8221;, &#8222;Przenie\u015b\u0107  pa\u0142ac&#8221;, &#8222;Mohairy do domu, &#8222;Gdzie jest Jarek&#8221;. Transparenty g\u0142osi\u0142y:  &#8222;Wykorzystanie krzy\u017ca do walki politycznej to dzie\u0142o szatana! Jaros\u0142awie  Kaczy\u0144ski opami\u0119taj si\u0119!&#8221;, &#8222;\u017bydokomuna pozdrawia&#8221;, &#8222;Krzy\u017c do ko\u015bcio\u0142a,  Polska to kraj \u015bwiecki, szanujmy konstytucj\u0119&#8221;, &#8222;Precz z krzy\u017cami, na  stos z mocherami (pisownia oryginalna &#8211; red.)&#8221;, &#8222;Chcemy ko\u0142o zamiast  krzy\u017ca&#8221;, &#8222;Precz krzy\u017cacy&#8221; i &#8222;Grunwald pami\u0119tamy&#8221;. Nad g\u0142owami  manifestant\u00f3w mo\u017cna by\u0142o dostrzec ukrzy\u017cowanego pluszowego misia.<\/p>\r\n\r\n<p>Zwolennicy pozostawienia krzy\u017ca przed siedzib\u0105 prezydenta trzymali  transparenty &#8222;Je\u015bli zapomn\u0119 o nich, Ty Bo\u017ce na niebie zapomnij o mnie&#8221;.  Miejscami powiewa\u0142y pa\u0144stwowe flagi. W d\u0142oniach niekt\u00f3rych wida\u0107 by\u0142o  ma\u0142e drewniane krzy\u017cyki i r\u00f3\u017ca\u0144ce. \u015apiewali hymn narodowy, pie\u015b\u0144 &#8222;Bo\u017ce,  co\u015b Polsk\u0119&#8221;, pie\u015bni maryjne. M\u0142ody cz\u0142owiek odegra\u0142 na tr\u0105bce &#8222;Rot\u0119&#8221;, a  potem &#8222;Marsz pierwszej Brygady&#8221;, inni \u015bpiewali &#8211; &#8222;Jezu ufam Tobie&#8221;.  S\u0142ycha\u0107 by\u0142o opinie &#8211; &#8222;Polska jest najwa\u017cniejsza&#8221; i &#8222;Nie dajmy si\u0119  sprowokowa\u0107&#8221;.<\/p>\r\n\r\n<p>Rzecznik Komendy Sto\u0142ecznej Policji Maciej Karczy\u0144ski oceni\u0142, \u017ce oba  zgromadzenia przebiega\u0142y spokojnie, nie dosz\u0142o do powa\u017cniejszych  incydent\u00f3w. &#8211; By\u0142y r\u00f3\u017cnego rodzaju utarczki s\u0142owne, nie dosz\u0142o jednak do  bezpo\u015bredniej konfrontacji pomi\u0119dzy osobami, kt\u00f3re wyra\u017ca\u0142y swoje  pogl\u0105dy &#8211; powiedzia\u0142.<\/p>\r\n\r\n<p>Policja doda\u0142a, \u017ce w tak du\u017cym t\u0142umie trudno by\u0142o unikn\u0105\u0107 spor\u00f3w i  przepychanek. Szczeg\u00f3\u0142owe informacje o incydentach maj\u0105 by\u0107 podane we  wtorek w ci\u0105gu dnia. Do obserwacji wykorzystano kamery miejskiego  systemu monitoringu. Przed Pa\u0142acem by\u0142o kilkuset policjant\u00f3w. W  gotowo\u015bci pozostawa\u0142y dodatkowe si\u0142y.<\/p>\r\n\r\n<p>6 sierpnia metropolita warszawski abp Kazimierz Nycz przemawiaj\u0105c do  wyruszaj\u0105cych w pielgrzymk\u0119, podkre\u015bli\u0142, \u017ce katastrofa 10 kwietnia  powinna budzi\u0107 refleksj\u0119 nad krucho\u015bci\u0105 ludzkiego \u017cycia, a nie spory.  Apelowa\u0142, by upami\u0119tnia\u0107 tragedi\u0119 tak, aby nie ucierpia\u0142 na tym \u017caden  cz\u0142owiek ani &#8222;\u017caden \u015bwi\u0119ty znak, z krzy\u017cem na czele&#8221;.\r\n<\/div>","protected":false},"excerpt":{"rendered":"Kilka tysi\u0119cy os\u00f3b demonstrowa\u0142o w nocy z poniedzia\u0142ku na wtorek przed Pa\u0142acem Prezydenckim, domagaj\u0105c si\u0119 przeniesienia krzy\u017ca ustawionego po katastrofie smole\u0144skiej. Ich przeciwnicy odpowiadali skandowaniem i \u015bpiewami. Nie dosz\u0142o do wi\u0119kszych incydent\u00f3w. Przeciwnicy obecno\u015bci krzy\u017ca przed pa\u0142acem nie stronili od happening\u00f3w i drwin. Do transparentu &#8222;Zburzy\u0107 pa\u0142ac prezydencki &#8211; zas\u0142ania krzy\u017c&#8221; przyczepili balony; puszczali ba\u0144ki [&hellip;]","protected":false},"author":1,"featured_media":0,"comment_status":"closed","ping_status":"closed","sticky":false,"template":"","format":"standard","meta":{"_acf_changed":false,"_monsterinsights_skip_tracking":false,"_monsterinsights_sitenote_active":false,"_monsterinsights_sitenote_note":"","_monsterinsights_sitenote_category":0,"ngg_post_thumbnail":0,"footnotes":"","_wp_rev_ctl_limit":""},"categories":[8],"tags":[132,98],"acf":[],"_links":{"self":[{"href":"https:\/\/www.bibula.com\/index.php?rest_route=\/wp\/v2\/posts\/25489"}],"collection":[{"href":"https:\/\/www.bibula.com\/index.php?rest_route=\/wp\/v2\/posts"}],"about":[{"href":"https:\/\/www.bibula.com\/index.php?rest_route=\/wp\/v2\/types\/post"}],"author":[{"embeddable":true,"href":"https:\/\/www.bibula.com\/index.php?rest_route=\/wp\/v2\/users\/1"}],"replies":[{"embeddable":true,"href":"https:\/\/www.bibula.com\/index.php?rest_route=%2Fwp%2Fv2%2Fcomments&post=25489"}],"version-history":[{"count":0,"href":"https:\/\/www.bibula.com\/index.php?rest_route=\/wp\/v2\/posts\/25489\/revisions"}],"wp:attachment":[{"href":"https:\/\/www.bibula.com\/index.php?rest_route=%2Fwp%2Fv2%2Fmedia&parent=25489"}],"wp:term":[{"taxonomy":"category","embeddable":true,"href":"https:\/\/www.bibula.com\/index.php?rest_route=%2Fwp%2Fv2%2Fcategories&post=25489"},{"taxonomy":"post_tag","embeddable":true,"href":"https:\/\/www.bibula.com\/index.php?rest_route=%2Fwp%2Fv2%2Ftags&post=25489"}],"curies":[{"name":"wp","href":"https:\/\/api.w.org\/{rel}","templated":true}]}}