{"id":25302,"date":"2010-08-06T10:17:38","date_gmt":"2010-08-06T15:17:38","guid":{"rendered":"http:\/\/www.bibula.com\/?p=25302"},"modified":"2010-08-17T15:42:50","modified_gmt":"2010-08-17T20:42:50","slug":"iii-rp-czy-iii-rzesza-lukasz-kolak","status":"publish","type":"post","link":"https:\/\/www.bibula.com\/?p=25302","title":{"rendered":"III RP czy III Rzesza? &#8211; <em>\u0141ukasz Ko\u0142ak<\/em>"},"content":{"rendered":"<p><strong> <\/strong>Niemiecki  zbrodniarz Adolf Hitler sta\u0142 si\u0119 wsp\u00f3\u0142czesn\u0105 ikon\u0105 z\u0142a. Do tego  stopnia, \u017ce zagospodarowa\u0142 wszystkie negatywne emocje wsp\u00f3\u0142czesnych  Europejczyk\u00f3w, nie pozostawiaj\u0105c nale\u017cnego miejsca w panteonie  zbrodniarzy dla komunist\u00f3w. Oczywi\u015bcie zrobiono tak celowo aby dobre  samopoczucie europejskich i \u015bwiatowych komunist\u00f3w nigdy ich nie  opuszcza\u0142o. Dlatego pisanie o komunizmie i powstaj\u0105cym na naszych oczach  neokomunizmie to syzyfowa praca. Zast\u0119py \u201em\u0142odych, wykszta\u0142conych i z  du\u017cych miast\u201d nie dostrzegaj\u0105 problemu w odradzaj\u0105cym si\u0119 (czy  kiedykolwiek upad\u0142o?) kagiebowskim imperium na Wschodzie i  rekonstruowanym Uk\u0142adzie Warszawskim. Dlatego aby wyt\u0142umaczy\u0107 im groz\u0119  sytuacji w jakiej znajduje si\u0119 nasza ojczyzna, trzeba odwo\u0142a\u0107 si\u0119  w\u0142a\u015bnie do nazistowskiej ikony z\u0142a (nie b\u0119d\u0119 miesza\u0142 w g\u0142owach \u201em\u0142odym\u201d i  pisa\u0142 o narodowym socjalizmie &#8211; za du\u017co definicji do zapami\u0119tania a  jeste\u015bmy ju\u017c po maturach). Oczywi\u015bcie i takie odwo\u0142ania nie gwarantuj\u0105  sukcesu, wszak \u201epartia si\u0119 nigdy nie myli\u201d a to co za chwil\u0119 przeczytaj\u0105  to \u201estek pisowskich bredni\u201d, ale trzeba pr\u00f3bowa\u0107. Mo\u017ce da si\u0119 przekona\u0107  chocia\u017c jednego \u201em\u0142odego\u201d?<\/p>\r\n\r\n<p>Kierowana przez Adolfa  Hitlera partia, nosz\u0105ca skr\u00f3t NSDAP, zdoby\u0142a w\u0142adz\u0119 w Niemczech na  drodze demokratycznych, legalnych wybor\u00f3w.\u00a0 Jej  program po prostu spodoba\u0142 si\u0119 sporej cz\u0119\u015bci Niemc\u00f3w. Podoba\u0142y im si\u0119  tak\u017ce uliczne rozr\u00f3by jakie organizowali boj\u00f3wkarze tej partii,  zgrupowani w organizacji nosz\u0105cej skr\u00f3t SA, podczas kt\u00f3rych tarmosili za  uszy i dawali prztyczki w nos swym oponentom politycznym. Wielu Niemc\u00f3w  zaczytywa\u0142o si\u0119 w wydawanych przez NSDAP gazetkach, w kt\u00f3rych  wyja\u015bniano im kto jest odpowiedzialny za ca\u0142e z\u0142o \u015bwiata, w tym za  kryzys ekonomiczny jaki akurat mia\u0142 miejsce oraz co nale\u017cy z tymi  odpowiedzialnymi za to z\u0142o zrobi\u0107, aby Niemcy na powr\u00f3t sta\u0142y si\u0119 czym\u015b w  rodzaju \u201ezielonej wyspy\u201d na tle prze\u017cywaj\u0105cych kryzys zgni\u0142ych re\u017cym\u00f3w.  Oczywi\u015bcie na pocz\u0105tku nie pisano o zastosowaniu wobec tych z\u0142ych os\u00f3b  kom\u00f3r gazowych*, tylko zadowalano si\u0119 publicznym wytarmoszeniem ich za  uszy i daniem prztyczka w nos. Nie mniej jednak zastosowanie agresji  wobec \u201ez\u0142ych\u201d, odpowiedzialnych za ca\u0142e z\u0142o \u015bwiata, podoba\u0142o si\u0119 wielu  Niemcom, dlatego w\u0142a\u015bnie oddali sw\u00f3j g\u0142os na sympatycznego pana z  w\u0105sikiem i jego ferajn\u0119.<\/p>\r\n\r\n<p>Par\u0119 s\u0142\u00f3w o szefie  zwyci\u0119skiej dru\u017cyny. Swoj\u0105 karier\u0119 polityczn\u0105 zaczyna\u0142 jako agent  Reichswehry, czyli niemieckiej armii, oddelegowany do szpiclowania  monachijskich partyjek radykalnych, jakich wysyp notowano po upadku  cesarstwa. Do jednej z takich partyjek si\u0119 zapisa\u0142 i nawet, jako zdolny  m\u00f3wca, zrobi\u0142 b\u0142yskawiczn\u0105 karier\u0119. Otoczy\u0142 si\u0119 tam by\u0142ymi \u017co\u0142nierzami,  kt\u00f3rzy po demobilizacji nie mieli co z sob\u0105 robi\u0107 i marzyli o zdobyciu  w\u0142adzy nad krajem. Z nich w\u0142a\u015bnie rekrutowa\u0142o si\u0119 SA. Po latach jednak  Hitler odwdzi\u0119czy\u0142 si\u0119 Reichswerze, czyli swoim mocodawcom z tamtejszego  WSI\u00a0 i kaza\u0142 powyrzyna\u0107 aspiruj\u0105cych do roli  nowych przyw\u00f3dc\u00f3w narodowej armii szef\u00f3w SA. Reszt\u0119 spo\u0142ecze\u0144stwa te\u017c  wzi\u0105\u0142 za mord\u0119, co by\u0142o o tyle \u0142atwe, \u017ce spora cz\u0119\u015b\u0107 by\u0142a zadowolona z  jego rz\u0105d\u00f3w a ci, kt\u00f3rym w\u0142adza nazist\u00f3w mniej si\u0119 podoba\u0142a byli  przekonywani w specjalnych o\u015brodkach odosobnienia do polubienia czy  wr\u0119cz pokochania wodza. \u201eMilcz\u0105ca wi\u0119kszo\u015b\u0107\u201d niemieckiego spo\u0142ecze\u0144stwa  jak zwykle si\u0119 nie wychyla\u0142a, czeka\u0142a na to co b\u0119dzie. Tak doczeka\u0142a  roku 1945 i kompletnej dewastacji swojego kraju.<\/p>\r\n\r\n<p>W\u0142a\u015bciwie m\u00f3g\u0142bym  zako\u0144czy\u0107 na tym ten tekst, wszak domy\u015blni czytelnicy ju\u017c wiedz\u0105 o co mi  chodzi i potrafi\u0105 dopowiedzie\u0107 sobie reszt\u0119 sami. Ale nie zapominajmy o  tym, \u017ce pisz\u0119 ten \u201episowski paszkwil\u201d dla \u201em\u0142odych, wykszta\u0142conych\u201d,  kt\u00f3rzy dzisiaj, gdyby mogli, z rado\u015bci pozdrawialiby rzymskim salutem  swego premiera, podnosz\u0105cego im, wbrew wyborczym obietnicom podatki. A  zatem musimy przej\u015b\u0107 do \u0142opatologii.<\/p>\r\n\r\n<p>Rz\u0105dz\u0105ca Polsk\u0105 partia  ma dzi\u015b zdobyt\u0105 w demokratycznych, legalnych wyborach w\u0142adz\u0119 absolutn\u0105.  Swoich oponent\u00f3w politycznych zepchn\u0119\u0142a do getta z napisem  \u201enieodpowiedzialne oszo\u0142omy, odpowiadaj\u0105ce za kryzys a nawet ca\u0142e z\u0142o  \u015bwiata\u201d. Nawet je\u015bli kto\u015b nie jest cz\u0142onkiem nie lubianej przez ob\u00f3z  w\u0142adzy partii Prawo i Sprawiedliwo\u015b\u0107, to i tak zosta\u0142 zepchni\u0119ty wraz z  innymi do owego getta i \u017cadne t\u0142umaczenia nic nie poradz\u0105. \u201eO tym kto  jest \u017bydem decyduj\u0119 ja!\u201d wykrzykiwa\u0142 swego czasu pomocnik Hitlera  marsza\u0142ek Goering. \u201eO tym kto jest zaplutym pisowcem decydujemy my!\u201d  wykrzykuj\u0105 dzi\u015b prominenci rz\u0105dowej propagandy.<\/p>\r\n\r\n<p>Partia Hitlera mia\u0142a  swych propagandzist\u00f3w, na czele z J\u00f3zefem Goebbelsem. Ob\u00f3z w\u0142adzy w  Polsce te\u017c ma swych szturmowc\u00f3w dezinformacji &#8211; na czele z Januszem  Palikotem, prawdziwym \u201eDer St\u00fcrmerem\u201d III RP. Ba! Jak przypomnia\u0142 4  sierpnia br. w sejmie pose\u0142 Girzy\u0144ski, w szeregach PO zasiadaj\u0105 te\u017c tuby  anty\u017cydowskiej propagandy z czas\u00f3w pami\u0119tnego marca 1968 r. Kandydata  na urz\u0105d prezydenta tej partii popar\u0142 te\u017c gen. Wojciech Jaruzelski,  kt\u00f3ry po marcu \u201eod\u017cydza\u0142\u201d Ludowe Wojsko Polskie, pchane nast\u0119pnie przez  niego na front walki z w\u0142asnym spo\u0142ecze\u0144stwem. Do grona sympatyk\u00f3w tej  opcji zaliczy\u0107 te\u017c mo\u017cna niekt\u00f3rych biskup\u00f3w, w tym jednego, kt\u00f3ry p\u00f3\u0142  roku temu powiadomi\u0142 \u015bwiat o \u017cydowskim spisku i z\u0142ej imperialistycznej  polityce pa\u0144stwa Izrael. Tego samego kandydata poza gen Jaruzelskim,  popiera\u0142o grono \u201ezdemobilizowanych\u201d przez z\u0142ego Kaczora funkcjonariuszy  Wojskowych S\u0142u\u017cb Informacyjnych, z kt\u00f3rymi kiedy\u015b\u2026ten tego\u2026no, zna\u0142 si\u0119.  Kraj nasz jest przed kolejn\u0105 ods\u0142on\u0105 kryzysu, tylko czeka\u0107 kiedy w\u0142adza  b\u0119dzie szuka\u0142a koz\u0142\u00f3w ofiarnych\u2026Wprawdzie \u017byd\u00f3w ju\u017c niewielu, ale  pisowc\u00f3w du\u017co\u2026<\/p>\r\n\r\n<p>Ale nie to wszystko jest  najgorsze i napawaj\u0105ce l\u0119kiem. Najbardziej przera\u017caj\u0105ce s\u0105 zast\u0119py  owych \u201em\u0142odych, z du\u017cych miast\u201d, kt\u00f3rzy przypominaj\u0105 mi w\u0142a\u015bnie te t\u0142umy  hajluj\u0105ce swemu F\u00fcrherowi podczas Parteitag\u00f3w. Cokolwiek powie w\u00f3dz &#8211;  ma racj\u0119! Kto nie z nami &#8211; ten przeciw nam! \u201eZapakowa\u0107 reszt\u0119 pisowc\u00f3w  do drugiego Tupolewa i wys\u0142a\u0107 do Smole\u0144ska\u201d &#8211; to cytat z pewnego  ogl\u0105dacza \u201eSzk\u0142a Kontaktowego\u201d, kt\u00f3ry podzieli\u0142 si\u0119 swymi refleksjami z  reszt\u0105 POlak\u00f3w za po\u015brednictwem tego, jak\u017ce wyszukanego intelektualnie  programu, nadawanego przez \u201ezaprzyja\u017anion\u0105 telewizj\u0119\u201d. Ta eskalacja  niech\u0119ci czy wr\u0119cz nienawi\u015bci wobec ludzi krytykuj\u0105cych rz\u0105dy PO nie  jest rzecz\u0105 przypadkow\u0105. Do czego doprowadzi?<\/p>\r\n\r\n<p>Przesadzam? Wypisuje  brednie? Ot\u00f3\u017c nie, drodzy \u201em\u0142odzi z du\u017cych miast\u201d! Przyk\u0142adem  zaplanowanej akcji maj\u0105cej na celu dyskredytacj\u0119 \u201episowc\u00f3w\u201d i nakr\u0119cenie  przeciw nim \u201eo\u015bwieconej\u201d reszty spo\u0142ecze\u0144stwa jest sprawa krzy\u017ca przed  pa\u0142acem. Gdyby nowo wybrany prezydent chcia\u0142 naprawd\u0119 zako\u0144czy\u0107 sp\u00f3r,  zwany przez niekt\u00f3rych \u201ewojn\u0105 polsko &#8211; polsk\u0105\u00a0 (powinno  si\u0119 raczej pisa\u0107 POlsko &#8211; polsk\u0105) i zbudowa\u0107 zgod\u0119 &#8211; wyci\u0105gn\u0105\u0142by r\u0119k\u0119  do swych oponent\u00f3w i powiedzia\u0142: \u201eKrzy\u017c zostanie tak d\u0142ugo jak d\u0142ugo  b\u0119dzie na to zapotrzebowanie ze strony spo\u0142ecze\u0144stwa\u201d. \u201eSpotkajmy si\u0119  przy tym krzy\u017cu\u201d. Tymczasem dla nowo wybranego prezydenta priorytetem  by\u0142o w\u0142a\u015bnie usuni\u0119cie tego krzy\u017ca (w propagandzie: <em>przestawienie go w godne miejsce<\/em>)  &#8211; nie kryzys finans\u00f3w i jego rozwi\u0105zanie, nie emerytury, podwy\u017cki, ale  w\u0142a\u015bnie usuni\u0119cie krzy\u017ca sprzed swego nowego miejsca pracy i wypoczynku.<\/p>\r\n\r\n<p>Awantura wok\u00f3\u0142 krzy\u017ca,  sprowokowana celowo przez rz\u0105dz\u0105cych, te\u017c nasuwa mi podobie\u0144stwa do  dzia\u0142a\u0144 rz\u0105dz\u0105cych Niemcami nazist\u00f3w. To oni w\u0142a\u015bnie po zaj\u0119ciu Polski, w  rocznic\u0119 <em>kryszta\u0142owej nocy<\/em> z 9 na 10 listopada 1939 r., rozpocz\u0119li na Pomorzu akcj\u0119 niszczenia przydro\u017cnych krzy\u017cy i figurek.<\/p>\r\n\r\n<p>A zatem \u201em\u0142odzi,  z du\u017cych miast\u201d oraz Wy, kt\u00f3rzy stanowicie w kraju nieg\u0142osuj\u0105c\u0105  \u201emilcz\u0105c\u0105 wi\u0119kszo\u015b\u0107\u201d! Wo\u0142am do Was! Nie wp\u0119dzajcie nas wszystkich na  drog\u0119 do zniewolenia! Nie podoba Wam si\u0119 PiS? W porz\u0105dku, w nast\u0119pnych  wyborach zag\u0142osujcie i wybierzcie kogo\u015b innego, cho\u0107by Dana Browna  polskiej prawicy &#8211; Janusza Korwin Mikkego. Ale nie skazujcie nas na  w\u0142adz\u0119 absolutn\u0105 Mira, Zbycha, Rycha, Janusza Palikota i Iwony  \u015aledzi\u0144skiej &#8211; Katarasi\u0144skiej! Nie id\u017acie t\u0105 drog\u0105!<\/p>\r\n\r\n<p><strong><em>\u0141ukasz Ko\u0142ak<\/em><\/strong><\/p>\r\n\r\n<p><br class=\"spacer_\" \/><\/p>\r\n\r\n<blockquote><p><strong>KOMENTARZ <em>BIBU\u0141Y<\/em><\/strong>: Publikuj\u0105c powy\u017cszy tekst zmuszeni jeste\u015bmy do kr\u00f3tkiego komentarza odno\u015bnie do zaznaczonego (przez nas) gwiazdk\u0105 zdania: &#8222;na pocz\u0105tku nie pisano o zastosowaniu wobec tych z\u0142ych os\u00f3b  kom\u00f3r gazowych&#8221;.<\/p>\r\n\r\n<p>Ot\u00f3\u017c, nie tylko na pocz\u0105tku, ale i w czasie oraz na ko\u0144cu wojny nie pisano o ludob\u00f3jczym wykorzystaniu kom\u00f3r gazowych w niemieckich obozach koncentracyjnych (poza sowieckimi i syjonistycznymi materia\u0142ami propagandowymi). Komory gazowe w tych\u017ce obozach s\u0142u\u017cy\u0142y bowiem &#8211; jedni badacze m\u00f3wi\u0105: g\u0142\u00f3wnie, inni: wy\u0142\u0105cznie &#8211; do cel\u00f3w dezynsekcyjnych. Potwierdza to mi\u0119dzy innymi prof. Jan van Pelt, okre\u015blany przez stron\u0119 \u017cydowsk\u0105 jako najwi\u0119kszy badacz obozu KL Auschwitz, kt\u00f3ry (w celowo nie nag\u0142a\u015bnianej przez media wypowiedzi) stwierdzi\u0142, \u017ce 97% wszystkich dostaw do obozu KL Auschwitz insektycydu znanego pod handlow\u0105 nazw\u0105 jako Cyklon-B, zu\u017cytych zosta\u0142o do cel\u00f3w dezynsekcyjnych: ubra\u0144 wi\u0119\u017ani\u00f3w, mundur\u00f3w \u017co\u0142nierzy niemieckich, ubra\u0144 obs\u0142ugi obozu, oraz odwszawiania ca\u0142ych barak\u00f3w. Rutynowe oraz wielkie akcje odwszawiania znajduj\u0105 swe pokrycie w dokumentach niemieckich oraz wspomnieniach samych wi\u0119\u017ani\u00f3w.<\/p>\r\n\r\n<p>\u015arodek Cyklon-B stosowany by\u0142 regularnie przez armi\u0119 niemieck\u0105 do odwszawiania ubra\u0144 w specjalnych komorach ulokowanych w wielu niemieckich jednostkach na \u015bwiecie. Jednak jako\u015b nikt nie twierdzi, \u017ce za pomoc\u0105 Cyklonu-B mordowano wi\u0119\u017ani\u00f3w np. w Finlandii, a dokumenty wszak stwierdzaj\u0105 o dostawach tego \u015brodka r\u00f3wnie\u017c i do tej cz\u0119\u015bci \u015bwiata.<\/p>\r\n\r\n<p>Po latach wykrystalizowa\u0142a si\u0119 bowiem propagandowa wersja tzw. kom\u00f3r gazowych, kt\u00f3rych ludob\u00f3jcze zastosowanie dotyczy tylko i wy\u0142\u0105cznie niemieckich oboz\u00f3w koncentracyjnych po\u0142o\u017conych na terenie dzisiejszej Polski. Fakt ten powinien zastanowi\u0107 ka\u017cdego badacza, lecz tak\u017ce i dziennikarza, wra\u017cliwego na antypolonizm oraz \u017cydowskie poczucie wyj\u0105tkowo\u015bci.<\/p>\r\n\r\n<p>Nale\u017cy r\u00f3wnie\u017c zaznaczy\u0107, \u017ce jak dot\u0105d nie zaprezentowano \u015bwiatu ani jednego wiarygodnego dokumentu potwierdzaj\u0105cego ludob\u00f3jcze wykorzystanie kom\u00f3r gazowych w niemieckich obozach koncentracyjnych. Zamiast tego serwuje si\u0119 ideologiczn\u0105 retoryk\u0119 przy jednoczesnym zastosowaniu penalizacji bada\u0144 naukowych w tym zakresie.<\/p>\r\n\r\n<p><br class=\"spacer_\" \/><\/p><\/blockquote>","protected":false},"excerpt":{"rendered":"Niemiecki zbrodniarz Adolf Hitler sta\u0142 si\u0119 wsp\u00f3\u0142czesn\u0105 ikon\u0105 z\u0142a. Do tego stopnia, \u017ce zagospodarowa\u0142 wszystkie negatywne emocje wsp\u00f3\u0142czesnych Europejczyk\u00f3w, nie pozostawiaj\u0105c nale\u017cnego miejsca w panteonie zbrodniarzy dla komunist\u00f3w. Oczywi\u015bcie zrobiono tak celowo aby dobre samopoczucie europejskich i \u015bwiatowych komunist\u00f3w nigdy ich nie opuszcza\u0142o. Dlatego pisanie o komunizmie i powstaj\u0105cym na naszych oczach neokomunizmie to syzyfowa [&hellip;]","protected":false},"author":1,"featured_media":0,"comment_status":"closed","ping_status":"closed","sticky":false,"template":"","format":"standard","meta":{"_acf_changed":false,"_monsterinsights_skip_tracking":false,"_monsterinsights_sitenote_active":false,"_monsterinsights_sitenote_note":"","_monsterinsights_sitenote_category":0,"ngg_post_thumbnail":0,"footnotes":"","_wp_rev_ctl_limit":""},"categories":[9],"tags":[66,98,102,59],"acf":[],"_links":{"self":[{"href":"https:\/\/www.bibula.com\/index.php?rest_route=\/wp\/v2\/posts\/25302"}],"collection":[{"href":"https:\/\/www.bibula.com\/index.php?rest_route=\/wp\/v2\/posts"}],"about":[{"href":"https:\/\/www.bibula.com\/index.php?rest_route=\/wp\/v2\/types\/post"}],"author":[{"embeddable":true,"href":"https:\/\/www.bibula.com\/index.php?rest_route=\/wp\/v2\/users\/1"}],"replies":[{"embeddable":true,"href":"https:\/\/www.bibula.com\/index.php?rest_route=%2Fwp%2Fv2%2Fcomments&post=25302"}],"version-history":[{"count":0,"href":"https:\/\/www.bibula.com\/index.php?rest_route=\/wp\/v2\/posts\/25302\/revisions"}],"wp:attachment":[{"href":"https:\/\/www.bibula.com\/index.php?rest_route=%2Fwp%2Fv2%2Fmedia&parent=25302"}],"wp:term":[{"taxonomy":"category","embeddable":true,"href":"https:\/\/www.bibula.com\/index.php?rest_route=%2Fwp%2Fv2%2Fcategories&post=25302"},{"taxonomy":"post_tag","embeddable":true,"href":"https:\/\/www.bibula.com\/index.php?rest_route=%2Fwp%2Fv2%2Ftags&post=25302"}],"curies":[{"name":"wp","href":"https:\/\/api.w.org\/{rel}","templated":true}]}}