{"id":25248,"date":"2010-08-05T15:11:03","date_gmt":"2010-08-05T20:11:03","guid":{"rendered":"http:\/\/www.bibula.com\/?p=25248"},"modified":"2010-08-05T15:11:03","modified_gmt":"2010-08-05T20:11:03","slug":"sejm-znowelizowal-ustawe-o-ipn-rade-beda-wybieraly-niezweryfikowane-kadry-wyzszych-uczelni","status":"publish","type":"post","link":"https:\/\/www.bibula.com\/?p=25248","title":{"rendered":"Sejm znowelizowa\u0142 ustaw\u0119 o IPN: Rad\u0119 b\u0119d\u0105 wybiera\u0142y niezweryfikowane kadry wy\u017cszych uczelni"},"content":{"rendered":"<p><strong>Sejm znowelizowa\u0142 ustaw\u0119 o Instytucie Pami\u0119ci Narodowej,  wyd\u0142u\u017caj\u0105c do 27 listopada termin wskazywania przez wy\u017csze uczelnie  elektor\u00f3w. Maj\u0105 oni wybra\u0107 kandydat\u00f3w na cz\u0142onk\u00f3w Rady IPN. Teraz  nowelizacja trafi do Senatu.<\/strong><\/p>\r\n\r\n<p>Zgodnie z nowelizacj\u0105 ustawy o IPN, kt\u00f3ra wesz\u0142a w \u017cycie  27 maja, prezesa IPN powo\u0142uje Sejm za zgod\u0105 Senatu. W miejsce  11-osobowego Kolegium IPN powo\u0142ana ma zosta\u0107 dziewi\u0119cioosobowa Rada IPN.  Ta ma wy\u0142oni\u0107 kandydata na prezesa Instytutu po Januszu Kurtyce.<\/p>\r\n\r\n<p>Kandydat\u00f3w do Rady IPN &#8211; tych kt\u00f3rych ma wybra\u0107 parlament &#8211;  wskazuje Zgromadzenie Elektor\u00f3w wy\u0142onione przez 24 uczelnie i instytuty  PAN. Spo\u015br\u00f3d nich cz\u0142onk\u00f3w Rady ma wybra\u0107 Sejm i Senat . Prezydent RP  ma za\u015b wybra\u0107 dw\u00f3ch cz\u0142onk\u00f3w Rady spo\u015br\u00f3d czterech kandydat\u00f3w  zg\u0142oszonych mu przez Krajow\u0105 Rad\u0119 S\u0105downictwa.<\/p>\r\n\r\n<p>Dotychczas tylko kilka o\u015brodk\u00f3w naukowych wybra\u0142o  elektor\u00f3w. Niekt\u00f3re uczelnie, z powodu sesji i wakacji, od\u0142o\u017cy\u0142y wyb\u00f3r  do jesieni. PO przyznaje, \u017ce wcze\u015bniejszy termin &#8211; do 27 lipca &#8211; by\u0142  ci\u0119\u017cki do spe\u0142nienia, dlatego chcia\u0142a wyd\u0142u\u017cy\u0107 go o 3 miesi\u0105ce. Projekt  przewiduje te\u017c wyd\u0142u\u017cenie z miesi\u0105ca do dw\u00f3ch termin dla Zgromadzenia  Elektor\u00f3w na wyb\u00f3r kandydat\u00f3w.<\/p>","protected":false},"excerpt":{"rendered":"Sejm znowelizowa\u0142 ustaw\u0119 o Instytucie Pami\u0119ci Narodowej, wyd\u0142u\u017caj\u0105c do 27 listopada termin wskazywania przez wy\u017csze uczelnie elektor\u00f3w. Maj\u0105 oni wybra\u0107 kandydat\u00f3w na cz\u0142onk\u00f3w Rady IPN. Teraz nowelizacja trafi do Senatu. Zgodnie z nowelizacj\u0105 ustawy o IPN, kt\u00f3ra wesz\u0142a w \u017cycie 27 maja, prezesa IPN powo\u0142uje Sejm za zgod\u0105 Senatu. W miejsce 11-osobowego Kolegium IPN powo\u0142ana [&hellip;]","protected":false},"author":1,"featured_media":0,"comment_status":"closed","ping_status":"closed","sticky":false,"template":"","format":"standard","meta":{"_acf_changed":false,"_monsterinsights_skip_tracking":false,"_monsterinsights_sitenote_active":false,"_monsterinsights_sitenote_note":"","_monsterinsights_sitenote_category":0,"ngg_post_thumbnail":0,"footnotes":"","_wp_rev_ctl_limit":""},"categories":[8],"tags":[98,36],"acf":[],"_links":{"self":[{"href":"https:\/\/www.bibula.com\/index.php?rest_route=\/wp\/v2\/posts\/25248"}],"collection":[{"href":"https:\/\/www.bibula.com\/index.php?rest_route=\/wp\/v2\/posts"}],"about":[{"href":"https:\/\/www.bibula.com\/index.php?rest_route=\/wp\/v2\/types\/post"}],"author":[{"embeddable":true,"href":"https:\/\/www.bibula.com\/index.php?rest_route=\/wp\/v2\/users\/1"}],"replies":[{"embeddable":true,"href":"https:\/\/www.bibula.com\/index.php?rest_route=%2Fwp%2Fv2%2Fcomments&post=25248"}],"version-history":[{"count":0,"href":"https:\/\/www.bibula.com\/index.php?rest_route=\/wp\/v2\/posts\/25248\/revisions"}],"wp:attachment":[{"href":"https:\/\/www.bibula.com\/index.php?rest_route=%2Fwp%2Fv2%2Fmedia&parent=25248"}],"wp:term":[{"taxonomy":"category","embeddable":true,"href":"https:\/\/www.bibula.com\/index.php?rest_route=%2Fwp%2Fv2%2Fcategories&post=25248"},{"taxonomy":"post_tag","embeddable":true,"href":"https:\/\/www.bibula.com\/index.php?rest_route=%2Fwp%2Fv2%2Ftags&post=25248"}],"curies":[{"name":"wp","href":"https:\/\/api.w.org\/{rel}","templated":true}]}}