{"id":25194,"date":"2010-08-04T21:17:53","date_gmt":"2010-08-05T02:17:53","guid":{"rendered":"http:\/\/www.bibula.com\/?p=25194"},"modified":"2010-08-04T21:24:21","modified_gmt":"2010-08-05T02:24:21","slug":"list-otwarty-kazimierza-switonia-do-prezydenta-i-premiera-rp","status":"publish","type":"post","link":"https:\/\/www.bibula.com\/?p=25194","title":{"rendered":"List Otwarty Kazimierza \u015awitonia do Prezydenta i Premiera RP"},"content":{"rendered":"<p>Poni\u017cej przedstawiamy List otwarty legendarnej i zas\u0142u\u017conej postaci: za\u0142o\u017cyciela pierwszych Wolnych Zwi\u0105zk\u00f3w Zawodowych, inicjatora budowy pomnika ku czci zamordowanych g\u00f3rnik\u00f3w Kopalni Wujek, obro\u0144cy krzy\u017ca na \u0179wirowisku w K.L.  Auschwitz w O\u015bwi\u0119cimiu &#8211; Kazimierza \u015awitonia, do Prezydenta i Premiera RP w sprawie aktualnych wydarze\u0144.<\/p>\r\n\r\n<p><br class=\"spacer_\" \/><\/p>\r\n\r\n<blockquote><p>Kazimierz \u015awito\u0144\u00a0\u00a0\u00a0\u00a0\u00a0\u00a0\u00a0\u00a0\u00a0\u00a0\u00a0\u00a0\u00a0\u00a0\u00a0\u00a0\u00a0\u00a0\u00a0\u00a0\u00a0\u00a0\u00a0\u00a0\u00a0\u00a0\u00a0\u00a0\u00a0\u00a0\u00a0\u00a0\u00a0\u00a0\u00a0\u00a0\u00a0\u00a0 \u00a0 \u00a0\u00a0 \u00a0 \u00a0 \u00a0 \u00a0 \u00a0 \u00a0 \u00a0 \u00a0 \u00a0 \u00a0 \u00a0 \u00a0\u00a0 \u00a0\u00a0 \u00a0\u00a0\u00a0 Katowice dnia 4.08.2010<br \/>\r\n ul. Miko\u0142owska 30\/7<br \/>\r\n 40-066 Katowice<\/p>\r\n\r\n<p><strong>List Otwarty<\/strong><\/p>\r\n\r\n<p>do<\/p>\r\n\r\n<p>Prezydenta i Premiera R.P.<br \/>\r\n W a r s z a w a<\/p>\r\n\r\n<p><br class=\"spacer_\" \/><\/p>\r\n\r\n<p><em><strong>Tylko pod Krzy\u017cem, tylko pod tym Znakiem, Polska jest Polsk\u0105,<\/strong> <strong>a Polak Polakiem<\/strong><\/em><\/p>\r\n\r\n<p><br class=\"spacer_\" \/><\/p>\r\n\r\n<p>Szanowni Panowie!<\/p>\r\n\r\n<p><br class=\"spacer_\" \/><\/p>\r\n\r\n<p>Po  wypowiedzi Pana Premiera w dniu wczorajszym, \u017ce podejmie radykalne  dzia\u0142ania w sprawie Krzy\u017ca stoj\u0105cego przed Pa\u0142acem prezydenckim w  Warszawie.<\/p>\r\n\r\n<p>O\u015bwiadczam co nast\u0119puje!<\/p>\r\n\r\n<p>Jako  obro\u0144ca Krzy\u017ca Chrystusowego z przed 12-tu laty na \u0179wirowisku w K.L.  Auschwitz w O\u015bwi\u0119cimiu, domagam si\u0119 od Pan\u00f3w natychmiastowego  zaprzestania walki z krzy\u017cem w kt\u00f3rego obronie staje ogromna wi\u0119kszo\u015b\u0107  moich Rodak\u00f3w.<\/p>\r\n\r\n<p>W  dniu 3 sierpnia usi\u0142owali\u015bcie usun\u0105\u0107 Krzy\u017c z sprzed pa\u0142acu  prezydenckiego i wymaza\u0107 z pami\u0119ci Polak\u00f3w, morderstwo dokonane w  Smole\u0144sku dnia 10 kwietnia na 96 wybitnych Rodakach. Pomimo wielu  protest\u00f3w przed takim dzia\u0142aniem, Wy jednak za namow\u0105 satanist\u00f3w  rozpocz\u0119li\u015bcie wojn\u0119 z Krzy\u017cem na naszej Polskiej Ziemi. \u00a0Przegrali\u015bcie z  kretesem pierwsz\u0105 bitw\u0119 z Polakami o usuni\u0119cie Krzy\u017ca.<\/p>\r\n\r\n<p>Zaklinam Was, nie rozpoczynajcie nast\u0119pnej.<\/p>\r\n\r\n<p><strong>Krzy\u017c upami\u0119tniaj\u0105cy to morderstwo musi pozosta\u0107 przed pa\u0142acem.<\/strong> Je\u017celi b\u0119dziecie pr\u00f3bowa\u0107 rozpocz\u0105\u0107 nast\u0119pn\u0105 wojn\u0119 o Krzy\u017c to  przygotujcie si\u0119 na koniec Waszych rz\u0105d\u00f3w. Polacy maj\u0105 ju\u017c do\u015b\u0107 biedy,  upokorze\u0144 i r\u00f3\u017cnych innych dzia\u0142a\u0144 na szkod\u0119 Narodu Polskiego.<\/p>\r\n\r\n<p><strong>\u0179\u0105dam  natychmiastowego uwolnienia redaktora TVInternet Rafa\u0142a Gawro\u0144skiego  aresztowanego za obron\u0119 Krzy\u017ca przed pa\u0142acem prezydenckim.<\/strong><\/p>\r\n\r\n<p>Pytam Was!<\/p>\r\n\r\n<p><strong>Jak d\u0142ugo jeszcze \u017bydzi, kt\u00f3rzy maj\u0105 swoje pa\u0144stwo, mie\u0107 b\u0119d\u0105 przywileje w naszej Ojczy\u017anie, a kt\u00f3rych nie maj\u0105 Polacy.<\/strong><\/p>\r\n\r\n<p><strong>Nie pozwolimy by \u017bydzi rz\u0105dzili naszym pa\u0144stwem i dyktowali nam gdzie mo\u017ce sta\u0107 Krzy\u017c na naszej Polskiej ziemi.<\/strong><\/p>\r\n\r\n<p><br class=\"spacer_\" \/><\/p>\r\n\r\n<p>Z powa\u017caniem<\/p>\r\n\r\n<p>Kazimierz \u015awito\u0144<\/p>\r\n\r\n<p><br class=\"spacer_\" \/><\/p><\/blockquote>\r\n<blockquote><p><strong>Kazimierz \u015awito\u0144<\/strong> &#8211; za\u0142o\u017cyciel\u00a0 w komunistycznej Europie dnia 23 lutego 1978 roku w Katowicach pierwszych Wolnych Zwi\u0105zk\u00f3w Zawodowych. Inicjator budowy pomnika G\u00f3rnikom K.W. K. &#8222;WUJEK&#8221; w Katowicach. Obro\u0144ca Krzy\u017ca na \u0179wirowisku w &#8222;K.L. Auschwitz&#8221; w O\u015bwi\u0119cimiu.<br \/>\r\n <a href=\"http:\/\/www.switon.pl\/\" target=\"_blank\">www.switon.pl<\/a><\/p><\/blockquote>\r\n\r\n<p><br class=\"spacer_\" \/><\/p>\r\n\r\n<hr \/>","protected":false},"excerpt":{"rendered":"Poni\u017cej przedstawiamy List otwarty legendarnej i zas\u0142u\u017conej postaci: za\u0142o\u017cyciela pierwszych Wolnych Zwi\u0105zk\u00f3w Zawodowych, inicjatora budowy pomnika ku czci zamordowanych g\u00f3rnik\u00f3w Kopalni Wujek, obro\u0144cy krzy\u017ca na \u0179wirowisku w K.L. Auschwitz w O\u015bwi\u0119cimiu &#8211; Kazimierza \u015awitonia, do Prezydenta i Premiera RP w sprawie aktualnych wydarze\u0144. Kazimierz \u015awito\u0144\u00a0\u00a0\u00a0\u00a0\u00a0\u00a0\u00a0\u00a0\u00a0\u00a0\u00a0\u00a0\u00a0\u00a0\u00a0\u00a0\u00a0\u00a0\u00a0\u00a0\u00a0\u00a0\u00a0\u00a0\u00a0\u00a0\u00a0\u00a0\u00a0\u00a0\u00a0\u00a0\u00a0\u00a0\u00a0\u00a0\u00a0\u00a0 \u00a0 \u00a0\u00a0 \u00a0 \u00a0 \u00a0 \u00a0 \u00a0 \u00a0 \u00a0 \u00a0 [&hellip;]","protected":false},"author":1,"featured_media":0,"comment_status":"closed","ping_status":"closed","sticky":false,"template":"","format":"standard","meta":{"_acf_changed":false,"_monsterinsights_skip_tracking":false,"_monsterinsights_sitenote_active":false,"_monsterinsights_sitenote_note":"","_monsterinsights_sitenote_category":0,"ngg_post_thumbnail":0,"footnotes":"","_wp_rev_ctl_limit":""},"categories":[8],"tags":[98,53],"acf":[],"_links":{"self":[{"href":"https:\/\/www.bibula.com\/index.php?rest_route=\/wp\/v2\/posts\/25194"}],"collection":[{"href":"https:\/\/www.bibula.com\/index.php?rest_route=\/wp\/v2\/posts"}],"about":[{"href":"https:\/\/www.bibula.com\/index.php?rest_route=\/wp\/v2\/types\/post"}],"author":[{"embeddable":true,"href":"https:\/\/www.bibula.com\/index.php?rest_route=\/wp\/v2\/users\/1"}],"replies":[{"embeddable":true,"href":"https:\/\/www.bibula.com\/index.php?rest_route=%2Fwp%2Fv2%2Fcomments&post=25194"}],"version-history":[{"count":0,"href":"https:\/\/www.bibula.com\/index.php?rest_route=\/wp\/v2\/posts\/25194\/revisions"}],"wp:attachment":[{"href":"https:\/\/www.bibula.com\/index.php?rest_route=%2Fwp%2Fv2%2Fmedia&parent=25194"}],"wp:term":[{"taxonomy":"category","embeddable":true,"href":"https:\/\/www.bibula.com\/index.php?rest_route=%2Fwp%2Fv2%2Fcategories&post=25194"},{"taxonomy":"post_tag","embeddable":true,"href":"https:\/\/www.bibula.com\/index.php?rest_route=%2Fwp%2Fv2%2Ftags&post=25194"}],"curies":[{"name":"wp","href":"https:\/\/api.w.org\/{rel}","templated":true}]}}