{"id":25058,"date":"2010-08-02T21:54:56","date_gmt":"2010-08-03T02:54:56","guid":{"rendered":"http:\/\/www.bibula.com\/?p=25058"},"modified":"2010-08-02T21:54:56","modified_gmt":"2010-08-03T02:54:56","slug":"odpowiedzialni-klich-i-arabski","status":"publish","type":"post","link":"https:\/\/www.bibula.com\/?p=25058","title":{"rendered":"Odpowiedzialni: Klich i Arabski"},"content":{"rendered":"<p><strong>To szef kancelarii premiera Tomasz Arabski i szef MON Bogdan Klich  odpowiadaj\u0105 za organizacj\u0119 wylotu delegacji prezydenta Lecha  Kaczy\u0144skiego do Smole\u0144ska &#8211; twierdzi pose\u0142 Antoni Macierewicz, szef  parlamentarnego zespo\u0142u ds. katastrofy smole\u0144skiej.<\/strong><br \/>\r\n<br \/>\r\nMacierewicz  zaprezentowa\u0142 dziennikarzom decyzj\u0119 szefa MON z 9 czerwca 2009 roku nr  184, kt\u00f3ra m\u00f3wi o organizacji lot\u00f3w uprzywilejowanych statk\u00f3w  powietrznych. &#8211; Ta instrukcja sk\u0142ada\u0142a generaln\u0105 odpowiedzialno\u015b\u0107 za  przyznawanie, zamawianie statk\u00f3w powietrznych w r\u0119ce szefa Kancelarii  Prezesa Rady Ministr\u00f3w &#8211; stwierdzi\u0142 pose\u0142 PiS.<\/p>\r\n\r\n<p>Macierewicz wskazywa\u0142  na jej konkretne zapisy m\u00f3wi\u0105ce, \u017ce to szef kancelarii premiera sk\u0142ada  zam\u00f3wienie na rejs samolotu, kt\u00f3re nast\u0119pnie przekazuje dow\u00f3dcy Si\u0142  Powietrznych, oraz informuje dow\u00f3dc\u0119 &#8222;jednostki wojskowej realizuj\u0105cej  lot&#8221; oraz szefa BOR. &#8211; To zam\u00f3wienie ma form\u0119 w istocie polecenia,  rozkazu &#8211; oceni\u0142. Do kompetencji MON nale\u017cy tak\u017ce, wed\u0142ug tej  instrukcji, m.in. konieczno\u015b\u0107 przeprowadzenia lotu kontrolnego,  obowi\u0105zek monitorowania informacji dotycz\u0105cych pogody oraz  monitorowanie, przy pomocy s\u0142u\u017cb \u0142\u0105czno\u015bci, tego, co dzieje si\u0119 z  samolotem za granic\u0105. <br \/>\r\nMacierewicz podkre\u015bli\u0142, \u017ce zapisy instrukcji  &#8222;wyra\u017anie wskazuj\u0105 na szczeg\u00f3ln\u0105 odpowiedzialno\u015b\u0107 dw\u00f3ch os\u00f3b, ministra  MON i szefa kancelarii premiera&#8221;, kt\u00f3ry podlega bezpo\u015brednio premierowi.  &#8211; Wydaje si\u0119, \u017ce sprawa odpowiedzialno\u015bci pana Tomasza Arabskiego  wymaga wi\u0119kszego pog\u0142\u0119bienia i rozszerzenia. B\u0119dziemy prosili ministra o  mo\u017cliwo\u015b\u0107 rozmowy &#8211; zapowiedzia\u0142 Macierewicz.<\/p>\r\n\r\n<p>Szef MON odpiera\u0142  zarzuty polityka PiS. Wskazywa\u0142, \u017ce porozumienie z 2004 r. o wsp\u00f3\u0142pracy  mi\u0119dzy kancelariami m\u00f3wi, i\u017c organizatorem takiego wyjazdu by\u0142a  Kancelaria Prezydenta. Doda\u0142, \u017ce MON i kancelaria premiera by\u0142y w tym  przypadku &#8222;kompletnie poza procesem decyzyjnym&#8221;. Zar\u00f3wno premier, jak i  marsza\u0142ek Sejmu bagatelizowali stwierdzenia Macierewicza. &#8211; Znamy  dzia\u0142alno\u015b\u0107 Macierewicza, przez ostatnie 20 lat udowodni\u0142, \u017ce jego  g\u0142\u00f3wn\u0105 umiej\u0119tno\u015bci\u0105 jest wytwarzanie sensacji i tworzenie problem\u00f3w &#8211;  oceni\u0142 Donald Tusk.<\/p>\r\n\r\n<p>&#8211; Wszystkie informacje, komentarze ze strony  pos\u0142a Macierewicza s\u0105 poza logik\u0105 normalnego funkcjonowania, dochodzenia  i oceny post\u0119powania tej sprawy &#8211; m\u00f3wi\u0142 dziennikarzom Grzegorz  Schetyna. Wskazywa\u0142, \u017ce nale\u017cy poczeka\u0107 na jutrzejsze spotkanie  prokurator\u00f3w z sejmow\u0105 komisj\u0105 sprawiedliwo\u015bci. &#8211; Tam na pewno dowiemy  si\u0119 nowych rzeczy, i b\u0119dziemy mogli oceni\u0107, jaki jest stan prowadzonego  \u015bledztwa &#8211; doda\u0142.<\/p>\r\n\r\n<p><em><strong>Zenon Baranowski<\/strong><\/em><\/p>","protected":false},"excerpt":{"rendered":"To szef kancelarii premiera Tomasz Arabski i szef MON Bogdan Klich odpowiadaj\u0105 za organizacj\u0119 wylotu delegacji prezydenta Lecha Kaczy\u0144skiego do Smole\u0144ska &#8211; twierdzi pose\u0142 Antoni Macierewicz, szef parlamentarnego zespo\u0142u ds. katastrofy smole\u0144skiej. Macierewicz zaprezentowa\u0142 dziennikarzom decyzj\u0119 szefa MON z 9 czerwca 2009 roku nr 184, kt\u00f3ra m\u00f3wi o organizacji lot\u00f3w uprzywilejowanych statk\u00f3w powietrznych. &#8211; Ta [&hellip;]","protected":false},"author":1,"featured_media":0,"comment_status":"closed","ping_status":"closed","sticky":false,"template":"","format":"standard","meta":{"_acf_changed":false,"_monsterinsights_skip_tracking":false,"_monsterinsights_sitenote_active":false,"_monsterinsights_sitenote_note":"","_monsterinsights_sitenote_category":0,"ngg_post_thumbnail":0,"footnotes":"","_wp_rev_ctl_limit":""},"categories":[139],"tags":[98,137],"acf":[],"_links":{"self":[{"href":"https:\/\/www.bibula.com\/index.php?rest_route=\/wp\/v2\/posts\/25058"}],"collection":[{"href":"https:\/\/www.bibula.com\/index.php?rest_route=\/wp\/v2\/posts"}],"about":[{"href":"https:\/\/www.bibula.com\/index.php?rest_route=\/wp\/v2\/types\/post"}],"author":[{"embeddable":true,"href":"https:\/\/www.bibula.com\/index.php?rest_route=\/wp\/v2\/users\/1"}],"replies":[{"embeddable":true,"href":"https:\/\/www.bibula.com\/index.php?rest_route=%2Fwp%2Fv2%2Fcomments&post=25058"}],"version-history":[{"count":0,"href":"https:\/\/www.bibula.com\/index.php?rest_route=\/wp\/v2\/posts\/25058\/revisions"}],"wp:attachment":[{"href":"https:\/\/www.bibula.com\/index.php?rest_route=%2Fwp%2Fv2%2Fmedia&parent=25058"}],"wp:term":[{"taxonomy":"category","embeddable":true,"href":"https:\/\/www.bibula.com\/index.php?rest_route=%2Fwp%2Fv2%2Fcategories&post=25058"},{"taxonomy":"post_tag","embeddable":true,"href":"https:\/\/www.bibula.com\/index.php?rest_route=%2Fwp%2Fv2%2Ftags&post=25058"}],"curies":[{"name":"wp","href":"https:\/\/api.w.org\/{rel}","templated":true}]}}