{"id":25056,"date":"2010-08-02T21:25:08","date_gmt":"2010-08-03T02:25:08","guid":{"rendered":"http:\/\/www.bibula.com\/?p=25056"},"modified":"2010-08-02T21:25:08","modified_gmt":"2010-08-03T02:25:08","slug":"pomnik-kata-polskich-oficerow-na-cmentarzu-w-moskwie","status":"publish","type":"post","link":"https:\/\/www.bibula.com\/?p=25056","title":{"rendered":"Pomnik kata polskich oficer\u00f3w na cmentarzu w Moskwie"},"content":{"rendered":"<div>\r\n<p><strong>Nowego pomnika doczeka\u0142 si\u0119 kat polskich oficer\u00f3w w Kalininie. Na  Cmentarzu Do\u0144skim w Moskwie postawiono go genera\u0142owi NKWD Wasilijowi  B\u0142ochinowi.<\/strong>\r\n\r\n<p><br class=\"spacer_\" \/><\/p>\r\n\r\n<p><img decoding=\"async\" src=\"http:\/\/www.fronda.pl\/files\/wasilij%20b%C5%82ochin.jpg\" alt=\"\" \/><\/p>\r\n\r\n<p>Wasilij B\u0142ochin jako 45-letni major NKWD kierowa\u0142 egzekucj\u0105 polskich  je\u0144c\u00f3w w Kalininie (obecnie &#8211; Twerze). Osobi\u015bcie mia\u0142 tam zastrzeli\u0107  wielu Polak\u00f3w.<\/p>\r\n\r\n<p>Cmentarz Do\u0144ski to stara nekropolia w centrum stolicy Rosji. Spoczywa  tam oko\u0142o 8-10 tys. ofiar stalinowskiego terroru. W zbiorowych grobach  znajduj\u0105 si\u0119 szcz\u0105tki rozstrzelanych przez NKWD oraz zmar\u0142ych wi\u0119\u017ani\u00f3w,  kt\u00f3re skremowano a nast\u0119pnie wsypywano do co najmniej trzech do\u0142\u00f3w.  Nieopodal tych anonimowych grob\u00f3w (do dzi\u015b nie zachowa\u0142y si\u0119 albo nie  zosta\u0142y upublicznione listy z nazwiskami pochowanych) znajduje si\u0119  zadbana mogi\u0142a B\u0142ochina.<\/p>\r\n\r\n<p>Na nagrobnej p\u0142ycie z czarnego marmuru widnieje wizerunek B\u0142ochina (w  generalskim mundurze) i jego \u017cony Natalii. W prawym g\u00f3rnym rogu  znajduje si\u0119 prawos\u0142awny krzy\u017c, a na dole napis &#8222;Wieczna pami\u0119\u0107&#8221;.<\/p>\r\n\r\n<p>B\u0142ochin, wieloletni szef komendantury NKWD, wykonywa\u0142 wyroki \u015bmierci  od sierpnia 1924 do marca 1953 roku. Zabija\u0142 niemal codziennie. Rosyjscy  historycy szacuj\u0105, \u017ce w\u0142asnor\u0119cznie zastrzeli\u0142 10-15 tys. os\u00f3b. To on  zastrzeli\u0142 marsza\u0142ka Michai\u0142a Tuchaczewskiego, by\u0142ego szefa NKWD  Niko\u0142aja Je\u017cowa i pisarza Izaaka Babla.<\/p>\r\n\r\n<p>Na Cmentarzu Do\u0144skim znajduj\u0105 si\u0119 r\u00f3wnie\u017c symboliczne groby  ostatniego dow\u00f3dcy Armii Krajowej, genera\u0142a Leopolda Okulickiego  &#8222;Nied\u017awiadka&#8221; i zast\u0119pcy Delegata Rz\u0105du RP na Kraj Stanis\u0142awa  Jasiukowicza &#8222;Opolskiego&#8221;. Obaj zmarli w sowieckich wi\u0119zieniach.  Prawdopodobnie zostali zamordowani.<\/p>\r\n\r\n<p>B\u0142ochin po \u015bmierci Stalina przeszed\u0142 na emerytur\u0119. Za nienagann\u0105  s\u0142u\u017cb\u0119 pochwa\u0142\u0105 \u017cegna\u0142 go \u0141awrentij Beria. Zmar\u0142 w lutym 1955 roku.<\/p>\r\n\r\n<p>eMBe\/Rp.pl","protected":false},"excerpt":{"rendered":"Nowego pomnika doczeka\u0142 si\u0119 kat polskich oficer\u00f3w w Kalininie. Na Cmentarzu Do\u0144skim w Moskwie postawiono go genera\u0142owi NKWD Wasilijowi B\u0142ochinowi. Wasilij B\u0142ochin jako 45-letni major NKWD kierowa\u0142 egzekucj\u0105 polskich je\u0144c\u00f3w w Kalininie (obecnie &#8211; Twerze). Osobi\u015bcie mia\u0142 tam zastrzeli\u0107 wielu Polak\u00f3w. Cmentarz Do\u0144ski to stara nekropolia w centrum stolicy Rosji. Spoczywa tam oko\u0142o 8-10 tys. [&hellip;]","protected":false},"author":1,"featured_media":0,"comment_status":"closed","ping_status":"closed","sticky":false,"template":"","format":"standard","meta":{"_acf_changed":false,"_monsterinsights_skip_tracking":false,"_monsterinsights_sitenote_active":false,"_monsterinsights_sitenote_note":"","_monsterinsights_sitenote_category":0,"ngg_post_thumbnail":0,"footnotes":"","_wp_rev_ctl_limit":""},"categories":[6],"tags":[66,50,141],"acf":[],"_links":{"self":[{"href":"https:\/\/www.bibula.com\/index.php?rest_route=\/wp\/v2\/posts\/25056"}],"collection":[{"href":"https:\/\/www.bibula.com\/index.php?rest_route=\/wp\/v2\/posts"}],"about":[{"href":"https:\/\/www.bibula.com\/index.php?rest_route=\/wp\/v2\/types\/post"}],"author":[{"embeddable":true,"href":"https:\/\/www.bibula.com\/index.php?rest_route=\/wp\/v2\/users\/1"}],"replies":[{"embeddable":true,"href":"https:\/\/www.bibula.com\/index.php?rest_route=%2Fwp%2Fv2%2Fcomments&post=25056"}],"version-history":[{"count":0,"href":"https:\/\/www.bibula.com\/index.php?rest_route=\/wp\/v2\/posts\/25056\/revisions"}],"wp:attachment":[{"href":"https:\/\/www.bibula.com\/index.php?rest_route=%2Fwp%2Fv2%2Fmedia&parent=25056"}],"wp:term":[{"taxonomy":"category","embeddable":true,"href":"https:\/\/www.bibula.com\/index.php?rest_route=%2Fwp%2Fv2%2Fcategories&post=25056"},{"taxonomy":"post_tag","embeddable":true,"href":"https:\/\/www.bibula.com\/index.php?rest_route=%2Fwp%2Fv2%2Ftags&post=25056"}],"curies":[{"name":"wp","href":"https:\/\/api.w.org\/{rel}","templated":true}]}}