{"id":25040,"date":"2010-08-02T12:13:49","date_gmt":"2010-08-02T17:13:49","guid":{"rendered":"http:\/\/www.bibula.com\/?p=25040"},"modified":"2010-08-02T12:13:49","modified_gmt":"2010-08-02T17:13:49","slug":"kielce-65-rocznica-rozbicia-wiezienia-urzedu-bezpieczenstwa","status":"publish","type":"post","link":"https:\/\/www.bibula.com\/?p=25040","title":{"rendered":"Kielce: 65. rocznica rozbicia wi\u0119zienia Urz\u0119du Bezpiecze\u0144stwa"},"content":{"rendered":"<p><strong>W Kielcach odby\u0142y si\u0119 obchody 65. rocznicy rozbicia w tym  mie\u015bcie wi\u0119zienia Urz\u0119du Bezpiecze\u0144stwa.<\/strong><\/p>\r\n\r\n<p>W parku miejskim przedstawiono  inscenizacj\u0119 potyczki, do jakiej dosz\u0142o mi\u0119dzy odzia\u0142em kpt. Antoniego  Hedy \u201eSzarego\u201d i \u017co\u0142nierzami Armii Czerwonej oraz funkcjonariuszy UB. 5  sierpnia 1945 roku 250-osobowy oddzia\u0142 AK podczas kilkugodzinnej  operacji rozbi\u0142 ubeckie wi\u0119zienie przy ul. Zamkowej i uwolni\u0142 ponad 350  wi\u0119\u017ani\u00f3w z niemal wszystkich cel.<\/p>\r\n\r\n<p>KL<\/p>","protected":false},"excerpt":{"rendered":"W Kielcach odby\u0142y si\u0119 obchody 65. rocznicy rozbicia w tym mie\u015bcie wi\u0119zienia Urz\u0119du Bezpiecze\u0144stwa. W parku miejskim przedstawiono inscenizacj\u0119 potyczki, do jakiej dosz\u0142o mi\u0119dzy odzia\u0142em kpt. Antoniego Hedy \u201eSzarego\u201d i \u017co\u0142nierzami Armii Czerwonej oraz funkcjonariuszy UB. 5 sierpnia 1945 roku 250-osobowy oddzia\u0142 AK podczas kilkugodzinnej operacji rozbi\u0142 ubeckie wi\u0119zienie przy ul. Zamkowej i uwolni\u0142 ponad [&hellip;]","protected":false},"author":1,"featured_media":0,"comment_status":"closed","ping_status":"closed","sticky":false,"template":"","format":"standard","meta":{"_acf_changed":false,"_monsterinsights_skip_tracking":false,"_monsterinsights_sitenote_active":false,"_monsterinsights_sitenote_note":"","_monsterinsights_sitenote_category":0,"ngg_post_thumbnail":0,"footnotes":"","_wp_rev_ctl_limit":""},"categories":[8],"tags":[36],"acf":[],"_links":{"self":[{"href":"https:\/\/www.bibula.com\/index.php?rest_route=\/wp\/v2\/posts\/25040"}],"collection":[{"href":"https:\/\/www.bibula.com\/index.php?rest_route=\/wp\/v2\/posts"}],"about":[{"href":"https:\/\/www.bibula.com\/index.php?rest_route=\/wp\/v2\/types\/post"}],"author":[{"embeddable":true,"href":"https:\/\/www.bibula.com\/index.php?rest_route=\/wp\/v2\/users\/1"}],"replies":[{"embeddable":true,"href":"https:\/\/www.bibula.com\/index.php?rest_route=%2Fwp%2Fv2%2Fcomments&post=25040"}],"version-history":[{"count":0,"href":"https:\/\/www.bibula.com\/index.php?rest_route=\/wp\/v2\/posts\/25040\/revisions"}],"wp:attachment":[{"href":"https:\/\/www.bibula.com\/index.php?rest_route=%2Fwp%2Fv2%2Fmedia&parent=25040"}],"wp:term":[{"taxonomy":"category","embeddable":true,"href":"https:\/\/www.bibula.com\/index.php?rest_route=%2Fwp%2Fv2%2Fcategories&post=25040"},{"taxonomy":"post_tag","embeddable":true,"href":"https:\/\/www.bibula.com\/index.php?rest_route=%2Fwp%2Fv2%2Ftags&post=25040"}],"curies":[{"name":"wp","href":"https:\/\/api.w.org\/{rel}","templated":true}]}}