{"id":24944,"date":"2010-07-30T10:49:36","date_gmt":"2010-07-30T15:49:36","guid":{"rendered":"http:\/\/www.bibula.com\/?p=24944"},"modified":"2010-07-30T11:02:09","modified_gmt":"2010-07-30T16:02:09","slug":"mozliwe-zarzuty-prokuratorskie-w-sprawie-organizacji-katastrofy-smolenskiej","status":"publish","type":"post","link":"https:\/\/www.bibula.com\/?p=24944","title":{"rendered":"Mo\u017cliwe zarzuty prokuratorskie w sprawie organizacji katastrofy smole\u0144skiej"},"content":{"rendered":"<p><strong>W \u015bledztwie dotycz\u0105cym  katastrofy w Smole\u0144sku mo\u017cliwe jest postawienie \u201eokre\u015blonym osobom  zarzut\u00f3w\u201d dotycz\u0105cych organizacji prezydenckiej wizyty &#8211; powiedzia\u0142  prokurator generalny Andrzej Seremet.<\/strong><\/p>\r\n\r\n<p>Seremet  nie ujawni\u0142 komu mog\u0105 by\u0107 postawione zarzuty i czy ich postawienie przez  prokuratur\u0119 ujawni kierunek prowadzonego \u015bledztwa. \u201ePrzygotowujemy  zbiorcz\u0105 informacj\u0119 tak\u017ce w zakresie organizacji wizyty. Przygotujemy  informacj\u0119 nieco poszerzon\u0105 i postaram si\u0119 j\u0105 przedstawi\u0107 na posiedzeniu  komisji sprawiedliwo\u015bci i praw cz\u0142owieka, w przysz\u0142ym tygodniu w  Sejmie\u201d &#8211; powiedzia\u0142 Seremet.<\/p>\r\n\r\n<p>\u201ePost\u0119pujemy  ostro\u017cnie z tego powodu, \u017ce by\u0107 mo\u017ce materia\u0142 dowodowy wska\u017ce potrzeb\u0119  postawienia zarzut\u00f3w okre\u015blonym osobom. St\u0105d te\u017c prosz\u0119 zrozumie\u0107 nasz\u0105  ostro\u017cno\u015b\u0107\u201d &#8211; doda\u0142 prokurator generalny Andrzej Seremet w rozmowie w  radiu TOK FM.<\/p>\r\n\r\n<p>Seremet  zapewni\u0142 jednocze\u015bnie, \u017ce prokuratura ca\u0142y czas bada wszystkie hipotezy  katastrofy, \u0142\u0105cznie z zamachem, cho\u0107 ta \u201ewydaje si\u0119 nieco mniej  uprawniona ni\u017c pozosta\u0142e\u201d.<\/p>\r\n\r\n<p><br class=\"spacer_\" \/><\/p>\r\n\r\n<blockquote>\r\n<h2>Zarzuty Seremeta &#8211; pierwszy ogie\u0144<\/h2>\r\n\r\n<p>Mam swoje typy.<\/p>\r\n\r\n<p>Sasin  twierdzi, \u017ce 9  marca 2010 r. Kancelaria Prezydenta przes\u0142a\u0142a na r\u0119ce szefa Kancelarii  Premiera Tomasza Arabskiego pismo zawieraj\u0105ce informacje o konieczno\u015bci  zabezpieczenia przelot\u00f3w na trasie Warszawa &#8211; Smole\u0144sk i z powrotem  samolot\u00f3w specjalnych TU-154M oraz JAK 40.<\/p>\r\n\r\n<p>Pismo to, zgodnie  z obowi\u0105zuj\u0105cymi procedurami, zosta\u0142o wys\u0142ane tak\u017ce do wiadomo\u015bci  Dow\u00f3dztwa Si\u0142 Powietrznych RP, Biura Ochrony Rz\u0105du oraz 36. Specjalnego  Pu\u0142ku Lotnictwa Transportowego. Warto zauwa\u017cy\u0107, \u017ce Arabski by\u0142 jedynym  dysponentem samolot\u00f3w specjalnych obs\u0142ugiwanych przez 36. Specjalny Pu\u0142k  Lotnictwa Transportowego.<\/p>\r\n\r\n<p>Z godnie  z zapisami Porozumienia w sprawie wojskowego specjalnego transportu  lotniczego, to dow\u00f3dca Si\u0142 Powietrznych okre\u015bla spos\u00f3b przydzielania  samolot\u00f3w zakwalifikowanych jako wojskowy specjalny transport lotniczy  oraz spos\u00f3b zabezpieczenia i wykonywania lot\u00f3w z prezydentem,  marsza\u0142kiem Sejmu, marsza\u0142kiem Senatu i premierem.<\/p>\r\n\r\n<p>Nie uda\u0142o mi si\u0119 dotrze\u0107  do tre\u015bci tego pisma, ale je\u015bli by\u0142y Wiceszef Kancelarii Prezydenta nie  k\u0142amie, to Tomasz Arabski jako jedyny dysponent samolotu i szef  Kacelarii Szefa Rz\u0105du powinien zadba\u0107, by w odpowiedzi zosta\u0142a przes\u0142ana  do Kancelarii Prezydenta w dyrektywa bezpiecze\u0144stwa dotycz\u0105ca przelotu  zaplanowanego na 10 kwietnia.<\/p>\r\n\r\n<p>Nigdzie si\u0119 nie spotka\u0142em  z informacj\u0105, czy taki dokument zosta\u0142 wys\u0142any, a je\u015bli tak, to nasuwa  si\u0119 pytanie jaka by\u0142a jego tre\u015b\u0107, na ile zgodna by\u0142a z rzeczywi\u015bcie  podj\u0119tymi dzia\u0142aniami, kto personalnie si\u0119 z nim zapozna\u0142 i jaka by\u0142a (i  czy by\u0142a) reakcja Kancelarii Prezydenta.<\/p>\r\n\r\n<p>Je\u015bli Seremet m\u00f3wi o zarzutach, to znaczy, \u017ce podejrzani \u017cyj\u0105.<\/p>\r\n\r\n<p>W takim razie obstawiam,  \u017ce mog\u0105 one dotyczy\u0107 Tomasza Arabskiego za zaniedbanie, je\u017celi  zlekcewa\u017cy\u0142 pismo z 9 marca lub je\u017celi nie dopilnowa\u0142, by podleg\u0142e  Premierowi MON i BOR dokona\u0142y zgodnego z wymogami zabezpieczenia lotu  Prezydenta. Konsekwentnie, poci\u0105gni\u0119ci do odpowiedzialno\u015bci karnej mog\u0105  by\u0107 te\u017c; Minister Klich, Szef BOR i Dow\u00f3dztwo 36. Specjalnego Pu\u0142ku  Lotnictwa Transportowego.<\/p>\r\n\r\n<p>Mo\u017ce si\u0119 te\u017c zdarzy\u0107, \u017ce  Arabski uczciwie (hahaha) odpisa\u0142, \u017ce z jaki\u015btam przyczyn (z pewno\u015bci\u0105  obiektywnych) lot planowany na 10 kwietnia na trasie Warszawa-Smole\u0144sk  nie mo\u017ce by\u0107 zabezpieczony. Wtedy adresatem pierwszych zarzut\u00f3w mo\u017ce by\u0107  kto\u015b z Kancelarii Prezydenta, kto zlekcewa\u017cy\u0142 tak\u0105 informacj\u0119 i nie  zgin\u0105\u0142 w katastrofie. Gdyby tak by\u0142o, to nale\u017ca\u0142oby si\u0119 powa\u017cnie  zastanowi\u0107, czy nie jest prawdziwa sugestia niekt\u00f3rych Bloger\u00f3w, \u017ce  \u201ewystawienie\u201d Lecha Kaczy\u0144skiego nie mog\u0142o si\u0119 odby\u0107 bez osoby,  dzia\u0142aj\u0105cej wewn\u0105trz Kancelarii Prezydenta, kt\u00f3ra nie wybiera\u0142a si\u0119  samolotem do Katynia.<\/p>\r\n\r\n<p>Gdyby komu\u015b uda\u0142o si\u0119  odnale\u017a\u0107 w czelu\u015bciach Internetu informacje dotycz\u0105ce wys\u0142ania  wspomnianej dyrektywy bezpiecze\u0144stwa, a najlepiej dotrze\u0107 do jej tre\u015bci,  lub chocia\u017c odnale\u017a\u0107 potwierdzenie, \u017ce taka odpowied\u017a faktycznie  zosta\u0142a udzielona przez kt\u00f3rego\u015b z adresat\u00f3w &#8211; to by\u015bmy mieli pierwsze  konkretne informacje na temat spodziewanego toku polskiej atrapy  \u015bledztwa.<\/p>\r\n\r\n<p>Znaj\u0105c <a href=\"http:\/\/niepoprawni.pl\/blog\/164\/gruppenfuehrer-kat\">niechlubn\u0105 rol\u0119<\/a> Arabskiego  w tym ca\u0142ym syfie, chyba si\u0119 domy\u015blam jak by\u0142o naprawd\u0119. Pytanie te\u017c,  czy prokuratura celowa\u0107 b\u0119dzie w faktycznie winnych, czy w koz\u0142\u00f3w  ofiarnych.<\/p>\r\n\r\n<p><br class=\"spacer_\" \/><\/p>\r\n\r\n<p class=\"zrodlo\"><em><strong>\u0141\u0141<\/strong><\/em><\/p>\r\n\r\n<p>Za: <a href=\"http:\/\/antydziad.salon24.pl\/212841,zarzuty-seremeta-pierwszy-ogien\" target=\"_blank\">\u0141a\u017c\u0105cy \u0141azarz<\/a><\/p><\/blockquote>","protected":false},"excerpt":{"rendered":"W \u015bledztwie dotycz\u0105cym katastrofy w Smole\u0144sku mo\u017cliwe jest postawienie \u201eokre\u015blonym osobom zarzut\u00f3w\u201d dotycz\u0105cych organizacji prezydenckiej wizyty &#8211; powiedzia\u0142 prokurator generalny Andrzej Seremet. Seremet nie ujawni\u0142 komu mog\u0105 by\u0107 postawione zarzuty i czy ich postawienie przez prokuratur\u0119 ujawni kierunek prowadzonego \u015bledztwa. \u201ePrzygotowujemy zbiorcz\u0105 informacj\u0119 tak\u017ce w zakresie organizacji wizyty. Przygotujemy informacj\u0119 nieco poszerzon\u0105 i postaram si\u0119 [&hellip;]","protected":false},"author":1,"featured_media":0,"comment_status":"closed","ping_status":"closed","sticky":false,"template":"","format":"standard","meta":{"_acf_changed":false,"_monsterinsights_skip_tracking":false,"_monsterinsights_sitenote_active":false,"_monsterinsights_sitenote_note":"","_monsterinsights_sitenote_category":0,"ngg_post_thumbnail":0,"footnotes":"","_wp_rev_ctl_limit":""},"categories":[139],"tags":[137],"acf":[],"_links":{"self":[{"href":"https:\/\/www.bibula.com\/index.php?rest_route=\/wp\/v2\/posts\/24944"}],"collection":[{"href":"https:\/\/www.bibula.com\/index.php?rest_route=\/wp\/v2\/posts"}],"about":[{"href":"https:\/\/www.bibula.com\/index.php?rest_route=\/wp\/v2\/types\/post"}],"author":[{"embeddable":true,"href":"https:\/\/www.bibula.com\/index.php?rest_route=\/wp\/v2\/users\/1"}],"replies":[{"embeddable":true,"href":"https:\/\/www.bibula.com\/index.php?rest_route=%2Fwp%2Fv2%2Fcomments&post=24944"}],"version-history":[{"count":0,"href":"https:\/\/www.bibula.com\/index.php?rest_route=\/wp\/v2\/posts\/24944\/revisions"}],"wp:attachment":[{"href":"https:\/\/www.bibula.com\/index.php?rest_route=%2Fwp%2Fv2%2Fmedia&parent=24944"}],"wp:term":[{"taxonomy":"category","embeddable":true,"href":"https:\/\/www.bibula.com\/index.php?rest_route=%2Fwp%2Fv2%2Fcategories&post=24944"},{"taxonomy":"post_tag","embeddable":true,"href":"https:\/\/www.bibula.com\/index.php?rest_route=%2Fwp%2Fv2%2Ftags&post=24944"}],"curies":[{"name":"wp","href":"https:\/\/api.w.org\/{rel}","templated":true}]}}