{"id":24762,"date":"2010-07-23T21:27:02","date_gmt":"2010-07-24T02:27:02","guid":{"rendered":"http:\/\/www.bibula.com\/?p=24762"},"modified":"2010-07-23T21:27:02","modified_gmt":"2010-07-24T02:27:02","slug":"czechowice-dziedzice-zniszczono-antyaborcyjna-wystawe","status":"publish","type":"post","link":"https:\/\/www.bibula.com\/?p=24762","title":{"rendered":"Czechowice-Dziedzice: Zniszczono antyaborcyjn\u0105 wystaw\u0119"},"content":{"rendered":"<p><strong>Nieznani sprawcy zniszczyli  jeden z plakat\u00f3w sk\u0142adaj\u0105cych si\u0119 na wystaw\u0119 &#8222;Wybierz \u0179ycie&#8221;,  prezentowan\u0105 od kilku dni na miejskim deptaku w  Czechowicach-Dziedzicach. Wandale zdewastowali fotogram przypominaj\u0105cy,  \u017ce prekursorem aborcji by\u0142 na terenie okupowanej Polski Adolf Hitler.<\/strong><\/p>\r\n\r\n<table style=\"width: 256px; height: 179px;\" cellspacing=\"0\" cellpadding=\"0\" align=\"left\">\r\n<tbody>\r\n<tr>\r\n<td><img decoding=\"async\" class=\"alignleft\" style=\"margin: 10px;\" src=\"http:\/\/www.konserwatyzm.pl\/files\/images\/5358_480.png\" alt=\"Podobne plakaty wzbudzaj\u0105 w\u015bciek\u0142o\u015b\u0107 w\u015br\u00f3d lewicwych aktywist\u00f3w...\" width=\"231\" height=\"152\" \/><\/td>\r\n<\/tr>\r\n<tr>\r\n<td><p class=\"zrodlo\">Fot. Podobne plakaty wzbudzaj\u0105 w\u015bciek\u0142o\u015b\u0107 w\u015br\u00f3d lewicwych aktywist\u00f3w&#8230;<\/p><\/td>\r\n<td width=\"10\"><\/td>\r\n<\/tr>\r\n<\/tbody>\r\n<\/table>\r\n\r\n<p>Organizatorzy zg\u0142osili zdarzenie, do kt\u00f3rego dosz\u0142o prawdopodobnie 22 lipca, na policj\u0119. Straty oszacowano na oko\u0142o 150 z\u0142otych.<\/p>\r\n\r\n<p>By\u0142 to kolejny przypadek niszczenia wystawy, kt\u00f3rej w\u0142a\u015bcicielem jest  Fundacja Pro. W ostatnich tygodniach ekspozycje by\u0142y kilkakrotnie  atakowane w S\u0142upsku, Zgorzelcu i Lublinie.<\/p>\r\n\r\n<p>Zdaniem Przemys\u0142awa Holochera, inicjatora organizacji wystawy w  Czechowicach, dewastacje \u015bwiadcz\u0105 o tym, \u017ce \u015brodowiskom aborcyjnym  brakuje rzeczowych argument\u00f3w.<\/p>\r\n\r\n<p>\/am\/ \/ <a title=\"(otworzy si\u0119 w nowym oknie)\" href=\"http:\/\/www.ekai.pl\/\" target=\"_blank\">www.ekai.pl<\/a><\/p>","protected":false},"excerpt":{"rendered":"Nieznani sprawcy zniszczyli jeden z plakat\u00f3w sk\u0142adaj\u0105cych si\u0119 na wystaw\u0119 &#8222;Wybierz \u0179ycie&#8221;, prezentowan\u0105 od kilku dni na miejskim deptaku w Czechowicach-Dziedzicach. Wandale zdewastowali fotogram przypominaj\u0105cy, \u017ce prekursorem aborcji by\u0142 na terenie okupowanej Polski Adolf Hitler. Fot. Podobne plakaty wzbudzaj\u0105 w\u015bciek\u0142o\u015b\u0107 w\u015br\u00f3d lewicwych aktywist\u00f3w&#8230; Organizatorzy zg\u0142osili zdarzenie, do kt\u00f3rego dosz\u0142o prawdopodobnie 22 lipca, na policj\u0119. Straty [&hellip;]","protected":false},"author":1,"featured_media":0,"comment_status":"closed","ping_status":"closed","sticky":false,"template":"","format":"standard","meta":{"_acf_changed":false,"_monsterinsights_skip_tracking":false,"ngg_post_thumbnail":0,"footnotes":"","_wp_rev_ctl_limit":""},"categories":[8],"tags":[94,114],"acf":[],"_links":{"self":[{"href":"https:\/\/www.bibula.com\/index.php?rest_route=\/wp\/v2\/posts\/24762"}],"collection":[{"href":"https:\/\/www.bibula.com\/index.php?rest_route=\/wp\/v2\/posts"}],"about":[{"href":"https:\/\/www.bibula.com\/index.php?rest_route=\/wp\/v2\/types\/post"}],"author":[{"embeddable":true,"href":"https:\/\/www.bibula.com\/index.php?rest_route=\/wp\/v2\/users\/1"}],"replies":[{"embeddable":true,"href":"https:\/\/www.bibula.com\/index.php?rest_route=%2Fwp%2Fv2%2Fcomments&post=24762"}],"version-history":[{"count":0,"href":"https:\/\/www.bibula.com\/index.php?rest_route=\/wp\/v2\/posts\/24762\/revisions"}],"wp:attachment":[{"href":"https:\/\/www.bibula.com\/index.php?rest_route=%2Fwp%2Fv2%2Fmedia&parent=24762"}],"wp:term":[{"taxonomy":"category","embeddable":true,"href":"https:\/\/www.bibula.com\/index.php?rest_route=%2Fwp%2Fv2%2Fcategories&post=24762"},{"taxonomy":"post_tag","embeddable":true,"href":"https:\/\/www.bibula.com\/index.php?rest_route=%2Fwp%2Fv2%2Ftags&post=24762"}],"curies":[{"name":"wp","href":"https:\/\/api.w.org\/{rel}","templated":true}]}}