{"id":2476,"date":"2008-09-11T10:17:47","date_gmt":"2008-09-11T10:17:47","guid":{"rendered":""},"modified":"-0001-11-30T00:00:00","modified_gmt":"-0001-11-30T04:00:00","slug":"","status":"publish","type":"post","link":"https:\/\/www.bibula.com\/?p=2476","title":{"rendered":"Syn prezydenta Francji po\u015blubi\u0142 c\u00f3rk\u0119 \u017cydowskiego miliardera"},"content":{"rendered":"<p>Syn prezydenta Francji Nicolasa Sarkozy, 22-letni Jean Sarkozy, kt\u00f3ry sam pr\u00f3buje ju\u017c si\u0142 w polityce, w\u017ceni\u0142 si\u0119 w bogat\u0105 rodzin\u0119 \u017cydowsk\u0105, po\u015blubiaj\u0105c Jessic\u0119 Sebaoun-Darty,  c\u00f3rk\u0119  w\u0142a\u015bcicieli najwi\u0119kszej we Francji sieci sklep\u00f3w, Darty.<\/p>\r\n<p>Uroczysto\u015b\u0107 mia\u0142a miejsce w \u015brod\u0119 wieczorem, 10 wrze\u015bnia br. w ratuszu w Neuilly. Jean Sarkozy zaprzeczy\u0142  spekulacjom jakoby zamierza przej\u015b\u0107 na judaizm. <\/p>\r\n<p>By\u0142a \u017cona obecnego prezydenta Nicolasa Sarkozy, C&eacute;cilia  Ciganer-Alb&eacute;niz, b\u0119d\u0105ca p\u00f3\u0142-Cygank\u0105-p\u00f3\u0142-\u017byd\u00f3wk\u0105, wysz\u0142a w marcu br. za \u017cydowskiego miliardera z Nowego Jorku, Richarda Attias.<BR \/>Nicolas Sarkozy pochodzi z rodziny katolicko-\u017cydowskiej. <\/p>\r\n<p>&nbsp;<\/p>\r\n<p>ZOB. R&Oacute;WNIE\u017b:<\/p>\r\n<ul>\r\n  <li><a class=\"content_sz\" href=\"http:\/\/www.bibula.com\/?p=01853\" target=\"_blank\">By\u0142a \u017cona prezydenta Francji wychodzi za m\u0105\u017c za \u017cydowskiego milionera z Nowego Jorku<\/a><\/li>\r\n  <li><a class=\"content_sz\" href=\"http:\/\/www.bibula.com\/?p=00730\" target=\"_blank\"><strong>Wzros\u0142a liczba \u017byd\u00f3w w parlamentach r\u00f3\u017cnych kraj\u00f3w \u015bwiata<\/strong><\/a><\/li>\r\n  <li><a class=\"content_sz\" href=\"http:\/\/www.bibula.com\/?p=01277\"><strong>\u017bydzi stanowi\u0105 wi\u0119cej ni\u017c po\u0142ow\u0119 najbardziej wp\u0142ywowych ludzi na \u015bwiecie &#8211; stwierdza ranking pisma <em>Vanity Fair<\/em><\/strong><\/a><\/li>\r\n  <li><a class=\"content_sz\" href=\"http:\/\/www.bibula.com\/?p=00712\"><strong>Wybory w USA: Czterokrotna nadreprezentacja \u017byd\u00f3w w Kongresie<\/strong><\/a><\/li>\r\n  <li><a class=\"content_sz\" href=\"http:\/\/www.bibula.com\/?p=00997\"><strong>Dalsza konsolidacja medi\u00f3w w r\u0119kach \u017cydowskich<\/strong><\/a><\/li>\r\n  <li><a class=\"content_sz\" href=\"http:\/\/www.bibula.com\/?p=01087\" target=\"_blank\"><strong>Nominacje premiera Gordon Brown<\/strong><\/a><\/li>\r\n  <li><a class=\"content_sz\" href=\"http:\/\/www.bibula.com\/?p=01236\">USA: Pod naciskiem grup \u017cydowskich katolicka uczelnia wycofa\u0142a zaproszenie dla Desmonda Tutu<\/a><\/li>\r\n  <li><a class=\"content_sz\" href=\"http:\/\/www.bibula.com\/?p=01224\">Nowojorskie grupy \u017cydowskie otrzyma\u0142y wi\u0119kszo\u015b\u0107 federalnych grant\u00f3w na &#8222;zabezpieczenie przed terroryzmem&#8221;<\/a><\/li>\r\n  <li><a class=\"content_sz\" href=\"http:\/\/www.bibula.com\/?p=01195\">Bush nominowa\u0142 ortodoksyjnego \u017byda na Prokuratora Generalnego USA<\/a><\/li>\r\n  <li><a class=\"content_sz\" href=\"http:\/\/www.bibula.com\/?p=01340\">Gdy brakuje antysemityzmu, nale\u017cy go samemu wykreowa\u0107: \u017byd\u00f3wka sama namalowa\u0142a sobie swastyki na drzwiach<\/a><\/li>\r\n  <li><a class=\"content_sz\" href=\"http:\/\/www.bibula.com\/?p=01265\">\u017bydowska organizacja chce uciszy\u0107 komentatork\u0119 Ann Coulter za jej uwag\u0119 o tym, \u017ce \u017bydzi powinni nawr\u00f3ci\u0107 si\u0119 na chrze\u015bcija\u0144stwo<\/a><\/li>\r\n  <li><a class=\"content_sz\" href=\"http:\/\/www.bibula.com\/?p=01263\">Rudolf Giuliani mianowa\u0142 kolejnych trzech \u017byd\u00f3w na swoich doradc\u00f3w<\/a><\/li>\r\n  <li><a class=\"content_sz\" href=\"http:\/\/www.bibula.com\/?p=00890\">&#8222;Tropiciel antysemityzmu&#8221; mianowany nowym dyrektorem Radia Wolna Europa<\/a><\/li>\r\n  <li><a class=\"content_sz\" href=\"http:\/\/www.bibula.com\/?p=00569\">Rudolph Giuliani najlepszym kandydatem na Prezydenta USA &#8222;z punktu widzenia interes\u00f3w Izraela&#8221;<\/a><\/li>\r\n  <li><a class=\"content_sz\" href=\"http:\/\/www.bibula.com\/?p=01295\">Gubernator Florydy wprowadza do swojego biura praktyki \u017cydowskie<\/a><\/li>\r\n  <li><a class=\"content_sz\" href=\"http:\/\/www.bibula.com\/?p=01638\" target=\"_blank\">Lobby \u017cydowskie, pajdokracja i manipulacja medialna<\/a><\/li>\r\n<\/ul>\r\n<p><\/p>\r\n\r\n","protected":false},"excerpt":{"rendered":"Syn prezydenta Francji Nicolasa Sarkozy, 22-letni Jean Sarkozy, kt\u00f3ry sam pr\u00f3buje ju\u017c si\u0142 w polityce, w\u017ceni\u0142 si\u0119 w bogat\u0105 rodzin\u0119 \u017cydowsk\u0105, po\u015blubiaj\u0105c Jessic\u0119 Sebaoun-Darty, c\u00f3rk\u0119 w\u0142a\u015bcicieli najwi\u0119kszej we Francji sieci sklep\u00f3w, Darty. Uroczysto\u015b\u0107 mia\u0142a miejsce w \u015brod\u0119 wieczorem, 10 wrze\u015bnia br. w ratuszu w Neuilly. Jean Sarkozy zaprzeczy\u0142 spekulacjom jakoby zamierza przej\u015b\u0107 na judaizm. By\u0142a [&hellip;]","protected":false},"author":1,"featured_media":0,"comment_status":"closed","ping_status":"open","sticky":false,"template":"","format":"standard","meta":{"_acf_changed":false,"_monsterinsights_skip_tracking":false,"_monsterinsights_sitenote_active":false,"_monsterinsights_sitenote_note":"","_monsterinsights_sitenote_category":0,"ngg_post_thumbnail":0,"footnotes":"","_wp_rev_ctl_limit":""},"categories":[6],"tags":[],"acf":[],"_links":{"self":[{"href":"https:\/\/www.bibula.com\/index.php?rest_route=\/wp\/v2\/posts\/2476"}],"collection":[{"href":"https:\/\/www.bibula.com\/index.php?rest_route=\/wp\/v2\/posts"}],"about":[{"href":"https:\/\/www.bibula.com\/index.php?rest_route=\/wp\/v2\/types\/post"}],"author":[{"embeddable":true,"href":"https:\/\/www.bibula.com\/index.php?rest_route=\/wp\/v2\/users\/1"}],"replies":[{"embeddable":true,"href":"https:\/\/www.bibula.com\/index.php?rest_route=%2Fwp%2Fv2%2Fcomments&post=2476"}],"version-history":[{"count":0,"href":"https:\/\/www.bibula.com\/index.php?rest_route=\/wp\/v2\/posts\/2476\/revisions"}],"wp:attachment":[{"href":"https:\/\/www.bibula.com\/index.php?rest_route=%2Fwp%2Fv2%2Fmedia&parent=2476"}],"wp:term":[{"taxonomy":"category","embeddable":true,"href":"https:\/\/www.bibula.com\/index.php?rest_route=%2Fwp%2Fv2%2Fcategories&post=2476"},{"taxonomy":"post_tag","embeddable":true,"href":"https:\/\/www.bibula.com\/index.php?rest_route=%2Fwp%2Fv2%2Ftags&post=2476"}],"curies":[{"name":"wp","href":"https:\/\/api.w.org\/{rel}","templated":true}]}}