{"id":24725,"date":"2010-07-22T22:35:45","date_gmt":"2010-07-23T03:35:45","guid":{"rendered":"http:\/\/www.bibula.com\/?p=24725"},"modified":"2010-07-22T22:35:45","modified_gmt":"2010-07-23T03:35:45","slug":"abw-podsluchiwalo-pralata-jankowskiego","status":"publish","type":"post","link":"https:\/\/www.bibula.com\/?p=24725","title":{"rendered":"ABW pods\u0142uchiwa\u0142o pra\u0142ata Jankowskiego"},"content":{"rendered":"<div><strong>Zmar\u0142y niedawno ks. Pra\u0142at  Henryk Jankowski by\u0142 w 2007 r. pods\u0142uchiwany przez ABW. Po co  pods\u0142uchiwano Kapelana \u201eSolidarno\u015bci\u201d &#8211; nie wiadomo.<\/strong><\/div>\r\n<div>\r\n<p>Jak podaje  dziennik \u201ePolska\u201d, w aktach umorzonego w 2009 r. \u015bledztwa w sprawie  ministerstwa rolnictwa s\u0105 pods\u0142uchy \u201ebardzo prywatnych\u201d rozm\u00f3w ks.  Jankowskiego. Mimo umorzenia \u015bledztwa, materia\u0142\u00f3w z pods\u0142uch\u00f3w nie  zniszczono.\r\n<div>\r\n<p>Monika  Lewandowska, rzeczniczka Prokuratury Okr\u0119gowej w Warszawie,  potwierdzi\u0142a, \u017ce w aktach tego \u015bledztwa znajduj\u0105 si\u0119 stenogramy z  pods\u0142uch\u00f3w operacyjnych dziewi\u0119ciu os\u00f3b, w tym ks. Henryka Jankowskiego.\r\nJak  podaje dziennik \u201ePolska\u201d w artykule pt. \u201eAfera pods\u0142uchowa\u201d, od lipca do  pa\u017adziernika 2007 r. ABW nagrywa\u0142a rozmowy kilkuset os\u00f3b. W  kilkudziesi\u0119ciu tomach umieszczono zapisy rozm\u00f3w prawnik\u00f3w, historyk\u00f3w,  dziennikarzy, biznesmen\u00f3w i os\u00f3b pe\u0142ni\u0105cych funkcje publiczne.  Pods\u0142uch\u00f3w, kt\u00f3re nie wi\u0105za\u0142y si\u0119 w og\u00f3le z przedmiotem \u015bledztwa, nie  zniszczono. Prokuratura nie ujawni\u0142a ani tego, kto jeszcze by\u0142 wtedy  pods\u0142uchiwany, ani dlaczego ujawniono takie dzia\u0142ania akurat wobec ks.  Jankowskiego.\r\n<div>\r\n<div><\/div>\r\n<\/div>\r\n<\/div>\r\n<\/div>","protected":false},"excerpt":{"rendered":"Zmar\u0142y niedawno ks. Pra\u0142at Henryk Jankowski by\u0142 w 2007 r. pods\u0142uchiwany przez ABW. Po co pods\u0142uchiwano Kapelana \u201eSolidarno\u015bci\u201d &#8211; nie wiadomo. Jak podaje dziennik \u201ePolska\u201d, w aktach umorzonego w 2009 r. \u015bledztwa w sprawie ministerstwa rolnictwa s\u0105 pods\u0142uchy \u201ebardzo prywatnych\u201d rozm\u00f3w ks. Jankowskiego. Mimo umorzenia \u015bledztwa, materia\u0142\u00f3w z pods\u0142uch\u00f3w nie zniszczono. Monika Lewandowska, rzeczniczka Prokuratury [&hellip;]","protected":false},"author":1,"featured_media":0,"comment_status":"closed","ping_status":"closed","sticky":false,"template":"","format":"standard","meta":{"_acf_changed":false,"_monsterinsights_skip_tracking":false,"_monsterinsights_sitenote_active":false,"_monsterinsights_sitenote_note":"","_monsterinsights_sitenote_category":0,"ngg_post_thumbnail":0,"footnotes":"","_wp_rev_ctl_limit":""},"categories":[8],"tags":[98,36],"acf":[],"_links":{"self":[{"href":"https:\/\/www.bibula.com\/index.php?rest_route=\/wp\/v2\/posts\/24725"}],"collection":[{"href":"https:\/\/www.bibula.com\/index.php?rest_route=\/wp\/v2\/posts"}],"about":[{"href":"https:\/\/www.bibula.com\/index.php?rest_route=\/wp\/v2\/types\/post"}],"author":[{"embeddable":true,"href":"https:\/\/www.bibula.com\/index.php?rest_route=\/wp\/v2\/users\/1"}],"replies":[{"embeddable":true,"href":"https:\/\/www.bibula.com\/index.php?rest_route=%2Fwp%2Fv2%2Fcomments&post=24725"}],"version-history":[{"count":0,"href":"https:\/\/www.bibula.com\/index.php?rest_route=\/wp\/v2\/posts\/24725\/revisions"}],"wp:attachment":[{"href":"https:\/\/www.bibula.com\/index.php?rest_route=%2Fwp%2Fv2%2Fmedia&parent=24725"}],"wp:term":[{"taxonomy":"category","embeddable":true,"href":"https:\/\/www.bibula.com\/index.php?rest_route=%2Fwp%2Fv2%2Fcategories&post=24725"},{"taxonomy":"post_tag","embeddable":true,"href":"https:\/\/www.bibula.com\/index.php?rest_route=%2Fwp%2Fv2%2Ftags&post=24725"}],"curies":[{"name":"wp","href":"https:\/\/api.w.org\/{rel}","templated":true}]}}