{"id":24711,"date":"2010-07-22T08:55:39","date_gmt":"2010-07-22T13:55:39","guid":{"rendered":"http:\/\/www.bibula.com\/?p=24711"},"modified":"2010-07-22T08:57:21","modified_gmt":"2010-07-22T13:57:21","slug":"ta-sama-bajka-ta-sama-kasa-rozmowa-z-januszem-rewinskim","status":"publish","type":"post","link":"https:\/\/www.bibula.com\/?p=24711","title":{"rendered":"Ta sama bajka, ta sama kasa &#8211; <em>rozmowa z Januszem Rewi\u0144skim<\/em>"},"content":{"rendered":"<p><em><strong>&#8222;Prze\u017cywam g\u0142\u0119boki szok i my\u015bl\u0119 sobie, jaki  mechanizm m\u00f3g\u0142 wkr\u0119ci\u0107 tych sympatycznych, m\u0142odych facet\u00f3w w prost\u0105,  mafijn\u0105 niemal zale\u017cno\u015b\u0107 od specjalist\u00f3w od s\u0142u\u017cb&#8221;. Z Januszem  Rewi\u0144skim, aktorem, rozmawia Rafa\u0142 Kotomski (&#8222;Gazeta Polska&#8221;).<\/strong><\/em>\r\n\r\n<p><strong>Czy pan si\u0119 w og\u00f3le interesuje polityk\u0105?<\/strong><\/p>\r\n\r\n<p>Prosz\u0119  pana, by\u0142em politykiem dla jaj. I zosta\u0142em pos\u0142em stworzonej przez  siebie Polskiej Partii Przyjaci\u00f3\u0142 Piwa. To chodzenie po sejmowych  korytarzach znam do b\u00f3lu, z autopsji.<\/p>\r\n\r\n<p><strong>I nadal wierzy pan, \u017ce polityk\u0119 mo\u017cna uprawia\u0107 tylko dla \u017cartu?<\/strong><\/p>\r\n\r\n<p>Niee\u2026 Wtedy by\u0142em m\u0142ody, a okres by\u0142 prze\u0142omowy, pocz\u0105tek lat dziewi\u0119\u0107dziesi\u0105tych. I urz\u0105dzi\u0142em sobie taki polityczny \u017cart.<\/p>\r\n\r\n<p><strong>Tak, ale mamy 20 lat p\u00f3\u017aniej i co? Dalej panu do \u015bmiechu? Polityka jest bardziej \u015bmieszna czy bardziej straszna?<\/strong><\/p>\r\n\r\n<p>Jednak  s\u0105dz\u0119, \u017ce jest strasznie i pojawiaj\u0105 si\u0119 wci\u0105\u017c nowe elementy wiej\u0105ce  groz\u0105. Uk\u0142ad wydaje si\u0119 do\u015b\u0107 bandycki, a wygl\u0105da tak, jakby jaka\u015b grupa  zaszanta\u017cowa\u0142a m\u0142odych, \u017c\u0105dnych w\u0142adzy ch\u0142opc\u00f3w i obieca\u0142a im to, czego  si\u0119 wcale nie spodziewali. Obserwuj\u0119, co si\u0119 wyprawia z tymi m\u0142odymi  lud\u017ami, kt\u00f3rzy kiedy\u015b byli opozycjonistami, pracowali w sp\u00f3\u0142dzielni  \u201e\u015awietlik\u201d i przyja\u017anili si\u0119 z Maciejem P\u0142a\u017cy\u0144skim. To wygl\u0105da gorzej  ni\u017c w <em>Granicy<\/em> Na\u0142kowskiej! Czuj\u0119 z ich strony tak\u0105 w\u0142a\u015bnie  motywacj\u0119: je\u017adzi\u0107 dobrymi samochodami, pali\u0107 cygara i pi\u0107 wino na koszt  podatnik\u00f3w.<\/p>\r\n\r\n<p><strong>Polityczne pocz\u0105tki Tuska, Schetyny, Drzewieckiego, Bieleckiego pan zdaje si\u0119 obserwowa\u0142 z bliska?<br \/>\r\n <\/strong><\/p>\r\n\r\n<p>Byli  ca\u0142kiem sympatyczni! Nosili \u0142adne koszule i dobrze skrojone garnitury.  Ich koledzy zak\u0142adali zreszt\u0105 fabryki, kt\u00f3re te stroje szy\u0142y. Sam  chodzi\u0142em w garniturze kupionym gdzie\u015b w upadaj\u0105cej \u201eModzie Polskiej\u201d,  jak jaki\u015b wasze\u0107 przebrany ze swetra w rodzaj konfekcji wisz\u0105cej w  sklepie. I te dziwaczne buty! A oni imponowali mi, bo wygl\u0105dali  estetycznie. Naiwnemu aktorowi z kabaretu wydawa\u0142o si\u0119, \u017ce to powiew  szlachetno\u015bci. Nie odr\u00f3\u017cnia\u0142em wtedy wszystkich odcieni \u201eSolidarno\u015bci\u201d.  Grupa, o kt\u00f3rej m\u00f3wi\u0119, w por\u00f3wnaniu z Geremkiem czy Mazowieckim to by\u0142  taki powiew \u015bwie\u017co\u015bci.<\/p>\r\n\r\n<p><strong>Jako polityk by\u0142 pan naiwny, a mo\u017ce ci w \u0142adnych garniturach ju\u017c wtedy mieli swoje za uszami?<\/strong><\/p>\r\n\r\n<p>Nie  s\u0105dz\u0119, bo przecie\u017c to by\u0142y pocz\u0105tki i trudno w przedszkolu mie\u0107 ju\u017c  sporo na sumieniu. Chocia\u017c dzisiaj mo\u017cemy tylko domniemywa\u0107, mo\u017ce jakie\u015b  dokumenty pozosta\u0142y w IPN-ie\u2026<\/p>\r\n\r\n<p><strong>\u2026kt\u00f3ry lewica wchodz\u0105ca coraz wyra\u017aniej w koalicj\u0119 z PO zamierza zlikwidowa\u0107.<br \/>\r\n <\/strong><\/p>\r\n\r\n<p>To  nic nowego! Ju\u017c wtedy chodzili pod rami\u0119 Jaskiernia z Piskorskim i Tusk  z Siwcem. My wam poprzemy Siwca do KRRiTV, wy nam poprzecie  Zar\u0119bskiego. Ta koncepcja rodzi\u0142a si\u0119 na moich oczach.<\/p>\r\n\r\n<p><strong>Wiecznie \u017cywa koncepcja trwa\u0142ych rz\u0105d\u00f3w o\u015bwieconej cz\u0119\u015bci postsolidarno\u015bci i postkomuny.<br \/>\r\n <\/strong><\/p>\r\n\r\n<p>Oczywi\u015bcie!  Pomys\u0142 na prze\u017cycie 20-30 lat. My b\u0119dziemy propozycj\u0105 &#8211; wy opozycj\u0105 i  na odwr\u00f3t. Wiecie, rozumiecie, jeste\u015bmy w tym samym wieku, po co mamy  si\u0119 r\u017cn\u0105\u0107, ci\u0105\u0107 i bi\u0107\u2026 Zanim przysz\u0142a era Kwa\u015bniewskiego, pierwsze ruchy  by\u0142y w tej solidarno\u015bciowej m\u0142odzie\u017c\u00f3wce, kiedy oni si\u0119 wysy\u0142ali do  rady radiofonii.<\/p>\r\n\r\n<p><strong>Jest szansa na powt\u00f3rk\u0119 z rozrywki i powr\u00f3t do epokowej  koncepcji. Jan Pietrzak m\u00f3wi o froncie jedno\u015bci narodu. Pan nie zapisa\u0142  si\u0119 do dworu Komorowskiego, a tak przecie\u017c wypada\u0142o\u2026<\/strong><\/p>\r\n\r\n<p>Nie  wiem, na czym to polega. Na pewno dominuj\u0105 postawy, \u017ce tak wypada, a  obracaj\u0105c si\u0119 w \u015brodowisku artystycznym, nie mo\u017cna inaczej\u2026 Ludzie  zbli\u017caj\u0105 si\u0119 do tej, a nie innej gazety, stylu my\u015blenia, picia,  ubierania. I to bezwiednie. To towarzystwo poddaje si\u0119 rz\u0105dowi dusz  pewnej stacji telewizyjnej, pewnej gazety. I wystarczy, \u017ce to jest cacy,  a tamto fe. Cacy zreszt\u0105 jest wygodne i przyjemne, to po co g\u0142\u0119bsza  refleksja?<\/p>\r\n\r\n<p><strong>Artysta-nonkonformista to w kraju nad Wis\u0142\u0105 wymieraj\u0105cy gatunek.<\/strong><\/p>\r\n\r\n<p>Zast\u0105pi\u0142  go artysta, kt\u00f3ry co prawda popiera ca\u0142ym sercem, ale nie zna nawet  imienia nowego prezydenta. Zreszt\u0105 im najbardziej potrzebna jest fura,  kom\u00f3ra i dyskoteka mi\u0119dzy planem filmowym albo scen\u0105.<\/p>\r\n\r\n<p><strong>I przy szklance czego\u015b mocniejszego za\u015bmiewaj\u0105 si\u0119 z dowcip\u00f3w Palikota. Ma pan jaki\u015b pomys\u0142 na niego?<\/strong><\/p>\r\n\r\n<p>Nie  wiem, kto to jest. Uciek\u0142, gdy zobaczy\u0142 mnie przed debat\u0105 telewizyjn\u0105  Kaczy\u0144ski-Komorowski. A szkoda, bo go szukali\u015bmy. Swoje zdanie mam, ale  by\u0142em ciekaw, kto to jest z bliska. Pewnie cz\u0142owiek szkolony. Kiedy\u015b pan  Superczy\u0144ski rozpozna\u0142 si\u0119 na zdj\u0119ciu zamiast Wachowskiego. Teraz jest  \u201eJanusz, to ty?\u201d. Ale to wci\u0105\u017c ta sama bajka, ci sami przebiera\u0144cy, to  samo powiedziane i wyseplenione. No i ta sama kasa\u2026 Nie oszukujmy si\u0119  polskie rozdanie nie jest \u017cadnym fuksem. Od pocz\u0105tku by\u0142o wiadomo, kto  ma mie\u0107 hurtowni\u0119 piwa czy wina, kto hurtowni\u0119 papieros\u00f3w, a kto pa\u0142ac. I  z tego rozdania ten pan si\u0119 wzi\u0105\u0142. W Lublinie ju\u017c go znaj\u0105 i si\u0119  wstydz\u0105.<\/p>\r\n\r\n<p><strong>Na szcz\u0119\u015bcie s\u0105 jeszcze Rymkiewicz, Kilar, Zelnik, \u0141aniewska\u2026<\/strong><\/p>\r\n\r\n<p>Musia\u0142  by\u0107 jaki\u015b zapalnik. Co\u015b si\u0119 zdarzy\u0142o, \u017ce cz\u0119\u015b\u0107 \u015brodowiska  intelektualnego powiedzia\u0142a sobie, \u017ce tak dalej by\u0107 nie mo\u017ce. Non  possumus! Pr\u00f3ba zatamowania tego jest rozpaczliw\u0105 pr\u00f3b\u0105 \u0142atania wa\u0142\u00f3w  przeciwpowodziowych. A to ju\u017c ruszy\u0142o z filmem Pospieszalskiego i  Stankiewicz, z dziesi\u0105tkami tysi\u0119cy podpis\u00f3w zebranych przez Rad\u0119  Katy\u0144sk\u0105 prof. Trznadla. Nie da si\u0119 zatka\u0107 jednym workiem z piaskiem.  Ludzie zrozumieli, gdzie jest bariera obciachu. Chc\u0105 mie\u0107 w\u0142asne zdanie i  je artyku\u0142owa\u0107. Koniec chowania si\u0119 po k\u0105tach , bo jeste\u015bmy mo\u017ce  brzydcy, \u017ale ubrani, nosimy moherowe berety\u2026 Co z tego? Oni byli  przecie\u017c tacy \u0142adni\u2026<\/p>\r\n\r\n<p><strong>No i \u201egdzie si\u0119 podzia\u0142y tamte prywatki\u201d?<\/strong><\/p>\r\n\r\n<p>Ci  politycy potwornie si\u0119 zmienili! Co\u015b niebywa\u0142ego! Prze\u017cywam g\u0142\u0119boki  szok i my\u015bl\u0119, jaki mechanizm m\u00f3g\u0142 wkr\u0119ci\u0107 tych sympatycznych, m\u0142odych  facet\u00f3w w prost\u0105, mafijn\u0105 niemal zale\u017cno\u015b\u0107 od specjalist\u00f3w od s\u0142u\u017cb. A  ci w\u0142a\u015bnie jegomo\u015bciowie nawet w wywiadach prasowych wr\u0119cz che\u0142pi\u0105 si\u0119,  \u017ce tworzyli PO. Wypisz, wymaluj z jednej strony gwardia, a z drugiej  legia! Nie mog\u0119 si\u0119 z tym pogodzi\u0107. I dzisiaj najwa\u017cniejsze s\u0105 pytania,  czego tak strasznie si\u0119 boj\u0105? Smole\u0144ska? Afery hazardowej?<\/p>\r\n\r\n<p><strong>O jakiej aferze pan m\u00f3wi? Przecie\u017c \u017cadnej afery nie by\u0142o. Przewodnicz\u0105cy Seku\u0142a ju\u017c to stwierdzi\u0142.<\/strong><\/p>\r\n\r\n<p>To  dopiero pod\u0142a konstrukcja! Ludzie przestali si\u0119 wstydzi\u0107 by\u0107  nikczemnymi. Ten nieszcz\u0119sny kandydat na prezydenta Zabrza nie wstydzi  si\u0119 pisa\u0107 takich raport\u00f3w. Cho\u0107 jako aktor po szkole teatralnej  rozumiem, \u017ce obsad\u0119 trzeba w\u0142a\u015bciwie dobra\u0107.<\/p>\r\n\r\n<p><strong>Seku\u0142a rol\u0119 w <em>Rewizorze <\/em>Gogola mia\u0142by pewn\u0105. I nie my\u015bl\u0119 o roli g\u0142\u00f3wnej.<\/strong><\/p>\r\n\r\n<p>W\u0142a\u015bnie, przecie\u017c ten facet ma wszystko na twarzy wypisane! Zastanawiam si\u0119, czy ludzie tego nie widz\u0105<a id=\"anchorbbtBubble486\" href=\"javascript:void(0)\"> <\/a>,  czy nie chc\u0105 widzie\u0107. P\u00f3\u017aniej, jak ju\u017c zrozumiej\u0105, to zaczn\u0105 si\u0119  wstydzi\u0107, \u017ce dali si\u0119 tak strasznie nabra\u0107. C\u00f3\u017c, mo\u017ce ludziom wystarczy  jednak \u017cycia, by odr\u00f3\u017cni\u0107 dobro od z\u0142a. To taka bardzo podstawowa rzecz.<\/p>\r\n\r\n<p><strong>Przej\u0105\u0142 si\u0119 pan, a mo\u017ce lepiej to wszystko bra\u0107 \u017cartem?<\/strong><\/p>\r\n\r\n<p>A co ja robi\u0119?<\/p>\r\n\r\n<p><strong>I daje si\u0119?<\/strong><\/p>\r\n\r\n<p>Pr\u00f3buj\u0119, ale spodziewa\u0142by si\u0119 pan, \u017ce si\u0119 dogada Tusk z Farfa\u0142em i Giertychem?<\/p>\r\n\r\n<p><strong>Bo by\u0142 w TVP pa\u0144ski popularny program \u201eSzkoda gada\u0107\u201d, a potem by\u0142o \u201ecyk i nie ma\u201d &#8211; to pan mia\u0142 na my\u015bli?<\/strong><\/p>\r\n\r\n<p>Chc\u0119  powiedzie\u0107, \u017ce dosta\u0142em w TVP propozycj\u0119 do odrzucenia. Przyszed\u0142  ojciec chrzestny i za t\u0119 sam\u0105 prac\u0119 co dotychczas zaproponowa\u0142 jedn\u0105  czwart\u0105 honorarium. Dlaczego mia\u0142em si\u0119 na to godzi\u0107? Przecie\u017c  pracowa\u0142em tak samo, a poprzednia stawka by\u0142a <a id=\"anchorbbtBubblePhr2\" href=\"javascript:void(0)\">dla <\/a>firmy  do ud\u017awigni\u0119cia. Tak nie mo\u017cna!<\/p>\r\n\r\n<p><strong>S\u0142ysza\u0142em, \u017ce ma pan jednak wr\u00f3ci\u0107 z innym swoim programem do telewizji?<\/strong><\/p>\r\n\r\n<p>Z  czym mam si\u0119 rozp\u0119dza\u0107? Przecie\u017c pani urlopowana z Agory  \u015aledzi\u0144ska-Katarasi\u0144ska dalej jest rozgrywaj\u0105c\u0105. Kilka razy si\u0119 nie  uda\u0142o, a teraz pewnie si\u0119 uda, bo jest Bronek i mo\u017cna czy\u015bci\u0107 telewizj\u0119,  zrobi\u0107 prawdziwy przeci\u0105g.<\/p>\r\n\r\n<p><strong>Czyli pomys\u0142u pan nie ma?<\/strong><\/p>\r\n\r\n<p>Ja to jestem aktor od przyjmowania lub odrzucania propozycji.<\/p>\r\n\r\n<p><strong>Jak tak sobie siedzimy w\u015br\u00f3d p\u00f3l i las\u00f3w, to wygl\u0105da mi na to, \u017ce pan ma prawdziw\u0105 przerw\u0119.<\/strong><\/p>\r\n\r\n<p>Bywaj\u0105  tak zwane odej\u015bcia wymuszone, kiedy okazuje si\u0119, \u017ce cz\u0142owiek, kt\u00f3ry co\u015b  osi\u0105gn\u0105\u0142, ma co\u015b tam ponagrywane, jakie\u015b role na koncie &#8211; jest  niepotrzebny. Nikt do niego nie dzwoni.<\/p>\r\n\r\n<p><strong>I z czego taki cz\u0142owiek \u017cyje?<\/strong><\/p>\r\n\r\n<p>Z oszcz\u0119dno\u015bci.<\/p>\r\n\r\n<p><strong>A konie? Nie da si\u0119 wy\u017cy\u0107 z ich hodowli?<br \/>\r\n <\/strong><\/p>\r\n\r\n<p>Prosz\u0119  pana, to jest tylko hobby. Z honorarium za poprowadzenie Opola kupi\u0142em  sobie konia. Ten ko\u0144 je, kosztuje i musi pi\u0119knie wygl\u0105da\u0107. A ja  codziennie mam przy nim co robi\u0107.<\/p>\r\n\r\n<p><strong>Mo\u017ce w Wigili\u0119 co\u015b powie o nowym triumwiracie polskiej polityki?<\/strong><\/p>\r\n\r\n<p>Po ostatnich wyborach ju\u017c m\u00f3wi\u0142, ale bardzo kr\u00f3tko, tylko jedno s\u0142owo.<\/p>\r\n\r\n<p><strong>Domy\u015blam si\u0119, \u017ce nie do powt\u00f3rzenia?<\/strong><\/p>\r\n\r\n<p>By\u0142o niecenzuralne i nieparlamentarne.<\/p>","protected":false},"excerpt":{"rendered":"&#8222;Prze\u017cywam g\u0142\u0119boki szok i my\u015bl\u0119 sobie, jaki mechanizm m\u00f3g\u0142 wkr\u0119ci\u0107 tych sympatycznych, m\u0142odych facet\u00f3w w prost\u0105, mafijn\u0105 niemal zale\u017cno\u015b\u0107 od specjalist\u00f3w od s\u0142u\u017cb&#8221;. Z Januszem Rewi\u0144skim, aktorem, rozmawia Rafa\u0142 Kotomski (&#8222;Gazeta Polska&#8221;). Czy pan si\u0119 w og\u00f3le interesuje polityk\u0105? Prosz\u0119 pana, by\u0142em politykiem dla jaj. I zosta\u0142em pos\u0142em stworzonej przez siebie Polskiej Partii Przyjaci\u00f3\u0142 Piwa. [&hellip;]","protected":false},"author":1,"featured_media":0,"comment_status":"closed","ping_status":"closed","sticky":false,"template":"","format":"standard","meta":{"_acf_changed":false,"_monsterinsights_skip_tracking":false,"_monsterinsights_sitenote_active":false,"_monsterinsights_sitenote_note":"","_monsterinsights_sitenote_category":0,"ngg_post_thumbnail":0,"footnotes":"","_wp_rev_ctl_limit":""},"categories":[9],"tags":[98],"acf":[],"_links":{"self":[{"href":"https:\/\/www.bibula.com\/index.php?rest_route=\/wp\/v2\/posts\/24711"}],"collection":[{"href":"https:\/\/www.bibula.com\/index.php?rest_route=\/wp\/v2\/posts"}],"about":[{"href":"https:\/\/www.bibula.com\/index.php?rest_route=\/wp\/v2\/types\/post"}],"author":[{"embeddable":true,"href":"https:\/\/www.bibula.com\/index.php?rest_route=\/wp\/v2\/users\/1"}],"replies":[{"embeddable":true,"href":"https:\/\/www.bibula.com\/index.php?rest_route=%2Fwp%2Fv2%2Fcomments&post=24711"}],"version-history":[{"count":0,"href":"https:\/\/www.bibula.com\/index.php?rest_route=\/wp\/v2\/posts\/24711\/revisions"}],"wp:attachment":[{"href":"https:\/\/www.bibula.com\/index.php?rest_route=%2Fwp%2Fv2%2Fmedia&parent=24711"}],"wp:term":[{"taxonomy":"category","embeddable":true,"href":"https:\/\/www.bibula.com\/index.php?rest_route=%2Fwp%2Fv2%2Fcategories&post=24711"},{"taxonomy":"post_tag","embeddable":true,"href":"https:\/\/www.bibula.com\/index.php?rest_route=%2Fwp%2Fv2%2Ftags&post=24711"}],"curies":[{"name":"wp","href":"https:\/\/api.w.org\/{rel}","templated":true}]}}