{"id":24692,"date":"2010-07-21T21:56:10","date_gmt":"2010-07-22T02:56:10","guid":{"rendered":"http:\/\/www.bibula.com\/?p=24692"},"modified":"2010-07-21T21:56:10","modified_gmt":"2010-07-22T02:56:10","slug":"macierewicz-czy-specjalisci-z-polski-byli-przy-sekcji-ofiar","status":"publish","type":"post","link":"https:\/\/www.bibula.com\/?p=24692","title":{"rendered":"Macierewicz: czy specjali\u015bci z Polski byli przy sekcji ofiar?"},"content":{"rendered":"<p><strong>Pose\u0142 PiS Antoni Macierewicz, powo\u0142uj\u0105c si\u0119 na wypowiedzi prokuratury wojskowej, twierdzi, \u017ce podczas sekcji zw\u0142ok ofiar katastrofy pod Smole\u0144skiem nie byli obecni polscy lekarze. <\/strong><\/p>\r\n\r\n<p>Jak zaznaczy\u0142 na konferencji prasowej, oczekuje od minister zdrowia Ewy Kopacz wyja\u015bnie\u0144 w tej sprawie. Jak przypmnia\u0142 pose\u0142 PiS, minister twierdzi\u0142a, \u017ce by\u0142a \u015bwiadkiem badania przeprowadzanego przez polskich i rosyjskich patomorfolog\u00f3w w obecno\u015bci prokurator\u00f3w z obydwu pa\u0144stw.<\/p>\r\n\r\n<p>Zdaniem Macierewicza, te rozbie\u017cno\u015bci s\u0105 &#8222;szokuj\u0105ce&#8221;. Pose\u0142 zaznaczy\u0142, \u017ce Ewa Kopacz musi wyja\u015bni\u0107, czy rzeczywi\u015bcie by\u0142a \u015bwiadkiem sekcji zw\u0142ok. &#8222;Pytamy premiera Tuska, czy tylko opinia publiczna zosta\u0142a wprowadzona w b\u0142\u0105d, czy on tak\u017ce&#8221;- podkre\u015bla\u0142 Antoni Macierewicz.<\/p>\r\n\r\n<p>Antoni Macierewicz stoi on na czele powo\u0142anego przez PiS zespo\u0142u parlamentarnego badaj\u0105cego przyczyny katastrofy smole\u0144skiej.<\/p>\r\n\r\n<p>Wed\u0142ug informacji \u201eGazety Wyborczej\u201d patomorfolodzy z\u0142o\u017cyli w prokuraturze o\u015bwiadczenie, z kt\u00f3rego wynika, \u017ce do moskiewskiego zak\u0142adu medycyny s\u0105dowej przybyli po wszystkim. O sekcji dowiedzieli si\u0119 od Rosjan. Wnioskowali o tym tak\u017ce na podstawie \u015blad\u00f3w, jakie zobaczyli na zw\u0142okach.<\/p>\r\n\r\n<p><strong>Pracowali r\u0119ka w r\u0119k\u0119<\/strong><\/p>\r\n\r\n<p>29 kwietnia, Ewy Kopacz w Sejmie m\u00f3wi\u0142a o pracy w Moskwie przy identyfikacji cia\u0142 ofiar katastrofy. &#8211; Z wielk\u0105 uwag\u0105 obserwowa\u0142am prac\u0119 naszych patomorfolog\u00f3w przez pierwsze godziny. Pierwsze godziny nie by\u0142y \u0142atwe i to pa\u0144stwo musicie wiedzie\u0107. Przez moment nasi polscy lekarze byli traktowani jako obserwatorzy tego, co si\u0119 dzieje. To trwa\u0142o mo\u017ce kilkana\u015bcie minut, a potem, kiedy za\u0142o\u017cyli fartuchy i stan\u0119li do pracy razem z lekarzami rosyjskimi, nie musieli do siebie nic m\u00f3wi\u0107. Wykonywali jak fachowcy swoj\u0105 prac\u0119, z wielkim poszanowaniem ofiar tej katastrofy &#8211; m\u00f3wi\u0142a Kopacz.<\/p>\r\n\r\n<p>W czasie wyst\u0105pienia podkre\u015bla\u0142a, \u017ce w Moskwie pracowali zar\u00f3wno polscy jak i rosyjscy specjali\u015bci. &#8211; (\u2026) Badania, kt\u00f3re odbywa\u0142y si\u0119 w Moskwie, nie by\u0142y wy\u0142\u0105cznie prowadzone przez specjalist\u00f3w rosyjskich. Nasi polscy genetycy uczestniczyli w tych pracach i sp\u0119dzali tam po kilkana\u015bcie godzin dziennie. Byli tam zar\u00f3wno wtedy, kiedy od rodzin pobierano materia\u0142 por\u00f3wnawczy do bada\u0144 genetycznych, jak i wtedy, kiedy te badania analizowano &#8211; podkre\u015bla\u0142a minister.<\/p>\r\n\r\n<p><strong>Pos\u0142uchaj rozmowy z minister Ew\u0105 Kopacz o pracy polskich patomorfolog\u00f3w (1:55)<\/strong><\/p>\r\n\r\n<p>\r\n<object width=\"480\" height=\"385\"><param name=\"movie\" value=\"http:\/\/www.youtube.com\/v\/h0KjUXOFiSM&amp;hl=pl_PL&amp;fs=1?color1=0x5d1719&amp;color2=0xcd311b\" \/><param name=\"allowFullScreen\" value=\"true\" \/><param name=\"allowscriptaccess\" value=\"always\" \/><\/object>\r\n<\/p>\r\n\r\n<p><br class=\"spacer_\" \/><\/p>\r\n\r\n<p>rk,Informacyjna Agencja Radiowa (IAR)<\/p>","protected":false},"excerpt":{"rendered":"Pose\u0142 PiS Antoni Macierewicz, powo\u0142uj\u0105c si\u0119 na wypowiedzi prokuratury wojskowej, twierdzi, \u017ce podczas sekcji zw\u0142ok ofiar katastrofy pod Smole\u0144skiem nie byli obecni polscy lekarze. Jak zaznaczy\u0142 na konferencji prasowej, oczekuje od minister zdrowia Ewy Kopacz wyja\u015bnie\u0144 w tej sprawie. Jak przypmnia\u0142 pose\u0142 PiS, minister twierdzi\u0142a, \u017ce by\u0142a \u015bwiadkiem badania przeprowadzanego przez polskich i rosyjskich patomorfolog\u00f3w [&hellip;]","protected":false},"author":1,"featured_media":0,"comment_status":"closed","ping_status":"closed","sticky":false,"template":"","format":"standard","meta":{"_acf_changed":false,"_monsterinsights_skip_tracking":false,"_monsterinsights_sitenote_active":false,"_monsterinsights_sitenote_note":"","_monsterinsights_sitenote_category":0,"ngg_post_thumbnail":0,"footnotes":"","_wp_rev_ctl_limit":""},"categories":[139],"tags":[98,137],"acf":[],"_links":{"self":[{"href":"https:\/\/www.bibula.com\/index.php?rest_route=\/wp\/v2\/posts\/24692"}],"collection":[{"href":"https:\/\/www.bibula.com\/index.php?rest_route=\/wp\/v2\/posts"}],"about":[{"href":"https:\/\/www.bibula.com\/index.php?rest_route=\/wp\/v2\/types\/post"}],"author":[{"embeddable":true,"href":"https:\/\/www.bibula.com\/index.php?rest_route=\/wp\/v2\/users\/1"}],"replies":[{"embeddable":true,"href":"https:\/\/www.bibula.com\/index.php?rest_route=%2Fwp%2Fv2%2Fcomments&post=24692"}],"version-history":[{"count":0,"href":"https:\/\/www.bibula.com\/index.php?rest_route=\/wp\/v2\/posts\/24692\/revisions"}],"wp:attachment":[{"href":"https:\/\/www.bibula.com\/index.php?rest_route=%2Fwp%2Fv2%2Fmedia&parent=24692"}],"wp:term":[{"taxonomy":"category","embeddable":true,"href":"https:\/\/www.bibula.com\/index.php?rest_route=%2Fwp%2Fv2%2Fcategories&post=24692"},{"taxonomy":"post_tag","embeddable":true,"href":"https:\/\/www.bibula.com\/index.php?rest_route=%2Fwp%2Fv2%2Ftags&post=24692"}],"curies":[{"name":"wp","href":"https:\/\/api.w.org\/{rel}","templated":true}]}}