{"id":24676,"date":"2010-07-21T10:39:06","date_gmt":"2010-07-21T15:39:06","guid":{"rendered":"http:\/\/www.bibula.com\/?p=24676"},"modified":"2010-07-21T10:39:06","modified_gmt":"2010-07-21T15:39:06","slug":"fiat-podjal-decyzje-w-sprawie-pandy-polski-rzad-nie-probowal-zapobiec-przeniesieniu-produkcji","status":"publish","type":"post","link":"https:\/\/www.bibula.com\/?p=24676","title":{"rendered":"Fiat podj\u0105\u0142 decyzj\u0119 w sprawie Pandy. Polski rz\u0105d nie pr\u00f3bowa\u0142 zapobiec przeniesieniu produkcji"},"content":{"rendered":"<p><strong>Zarz\u0105d Fiata zaaprobowa\u0142 decyzj\u0119 o przeniesieniu produkcji Pandy z Polski do W\u0142och. Posiedzenie odby\u0142o si\u0119 wyj\u0105tkowo nie w Turynie, lecz w Auburn Hills pod Detroit, w kwaterze generalnej Chryslera. To &#8211; zdaniem obserwator\u00f3w &#8211; \u015bwiadczy o tym, \u017ce niebawem \u015brodkiem ci\u0119\u017cko\u015bci w\u0142oskiego koncernu b\u0119d\u0105 Stany Zjednoczone.<\/strong><\/p>\r\n\r\n<p>Przekonanie to umacnia zaaprobowana w Detroit decyzja o podziale Fiata od przysz\u0142ego roku na dwie niezale\u017cne grupy: jedna b\u0119dzie si\u0119 zajmowa\u0107 wy\u0142\u0105cznie motoryzacj\u0105, druga &#8211; pod nazw\u0105 Fiat Industrial &#8211; b\u0119dzie kontrolowa\u0107 udzia\u0142y koncernu w innych sektorach.<\/p>\r\n\r\n<p><span class=\"pullquote\"><!-- Nikt nie zapyta\u0142 Polak\u00f3w o zdanie w tej sprawie --><\/span><\/p>\r\n\r\n<p>Perspektywa usamodzielnienia si\u0119 grupy Fiat Automobiles jest &#8211; zdaniem analityk\u00f3w &#8211; wst\u0119pem do jej umi\u0119dzynarodowienia. W konsekwencji &#8211; twierdz\u0105 obserwatorzy &#8211; W\u0142ochy, z ojczyzny Fiata, stan\u0105 si\u0119 jednym z jego rynk\u00f3w i b\u0119d\u0105 mie\u0107 taki sam wp\u0142yw na jego decyzje, jak na przyk\u0142ad Polska, czyli niewielki.<\/p>\r\n\r\n<p>\u00a0W zwi\u0105zku z tym cytuje si\u0119 niedawne trudno\u015bci z przeniesieniem produkcji Pandy do Pomigliano d&#8217;Arco pod Neapolem.\u00a0&#8222;Rozwi\u0105zano je pod d\u0142ugich rokowaniach ze zwi\u0105zkami zawodowymi i referendum w\u015br\u00f3d za\u0142ogi, podczas gdy nikt nie zapyta\u0142 Polak\u00f3w o zdanie w tej sprawie&#8221; &#8211; pisze internetowy dziennik &#8222;Blitzquotidiano&#8221;.<\/p>","protected":false},"excerpt":{"rendered":"Zarz\u0105d Fiata zaaprobowa\u0142 decyzj\u0119 o przeniesieniu produkcji Pandy z Polski do W\u0142och. Posiedzenie odby\u0142o si\u0119 wyj\u0105tkowo nie w Turynie, lecz w Auburn Hills pod Detroit, w kwaterze generalnej Chryslera. To &#8211; zdaniem obserwator\u00f3w &#8211; \u015bwiadczy o tym, \u017ce niebawem \u015brodkiem ci\u0119\u017cko\u015bci w\u0142oskiego koncernu b\u0119d\u0105 Stany Zjednoczone. Przekonanie to umacnia zaaprobowana w Detroit decyzja o podziale [&hellip;]","protected":false},"author":1,"featured_media":0,"comment_status":"closed","ping_status":"closed","sticky":false,"template":"","format":"standard","meta":{"_acf_changed":false,"_monsterinsights_skip_tracking":false,"_monsterinsights_sitenote_active":false,"_monsterinsights_sitenote_note":"","_monsterinsights_sitenote_category":0,"ngg_post_thumbnail":0,"footnotes":"","_wp_rev_ctl_limit":""},"categories":[6],"tags":[106,98,52],"acf":[],"_links":{"self":[{"href":"https:\/\/www.bibula.com\/index.php?rest_route=\/wp\/v2\/posts\/24676"}],"collection":[{"href":"https:\/\/www.bibula.com\/index.php?rest_route=\/wp\/v2\/posts"}],"about":[{"href":"https:\/\/www.bibula.com\/index.php?rest_route=\/wp\/v2\/types\/post"}],"author":[{"embeddable":true,"href":"https:\/\/www.bibula.com\/index.php?rest_route=\/wp\/v2\/users\/1"}],"replies":[{"embeddable":true,"href":"https:\/\/www.bibula.com\/index.php?rest_route=%2Fwp%2Fv2%2Fcomments&post=24676"}],"version-history":[{"count":0,"href":"https:\/\/www.bibula.com\/index.php?rest_route=\/wp\/v2\/posts\/24676\/revisions"}],"wp:attachment":[{"href":"https:\/\/www.bibula.com\/index.php?rest_route=%2Fwp%2Fv2%2Fmedia&parent=24676"}],"wp:term":[{"taxonomy":"category","embeddable":true,"href":"https:\/\/www.bibula.com\/index.php?rest_route=%2Fwp%2Fv2%2Fcategories&post=24676"},{"taxonomy":"post_tag","embeddable":true,"href":"https:\/\/www.bibula.com\/index.php?rest_route=%2Fwp%2Fv2%2Ftags&post=24676"}],"curies":[{"name":"wp","href":"https:\/\/api.w.org\/{rel}","templated":true}]}}