{"id":24652,"date":"2010-07-20T22:23:37","date_gmt":"2010-07-21T03:23:37","guid":{"rendered":"http:\/\/www.bibula.com\/?p=24652"},"modified":"2010-07-20T22:23:37","modified_gmt":"2010-07-21T03:23:37","slug":"komunista-na-czele-ukrainskiego-ipn","status":"publish","type":"post","link":"https:\/\/www.bibula.com\/?p=24652","title":{"rendered":"Komunista na czele ukrai\u0144skiego IPN"},"content":{"rendered":"<p><strong>Na czele ukrai\u0144skiego Instytutu Pami\u0119ci Narodowej stan\u0105\u0142  komunistyczny historyk Walerij So\u0142datenko. Mo\u017ce to oznacza\u0107 ca\u0142kowite  zaniechanie bada\u0144 nad przemilczanymi w czasach Zwi\u0105zku Radzieckiego  kartami historii Ukrainy.<br \/>\r\n<\/strong><\/p>\r\n\r\n<p>Walerij So\u0142datenko pochodzi z  Doniecka. W czasach ZSRR by\u0142 historykiem przy Komitecie Centralnym  Partii Komunistycznej Ukrainy oraz w kijowskiej szkole partyjnej. Po  1992 roku pracowa\u0142 w Ukrai\u0144skiej Akademii Nauk.<\/p>\r\n\r\n<p>Historycy  obawiaj\u0105 si\u0119, \u017ce nowy szef ukrai\u0144skiego Insytutu Pami\u0119ci Narodowej  ca\u0142kowicie zmieni charakter tej plac\u00f3wki, zajmujacej si\u0119 dot\u0105d takimi  kwestiami, jak Wielki G\u0142\u00f3d lat 1932-33, kt\u00f3re mia\u0142y pokaza\u0107 zbrodnie  komunistyczne.<\/p>\r\n\r\n<p>Historycy podkre\u015blaj\u0105, \u017ce zmiany w IPN odbywaj\u0105  si\u0119 na tle przemian w S\u0142u\u017cbie Bezpiecze\u0144stwa Ukrainy. Jej szef Walerij  Horoszkowski od razu po obj\u0119ciu stanowiska zapewni\u0142, \u017ce SBU, kt\u00f3ra  odziedziczy\u0142a cz\u0119\u015b\u0107 archiw\u00f3w KGB i NKWD, nie b\u0119dzie anga\u017cowa\u0142a si\u0119 w  badanie ich zawarto\u015bci w takim stopniu, jak to by\u0142o za czas\u00f3w jego  poprzednika.<\/p>\r\n\r\n<p>Dla nowych w\u0142adz, w tym dla prezydenta Wiktora  Janukowycza, kwestie historyczne nie maj\u0105 tak wielkiego znaczenia, jak  dla jego poprzednika Wiktora Juszczenki. Obecny szef pa\u0144stwa przyjmuje  za podstaw\u0119 radzieck\u0105 wizj\u0119 historii.<\/p>","protected":false},"excerpt":{"rendered":"Na czele ukrai\u0144skiego Instytutu Pami\u0119ci Narodowej stan\u0105\u0142 komunistyczny historyk Walerij So\u0142datenko. Mo\u017ce to oznacza\u0107 ca\u0142kowite zaniechanie bada\u0144 nad przemilczanymi w czasach Zwi\u0105zku Radzieckiego kartami historii Ukrainy. Walerij So\u0142datenko pochodzi z Doniecka. W czasach ZSRR by\u0142 historykiem przy Komitecie Centralnym Partii Komunistycznej Ukrainy oraz w kijowskiej szkole partyjnej. Po 1992 roku pracowa\u0142 w Ukrai\u0144skiej Akademii Nauk. [&hellip;]","protected":false},"author":1,"featured_media":0,"comment_status":"closed","ping_status":"closed","sticky":false,"template":"","format":"standard","meta":{"_acf_changed":false,"_monsterinsights_skip_tracking":false,"_monsterinsights_sitenote_active":false,"_monsterinsights_sitenote_note":"","_monsterinsights_sitenote_category":0,"ngg_post_thumbnail":0,"footnotes":"","_wp_rev_ctl_limit":""},"categories":[6],"tags":[66,141],"acf":[],"_links":{"self":[{"href":"https:\/\/www.bibula.com\/index.php?rest_route=\/wp\/v2\/posts\/24652"}],"collection":[{"href":"https:\/\/www.bibula.com\/index.php?rest_route=\/wp\/v2\/posts"}],"about":[{"href":"https:\/\/www.bibula.com\/index.php?rest_route=\/wp\/v2\/types\/post"}],"author":[{"embeddable":true,"href":"https:\/\/www.bibula.com\/index.php?rest_route=\/wp\/v2\/users\/1"}],"replies":[{"embeddable":true,"href":"https:\/\/www.bibula.com\/index.php?rest_route=%2Fwp%2Fv2%2Fcomments&post=24652"}],"version-history":[{"count":0,"href":"https:\/\/www.bibula.com\/index.php?rest_route=\/wp\/v2\/posts\/24652\/revisions"}],"wp:attachment":[{"href":"https:\/\/www.bibula.com\/index.php?rest_route=%2Fwp%2Fv2%2Fmedia&parent=24652"}],"wp:term":[{"taxonomy":"category","embeddable":true,"href":"https:\/\/www.bibula.com\/index.php?rest_route=%2Fwp%2Fv2%2Fcategories&post=24652"},{"taxonomy":"post_tag","embeddable":true,"href":"https:\/\/www.bibula.com\/index.php?rest_route=%2Fwp%2Fv2%2Ftags&post=24652"}],"curies":[{"name":"wp","href":"https:\/\/api.w.org\/{rel}","templated":true}]}}