{"id":24371,"date":"2010-07-14T22:30:38","date_gmt":"2010-07-15T03:30:38","guid":{"rendered":"http:\/\/www.bibula.com\/?p=24371"},"modified":"2010-07-15T08:03:33","modified_gmt":"2010-07-15T13:03:33","slug":"czy-kratki-na-kartach-wyborczych-rzeczywiscie-byly-nierowne-jesli-tak-czy-wybory-sa-wazne","status":"publish","type":"post","link":"https:\/\/www.bibula.com\/?p=24371","title":{"rendered":"Czy kratki na kartach wyborczych rzeczywi\u015bcie by\u0142y nier\u00f3wne? Je\u015bli tak, czy wybory s\u0105 wa\u017cne?"},"content":{"rendered":"<p><strong>Sprawa z r\u00f3\u017cnej wielko\u015bci kratk\u0105 widniej\u0105c\u0105 na karcie wyborczej przy nazwiskach kandydat\u00f3w w drugiej turze wybor\u00f3w prezydenckich 2010, staje si\u0119 coraz bardziej gor\u0105ca. <\/strong>Jako pierwsza poda\u0142a informacj\u0119 prasie pani Ma\u0142gorzata Stryjska, prezes pozna\u0144skiego PiS-u, kt\u00f3ra zauwa\u017cy\u0142a, \u017ce \u201eprzek\u0105tna kratki [&#8230;] by\u0142a o 2 milimetry mniejsza od    przek\u0105tnej  kratki przy nazwisku Bronis\u0142awa Komorowskiego\u201d. Niestety, zamiast zbadania sprawy, natychmiast zosta\u0142a wy\u015bmiana przez ca\u0142\u0105 g\u0142\u00f3wn\u0105 pras\u0119 krajow\u0105. Zebraniem przekonywuj\u0105cych informacji zaj\u0105\u0142 si\u0119 natomiast blogger <strong><em><a href=\"http:\/\/sem.jogger.pl\/2010\/07\/10\/pkw-klamie-kratki-byly-rozne-kratka-komorowskiego-jest-wieks\/\" target=\"_blank\">sem.jogger.pl<\/a>.<br \/>\r\n<\/em><\/strong><\/p>\r\n\r\n<p>Po wnikliwych badaniach okazuje si\u0119, \u017ce dowod\u00f3w na kratki r\u00f3\u017cnej wielko\u015bci jest ju\u017c coraz wi\u0119cej. Jakkolwiek dyrektor Zespo\u0142u Prawnego i Organizacji Wybor\u00f3w stwierdzi\u0142, \u017ce &#8222;Nazwiska    napisane s\u0105 tak\u0105 sam\u0105 czcionk\u0105, kratki r\u00f3wnie\u017c by\u0142y tej samej    wielko\u015bci&#8221;, to jednak ju\u017c sam rzut oka na karty wyborcze, a tym bardziej dok\u0142adne zmierzenie kratek wykazuj\u0105, \u017ce jednak mamy do czynienia z r\u00f3\u017cnicami.<\/p>\r\n\r\n<p>W Polsce zbierane s\u0105 dowody w postaci oryginalnych kart do g\u0142osowania (by\u0142y osoby, kt\u00f3re zamiast wrzuci\u0107 kart\u0119, zatrzymali j\u0105 &#8222;na pami\u0105tk\u0119&#8221;), istnieje te\u017c mn\u00f3stwo zdj\u0119\u0107 i relacji wyborc\u00f3w.<\/p>\r\n\r\n<p><br class=\"spacer_\" \/><\/p>\r\n\r\n<div id=\"attachment_2302\"><a href=\"http:\/\/judeopolonia.files.wordpress.com\/2010\/07\/12.jpg\"><img fetchpriority=\"high\" decoding=\"async\" title=\"1\" src=\"http:\/\/judeopolonia.files.wordpress.com\/2010\/07\/12.jpg?w=206&amp;h=300\" alt=\"\" width=\"206\" height=\"300\" align=\"left\" \/><\/a>\r\n\r\n<p><br class=\"spacer_\" \/><\/p>\r\n\r\n<p><br class=\"spacer_\" \/><\/p>\r\n\r\n<p><br class=\"spacer_\" \/><\/p>\r\n\r\n<p><br class=\"spacer_\" \/><\/p>\r\n\r\n<p><br class=\"spacer_\" \/><\/p>\r\n\r\n<p><br class=\"spacer_\" \/>\r\n\r\n<p><br class=\"spacer_\" \/><\/p>\r\n\r\n<p><br class=\"spacer_\" \/><\/p>\r\n\r\n<p><br class=\"spacer_\" \/><\/p>\r\n\r\n<p><br class=\"spacer_\" \/><\/p>\r\n\r\n<p><br class=\"spacer_\" \/><\/p>\r\n\r\n<p><br class=\"spacer_\" \/><\/p>\r\n\r\n<p><br class=\"spacer_\" \/><\/p>\r\n\r\n<p><br class=\"spacer_\" \/><\/p>\r\n\r\n<p><br class=\"spacer_\" \/><\/p>\r\n\r\n<p>Okazuje si\u0119, \u017ce karty wyborcze wydrukowano niezgodnie ze wzorem, kt\u00f3ry w teorii wygl\u0105da tak:<br \/>\r\n <a href=\"http:\/\/www.pkw.gov.pl\/gallery\/19\/99\/39\/199939\/druk-kart-ponowne-glosowanie-zalacznik1.pdf\"><img decoding=\"async\" src=\"http:\/\/img594.imageshack.us\/img594\/4927\/wzor.jpg\" alt=\"karta  kratka mniejsza\" \/><\/a><\/p>\r\n\r\n<p>Jednak w rzeczywisto\u015bci karty do g\u0142osowania wygl\u0105da\u0142y jak ni\u017cej  (zdj\u0119cia pochodz\u0105 z <a href=\"http:\/\/forum.gazeta.pl\/forum\/w,28,113999177,,Kratki_jednak_nie_byly_rownej_wielkosci.html?v=2\">tego  forum<\/a>, poni\u017cej jedno z wielu zdj\u0119\u0107 lecz jako\u015bciowo chyba najlepsze)<\/p>\r\n\r\n<p><a href=\"http:\/\/img413.imageshack.us\/img413\/1334\/dsc6842m2.jpg\"><img decoding=\"async\" src=\"http:\/\/img413.imageshack.us\/img413\/1334\/dsc6842m2.jpg\" alt=\"\" width=\"540\" height=\"374\" \/><\/a><\/p>\r\n\r\n<p>(kliknij aby zobaczy\u0107 orygina\u0142 w pe\u0142nej  rozdzielczo\u015bci)<\/p>\r\n\r\n<p><br class=\"spacer_\" \/><\/p>\r\n\r\n<p>Powi\u0119kszenie powy\u017cszego z por\u00f3wnaniem:<\/p>\r\n\r\n<p><img decoding=\"async\" src=\"http:\/\/img9.imageshack.us\/img9\/1803\/powiekszeniek.jpg\" alt=\"kratka  komorowskiego jest wi\u0119ksza, szersza, a litery takie same...\" \/><\/p>\r\n\r\n<p>Poni\u017cej tak\u017ce inne zdj\u0119cia z r\u00f3\u017cnych \u017ar\u00f3de\u0142 w r\u00f3\u017cnych uj\u0119ciach na  wszystkich to samo. Trudno podwa\u017cy\u0107 wiarygodno\u015b\u0107 takich zdj\u0119\u0107, tylu  ludzi perfekcyjnie identycznie zmanipulowa\u0142o zdj\u0119cia? Kratki r\u00f3\u017cni\u0105 si\u0119  ewidentnie chocia\u017c zdj\u0119cia s\u0105 s\u0142abej jako\u015bci i trzeba wzi\u0105\u0107 poprawk\u0119 na  perspektyw\u0119 i zniekszta\u0142cenia obiektywu jednak wystarczy por\u00f3wna\u0107  szeroko\u015b\u0107 liter i szeroko\u015b\u0107 podstawy kwadratu aby nabra\u0107 pewno\u015bci. Nie wydaje si\u0119 prawdopodobne, aby wskutek tych b\u0142\u0119d\u00f3w tylko sama kratka by\u0142a  nieproporcjonalnie wi\u0119ksza, a litery obok ju\u017c nie.<\/p>\r\n\r\n<p>Zdj\u0119cia pochodz\u0105 m.in. z komentarzy do  http:\/\/bresland.salon24.pl\/206034,mniejsza-kratka-przy-nazwisku-kaczynskiego):<\/p>\r\n\r\n<p><img decoding=\"async\" src=\"http:\/\/img4.imageshack.us\/img4\/8906\/kttttttttttt25644.jpg\" alt=\"kratka kaczynskiego jest ciensza\" \/><\/p>\r\n\r\n<p><img decoding=\"async\" src=\"http:\/\/img16.imageshack.us\/img16\/3268\/kkkkkkkkkkkkkkkkk025127.png\" alt=\"kratka wi\u0119ksza i grubsza\" \/><\/p>\r\n\r\n<p><br class=\"spacer_\" \/><\/p>\r\n\r\n<p><img decoding=\"async\" src=\"http:\/\/img716.imageshack.us\/img716\/7123\/paintdowod.jpg\" alt=\"por\u00f3wnanie w paincie\" \/><\/p>\r\n\r\n<p><br class=\"spacer_\" \/><\/p>\r\n\r\n<p><img decoding=\"async\" src=\"http:\/\/img706.imageshack.us\/img706\/6557\/kartadoglosowaniaull.jpg\" alt=\"kratka komorowskiego jest wi\u0119ksza i grubsza\" \/><\/p>\r\n\r\n<p><img decoding=\"async\" src=\"http:\/\/img101.imageshack.us\/img101\/1517\/k000dobre8ca40.jpg\" alt=\"kratka komorowskiego jest wi\u0119ksza i grubsza\" \/><\/p>\r\n\r\n<p><img decoding=\"async\" src=\"http:\/\/img52.imageshack.us\/img52\/9311\/wieksze6.jpg\" alt=\"wiekszy i mniejszy kwadrat\" \/><\/p>\r\n\r\n<p>Gdyby to by\u0142 b\u0142\u0105d zwi\u0105zany perspektyw\u0105 to szeroko\u015b\u0107 litery &#8222;K&#8221;  r\u00f3wnie\u017c by\u0142aby proporcjonalnie mniejsza&#8230;<\/p>\r\n\r\n<p><img decoding=\"async\" src=\"http:\/\/img23.imageshack.us\/img23\/9446\/dowods.jpg\" alt=\"PKW  utwierdza ludzi w nieprawdze, wi\u0119ksza kratka jest widoczna go\u0142ym okiem\" \/><\/p>\r\n\r\n<p><img decoding=\"async\" src=\"http:\/\/img69.imageshack.us\/img69\/3161\/nic00.jpg\" alt=\"litery maj\u0105 t\u0105 sam\u0105 szeroko\u015b\u0107, kratka jest wyra\u017anie wieksza...\" \/><\/p>\r\n\r\n<p>Sprawa powinna by\u0107 wnikliwie zbadana przez ekspert\u00f3w i sam\u0105 Pa\u0144stwow\u0105 Komisj\u0119 Wyborcz\u0105. Wbrew mniemaniu, \u017ce jest to sprawa b\u0142aha i nie warto si\u0119 ni\u0105 ju\u017c zajmowa\u0107, tego typu dzia\u0142anie na pod\u015bwiadomo\u015b\u0107 mog\u0142o mie\u0107 jakie\u015b znaczenie w grupie niezdecydowanych wyborc\u00f3w. Tym bardziej, \u017ce wygrywaj\u0105cy kandydat zdoby\u0142 zaledwie kilka procent g\u0142os\u00f3w wi\u0119cej.<\/p>\r\n\r\n<p><br class=\"spacer_\" \/><\/p>\r\n\r\n<p>Na stronie <a href=\"http:\/\/grodkow24.civ.pl\/index.php?option=com_content&amp;task=view&amp;id=446&amp;Itemid=1\">grodkow24.civ.pl<\/a> jest dost\u0119pny wz\u00f3r karty do g\u0142osowania na drug\u0105 tur\u0119&#8230; <a href=\"http:\/\/img96.imageshack.us\/img96\/8199\/000000000wzorkartydruga.jpg\"><img decoding=\"async\" src=\"http:\/\/img96.imageshack.us\/img96\/8199\/000000000wzorkartydruga.jpg\" alt=\"\" width=\"500\" height=\"720\" \/><\/a><\/p>\r\n\r\n<p>(kliknij aby zobaczy\u0107 w pe\u0142nej  rozdzielczo\u015bci)<\/p>\r\n\r\n<p>Poni\u017cej powi\u0119kszenie i por\u00f3wnanie<\/p>\r\n\r\n<p><img decoding=\"async\" src=\"http:\/\/img27.imageshack.us\/img27\/8596\/0099por.jpg\" alt=\"\" \/><br \/>\r\n Jak wida\u0107 nawet oficjalne dokumenty, kt\u00f3rych \u017ar\u00f3d\u0142em jest Pa\u0144stwowa  Komisja Wyborcza potwierdzaj\u0105 t\u0105 &#8222;spiskow\u0105 teorie&#8221; o mniejszej kratce&#8230;<\/p>\r\n\r\n<p>Podsumowuj\u0105c, apelujemy do wszystkich Czytelnik\u00f3w o sprawdzenie swoich pami\u0105tkowych zdj\u0119\u0107 oraz o wywieranie nacisk\u00f3w na zaj\u0119cie sie t\u0105 spraw\u0105 przez PKW, a mo\u017ce i przez prokuratur\u0119. Je\u015bli u\u017cyte do g\u0142osowania karty wydrukowano niezgodnie ze wzorem PKW i rzeczywi\u015bcie zawiera\u0142y b\u0142\u0105d wp\u0142ywaj\u0105cy na wyborc\u0119, nale\u017cy odpowiedzie\u0107 na kluczowe pytanie <strong>czy wybory s\u0105 wa\u017cne?<\/strong><\/p>\r\n\r\n<p><br class=\"spacer_\" \/><\/p>\r\n\r\n<hr \/>\r\n\r\n<p>A na koniec nie zwi\u0105zana z tematem notki, zabawna ciekawostka historyczna,  ot\u00f3\u017c podczas referendum dt. <a href=\"http:\/\/schools-wikipedia.org\/wp\/a\/Anschluss.htm\">Anschlussu  Austrii<\/a>, Hitler wpad\u0142 na interesuj\u0105cy pomys\u0142 karty do g\u0142osowania&#8230;<\/p>\r\n\r\n<p><img decoding=\"async\" src=\"http:\/\/img204.imageshack.us\/img204\/5102\/nein50623.jpg\" alt=\"\" \/><\/p>\r\n\r\n<p><strong><em>Opracowanie na podstawie: <a href=\"http:\/\/sem.jogger.pl\/2010\/07\/10\/pkw-klamie-kratki-byly-rozne-kratka-komorowskiego-jest-wieks\/\" target=\"_blank\">sem.jogger.pl<\/a><\/em><\/strong><\/p>\r\n\r\n<p><strong><em>Wykorzystano zdj\u0119cia z blogu:<\/em><\/strong><strong><em> <a href=\"http:\/\/sem.jogger.pl\/2010\/07\/10\/pkw-klamie-kratki-byly-rozne-kratka-komorowskiego-jest-wieks\/\" target=\"_blank\">sem.jogger.pl<\/a><\/em><\/strong><\/p>","protected":false},"excerpt":{"rendered":"Sprawa z r\u00f3\u017cnej wielko\u015bci kratk\u0105 widniej\u0105c\u0105 na karcie wyborczej przy nazwiskach kandydat\u00f3w w drugiej turze wybor\u00f3w prezydenckich 2010, staje si\u0119 coraz bardziej gor\u0105ca. Jako pierwsza poda\u0142a informacj\u0119 prasie pani Ma\u0142gorzata Stryjska, prezes pozna\u0144skiego PiS-u, kt\u00f3ra zauwa\u017cy\u0142a, \u017ce \u201eprzek\u0105tna kratki [&#8230;] by\u0142a o 2 milimetry mniejsza od przek\u0105tnej kratki przy nazwisku Bronis\u0142awa Komorowskiego\u201d. Niestety, zamiast zbadania [&hellip;]","protected":false},"author":1,"featured_media":0,"comment_status":"closed","ping_status":"closed","sticky":false,"template":"","format":"standard","meta":{"_acf_changed":false,"_monsterinsights_skip_tracking":false,"_monsterinsights_sitenote_active":false,"_monsterinsights_sitenote_note":"","_monsterinsights_sitenote_category":0,"ngg_post_thumbnail":0,"footnotes":"","_wp_rev_ctl_limit":""},"categories":[8],"tags":[147,98],"acf":[],"_links":{"self":[{"href":"https:\/\/www.bibula.com\/index.php?rest_route=\/wp\/v2\/posts\/24371"}],"collection":[{"href":"https:\/\/www.bibula.com\/index.php?rest_route=\/wp\/v2\/posts"}],"about":[{"href":"https:\/\/www.bibula.com\/index.php?rest_route=\/wp\/v2\/types\/post"}],"author":[{"embeddable":true,"href":"https:\/\/www.bibula.com\/index.php?rest_route=\/wp\/v2\/users\/1"}],"replies":[{"embeddable":true,"href":"https:\/\/www.bibula.com\/index.php?rest_route=%2Fwp%2Fv2%2Fcomments&post=24371"}],"version-history":[{"count":0,"href":"https:\/\/www.bibula.com\/index.php?rest_route=\/wp\/v2\/posts\/24371\/revisions"}],"wp:attachment":[{"href":"https:\/\/www.bibula.com\/index.php?rest_route=%2Fwp%2Fv2%2Fmedia&parent=24371"}],"wp:term":[{"taxonomy":"category","embeddable":true,"href":"https:\/\/www.bibula.com\/index.php?rest_route=%2Fwp%2Fv2%2Fcategories&post=24371"},{"taxonomy":"post_tag","embeddable":true,"href":"https:\/\/www.bibula.com\/index.php?rest_route=%2Fwp%2Fv2%2Ftags&post=24371"}],"curies":[{"name":"wp","href":"https:\/\/api.w.org\/{rel}","templated":true}]}}