{"id":24328,"date":"2010-07-13T21:38:51","date_gmt":"2010-07-14T02:38:51","guid":{"rendered":"http:\/\/www.bibula.com\/?p=24328"},"modified":"2010-07-13T21:38:51","modified_gmt":"2010-07-14T02:38:51","slug":"krakow-nie-dyskryminowac-prostytutek","status":"publish","type":"post","link":"https:\/\/www.bibula.com\/?p=24328","title":{"rendered":"Krak\u00f3w: Nie dyskryminowa\u0107&#8230; prostytutek"},"content":{"rendered":"<p><strong>Ka\u017cdego wieczora na krakowskim Rynku, przed Ko\u015bcio\u0142em Mariackim,  parkuje dwunastoosobowa limuzyna. Mimo zakazu wjazdu, ma do tego prawo,  gdy\u017c zarejestrowana jest na inwalid\u0119. Z auta wysiadaj\u0105 panienki, kt\u00f3re  nast\u0119pnie wabi\u0105 turyst\u00f3w na &#8222;przeja\u017cd\u017ck\u0119&#8221;. Stra\u017c miejska jest bezsilna,  bo &#8222;nie wolno dyskryminowa\u0107 niepe\u0142nosprawnych&#8221;.<\/strong><\/p>\r\n\r\n<div>Interia opisuje: <em>Ten problem jest nam doskonale znany &#8211; przyznaje  Marek Anio\u0142, rzecznik Stra\u017cy Miejskiej w\u00a0Krakowie. &#8211; Tych limuzyn jest  kilka, prawdopodobnie nawet trzy(?), ale wszystkie maj\u0105 uprawnienia do  wjazdu na Rynek. Zale\u017cy nam na wyplenieniu tego zjawiska, ale niewiele  mo\u017cemy zrobi\u0107.<\/em>\r\n\r\n<p><em>Stra\u017cnicy miejscy na temat limuzyn ju\u017c kilka  razy dyskutowali z\u00a0przedstawicielami Wydzia\u0142u Spraw Administracyjnych,  Stowarzyszenia Os\u00f3b Niepe\u0142nosprawnych i\u00a0pe\u0142nomocnikiem prezydenta miasta <\/em><em>ds. os\u00f3b niepe\u0142nosprawnych. Wszystkie rozmowy  ko\u0144czy\u0142y si\u0119 jednym wnioskiem &#8211; nie wolno dyskryminowa\u0107 os\u00f3b  niepe\u0142nosprawnych<\/em>.\r\n<ul>\r\n\t<li> <a href=\"http:\/\/polskalokalna.pl\/wiadomosci\/malopolskie\/krakow\/news\/szokujacy-proceder-w-centrum-krakowa,1505453\" target=\"_blank\">Wi\u0119cej  na: http:\/\/polskalokalna.pl<\/a><\/li>\r\n<\/ul>","protected":false},"excerpt":{"rendered":"Ka\u017cdego wieczora na krakowskim Rynku, przed Ko\u015bcio\u0142em Mariackim, parkuje dwunastoosobowa limuzyna. Mimo zakazu wjazdu, ma do tego prawo, gdy\u017c zarejestrowana jest na inwalid\u0119. Z auta wysiadaj\u0105 panienki, kt\u00f3re nast\u0119pnie wabi\u0105 turyst\u00f3w na &#8222;przeja\u017cd\u017ck\u0119&#8221;. Stra\u017c miejska jest bezsilna, bo &#8222;nie wolno dyskryminowa\u0107 niepe\u0142nosprawnych&#8221;. Interia opisuje: Ten problem jest nam doskonale znany &#8211; przyznaje Marek Anio\u0142, rzecznik [&hellip;]","protected":false},"author":1,"featured_media":0,"comment_status":"closed","ping_status":"closed","sticky":false,"template":"","format":"standard","meta":{"_acf_changed":false,"_monsterinsights_skip_tracking":false,"_monsterinsights_sitenote_active":false,"_monsterinsights_sitenote_note":"","_monsterinsights_sitenote_category":0,"ngg_post_thumbnail":0,"footnotes":"","_wp_rev_ctl_limit":""},"categories":[8],"tags":[98],"acf":[],"_links":{"self":[{"href":"https:\/\/www.bibula.com\/index.php?rest_route=\/wp\/v2\/posts\/24328"}],"collection":[{"href":"https:\/\/www.bibula.com\/index.php?rest_route=\/wp\/v2\/posts"}],"about":[{"href":"https:\/\/www.bibula.com\/index.php?rest_route=\/wp\/v2\/types\/post"}],"author":[{"embeddable":true,"href":"https:\/\/www.bibula.com\/index.php?rest_route=\/wp\/v2\/users\/1"}],"replies":[{"embeddable":true,"href":"https:\/\/www.bibula.com\/index.php?rest_route=%2Fwp%2Fv2%2Fcomments&post=24328"}],"version-history":[{"count":0,"href":"https:\/\/www.bibula.com\/index.php?rest_route=\/wp\/v2\/posts\/24328\/revisions"}],"wp:attachment":[{"href":"https:\/\/www.bibula.com\/index.php?rest_route=%2Fwp%2Fv2%2Fmedia&parent=24328"}],"wp:term":[{"taxonomy":"category","embeddable":true,"href":"https:\/\/www.bibula.com\/index.php?rest_route=%2Fwp%2Fv2%2Fcategories&post=24328"},{"taxonomy":"post_tag","embeddable":true,"href":"https:\/\/www.bibula.com\/index.php?rest_route=%2Fwp%2Fv2%2Ftags&post=24328"}],"curies":[{"name":"wp","href":"https:\/\/api.w.org\/{rel}","templated":true}]}}