{"id":24077,"date":"2010-07-09T22:44:50","date_gmt":"2010-07-10T03:44:50","guid":{"rendered":"http:\/\/www.bibula.com\/?p=24077"},"modified":"2010-07-09T22:44:50","modified_gmt":"2010-07-10T03:44:50","slug":"wplynelo-juz-136-protestow-wyborczych","status":"publish","type":"post","link":"https:\/\/www.bibula.com\/?p=24077","title":{"rendered":"Wp\u0142yn\u0119\u0142o ju\u017c 136 protest\u00f3w wyborczych"},"content":{"rendered":"<p><strong>Ju\u017c 136 protest\u00f3w wyborczych wp\u0142yn\u0119\u0142o do S\u0105du  Najwy\u017cszego. Tylko dzi\u015b  dotar\u0142y 53 zawiadomienia, w tym 34 w ramach  Akcji Protest Wyborczy.<\/strong>\r\n<div>Skar\u017c\u0105cy uwa\u017caj\u0105, \u017ce zosta\u0142 naruszony przepis konstytucji m\u00f3wi\u0105cy o r\u00f3wno\u015bci wybor\u00f3w. Inicjatorzy Akcji Protest  Wyborczy chc\u0105 uniewa\u017cnienia wybor\u00f3w m.in. ze wzgl\u0119du na niewprowadzenie  stanu kl\u0119ski \u017cywio\u0142owej. Zdaniem skar\u017c\u0105cych mieszka\u0144cy z zalanych  teren\u00f3w &#8222;w tym wzgl\u0119dzie zostali poszkodowani, bo nie mieli faktycznie  mo\u017cliwo\u015bci uczestnictwa w tej kampanii.\r\n\r\n<p>Skargi dotycz\u0105 r\u00f3\u017cnych  spraw: braku mo\u017cliwo\u015bci g\u0142osowania w niekt\u00f3rych o\u015brodkach, podejrzenia o  sfa\u0142szowanie wynik\u00f3w wybor\u00f3w w kilku obwodowych komisjach. Do s\u0105du  wp\u0142yn\u0119\u0142o tak\u017ce kilka protest\u00f3w dotycz\u0105cych naruszenia ciszy wyborczej 4  lipca w zwi\u0105zku z organizowaniem w Warszawie akcji na rzecz powodzian  przez Wielk\u0105 Orkiestr\u0119 \u015awi\u0105tecznej Pomocy.<br \/>\r\n <br \/>\r\n Na podstawie  sprawozdania z wybor\u00f3w przedstawionego przez PKW oraz po rozpoznaniu  protest\u00f3w S\u0105d Najwy\u017cszy w sk\u0142adzie ca\u0142ej Izby Pracy, Ubezpiecze\u0144  Spo\u0142ecznych i Spraw Publicznych rozstrzyga o wa\u017cno\u015bci wybor\u00f3w  prezydenckich.<\/p>\r\n\r\n<p class=\"zrodlo\">(rmf24.pl)","protected":false},"excerpt":{"rendered":"Ju\u017c 136 protest\u00f3w wyborczych wp\u0142yn\u0119\u0142o do S\u0105du Najwy\u017cszego. Tylko dzi\u015b dotar\u0142y 53 zawiadomienia, w tym 34 w ramach Akcji Protest Wyborczy. Skar\u017c\u0105cy uwa\u017caj\u0105, \u017ce zosta\u0142 naruszony przepis konstytucji m\u00f3wi\u0105cy o r\u00f3wno\u015bci wybor\u00f3w. Inicjatorzy Akcji Protest Wyborczy chc\u0105 uniewa\u017cnienia wybor\u00f3w m.in. ze wzgl\u0119du na niewprowadzenie stanu kl\u0119ski \u017cywio\u0142owej. Zdaniem skar\u017c\u0105cych mieszka\u0144cy z zalanych teren\u00f3w &#8222;w tym [&hellip;]","protected":false},"author":1,"featured_media":0,"comment_status":"closed","ping_status":"closed","sticky":false,"template":"","format":"standard","meta":{"_acf_changed":false,"_monsterinsights_skip_tracking":false,"_monsterinsights_sitenote_active":false,"_monsterinsights_sitenote_note":"","_monsterinsights_sitenote_category":0,"ngg_post_thumbnail":0,"footnotes":"","_wp_rev_ctl_limit":""},"categories":[8],"tags":[147,98],"acf":[],"_links":{"self":[{"href":"https:\/\/www.bibula.com\/index.php?rest_route=\/wp\/v2\/posts\/24077"}],"collection":[{"href":"https:\/\/www.bibula.com\/index.php?rest_route=\/wp\/v2\/posts"}],"about":[{"href":"https:\/\/www.bibula.com\/index.php?rest_route=\/wp\/v2\/types\/post"}],"author":[{"embeddable":true,"href":"https:\/\/www.bibula.com\/index.php?rest_route=\/wp\/v2\/users\/1"}],"replies":[{"embeddable":true,"href":"https:\/\/www.bibula.com\/index.php?rest_route=%2Fwp%2Fv2%2Fcomments&post=24077"}],"version-history":[{"count":0,"href":"https:\/\/www.bibula.com\/index.php?rest_route=\/wp\/v2\/posts\/24077\/revisions"}],"wp:attachment":[{"href":"https:\/\/www.bibula.com\/index.php?rest_route=%2Fwp%2Fv2%2Fmedia&parent=24077"}],"wp:term":[{"taxonomy":"category","embeddable":true,"href":"https:\/\/www.bibula.com\/index.php?rest_route=%2Fwp%2Fv2%2Fcategories&post=24077"},{"taxonomy":"post_tag","embeddable":true,"href":"https:\/\/www.bibula.com\/index.php?rest_route=%2Fwp%2Fv2%2Ftags&post=24077"}],"curies":[{"name":"wp","href":"https:\/\/api.w.org\/{rel}","templated":true}]}}