{"id":23541,"date":"2010-06-30T12:30:04","date_gmt":"2010-06-30T17:30:04","guid":{"rendered":"http:\/\/www.bibula.com\/?p=23541"},"modified":"2010-06-30T12:30:26","modified_gmt":"2010-06-30T17:30:26","slug":"usa-sad-najwyzszy-zezwolil-by-watykan-byl-strona-w-procesie-przed-sadem-amerykanskim","status":"publish","type":"post","link":"https:\/\/www.bibula.com\/?p=23541","title":{"rendered":"USA: S\u0105d Najwy\u017cszy zezwoli\u0142, by Watykan by\u0142 stron\u0105 w procesie przed s\u0105dem ameryka\u0144skim"},"content":{"rendered":"<p><strong>S\u0105d Najwy\u017cszy w USA odm\u00f3wi\u0142 immunitetu Pa\u0144stwu Watyka\u0144skiemu w  sprawie o nadu\u017cycia seksualne jednego z duchownych. Oznacza to, \u017ce  proces, kt\u00f3ry wytoczy\u0142 w stanie Oregon jeden z poszkodowanych,  oskar\u017caj\u0105cych pewnego kap\u0142ana o wykorzystywanie seksualne, b\u0119dzie m\u00f3g\u0142  dalej toczy\u0107 si\u0119 przed s\u0105dem ameryka\u0144skim. <\/strong><\/p>\r\n\r\n<p>Anonimowa skarga przeciw Watykanowi zosta\u0142a z\u0142o\u017cona w 2002 r. w stanie  Oregon. Skar\u017c\u0105cy zarzuci\u0142 nie\u017cyj\u0105cemu ju\u017c kap\u0142anowi ks. Andrew Ronanowi,  \u201epracownikowi\u201d Watykanu wykorzystywanie seksualne, kt\u00f3rego mia\u0142 si\u0119  dopu\u015bci\u0107 w latach 60.<\/p>\r\n\r\n<p>Ks. Andrew Ronan, po wyj\u015bciu na jaw przypadk\u00f3w molestowania przez niego  nieletnich w Irlandii, zosta\u0142 przeniesiony do miasteczka Portland w  stanie Oregon w USA, gdzie zmar\u0142 w 1992 r.<\/p>\r\n\r\n<p>Poszkodowany dowodzi\u0142, \u017ce by\u0142 wykorzystywany przez ks. Roanna a win\u0119 za  to ponosi Watykan, kt\u00f3ry zdecydowa\u0142 o przeniesieniu kap\u0142ana, by ukry\u0107  skandal.<\/p>\r\n\r\n<p>Jeffrey Lena, ameryka\u0144ska prawniczka reprezentuj\u0105ca Watykan w USA  argumentowa\u0142a, \u017ce pow\u00f3d nie dowi\u00f3d\u0142, i\u017c Pa\u0144stwo Watyka\u0144skie podj\u0119\u0142o  decyzj\u0119 o przeniesieniu ksi\u0119dza i \u017ce w og\u00f3le mia\u0142o nad nim kontrol\u0119.  W\u0142\u0105czaj\u0105c si\u0119 w t\u0119 spraw\u0119 wielu ameryka\u0144skich biskup\u00f3w zauwa\u017cy\u0142o, \u017ce  w\u0142adz\u0119 nad ksi\u0119\u017cmi maj\u0105 lokalni biskupi a nie Watykan.<\/p>\r\n\r\n<p>Pa\u0144stwo Watyka\u0144skie, zgodnie z ameryka\u0144sk\u0105 ustaw\u0105 z 1976 r. zabraniaj\u0105c\u0105  pozywania przed s\u0105dy ameryka\u0144skie pa\u0144stw, domaga\u0142o si\u0119 immunitetu.  Jednak s\u0105d apelacyjny powo\u0142a\u0142 si\u0119 na pewne wyj\u0105tki i wskaza\u0142, \u017ce  istnieje wystarczaj\u0105ca przes\u0142anka, pokazuj\u0105ca, \u017ce ks. Ronan by\u0142  pracownikiem Watykanu w rozumieniu prawa orego\u0144skiego. Zdecydowano si\u0119  te\u017c obarczy\u0107 odpowiedzialno\u015bci\u0105 za przewinienia zmar\u0142ego kap\u0142ana Stolic\u0119  Apostolsk\u0105. Po licznych odwo\u0142aniach w ko\u0144cu SN uzna\u0142, \u017ce mo\u017cna  prowadzi\u0107 spraw\u0119, w kt\u00f3rej Stolica Apostolska ma by\u0107 stron\u0105 zgodnie z  orego\u0144skim prawem pracy.<\/p>\r\n\r\n<p>\u0179r\u00f3d\u0142o: CNA, AS<\/p>","protected":false},"excerpt":{"rendered":"S\u0105d Najwy\u017cszy w USA odm\u00f3wi\u0142 immunitetu Pa\u0144stwu Watyka\u0144skiemu w sprawie o nadu\u017cycia seksualne jednego z duchownych. Oznacza to, \u017ce proces, kt\u00f3ry wytoczy\u0142 w stanie Oregon jeden z poszkodowanych, oskar\u017caj\u0105cych pewnego kap\u0142ana o wykorzystywanie seksualne, b\u0119dzie m\u00f3g\u0142 dalej toczy\u0107 si\u0119 przed s\u0105dem ameryka\u0144skim. Anonimowa skarga przeciw Watykanowi zosta\u0142a z\u0142o\u017cona w 2002 r. w stanie Oregon. Skar\u017c\u0105cy [&hellip;]","protected":false},"author":1,"featured_media":0,"comment_status":"closed","ping_status":"closed","sticky":false,"template":"","format":"standard","meta":{"_acf_changed":false,"_monsterinsights_skip_tracking":false,"_monsterinsights_sitenote_active":false,"_monsterinsights_sitenote_note":"","_monsterinsights_sitenote_category":0,"ngg_post_thumbnail":0,"footnotes":"","_wp_rev_ctl_limit":""},"categories":[3],"tags":[86,41],"acf":[],"_links":{"self":[{"href":"https:\/\/www.bibula.com\/index.php?rest_route=\/wp\/v2\/posts\/23541"}],"collection":[{"href":"https:\/\/www.bibula.com\/index.php?rest_route=\/wp\/v2\/posts"}],"about":[{"href":"https:\/\/www.bibula.com\/index.php?rest_route=\/wp\/v2\/types\/post"}],"author":[{"embeddable":true,"href":"https:\/\/www.bibula.com\/index.php?rest_route=\/wp\/v2\/users\/1"}],"replies":[{"embeddable":true,"href":"https:\/\/www.bibula.com\/index.php?rest_route=%2Fwp%2Fv2%2Fcomments&post=23541"}],"version-history":[{"count":0,"href":"https:\/\/www.bibula.com\/index.php?rest_route=\/wp\/v2\/posts\/23541\/revisions"}],"wp:attachment":[{"href":"https:\/\/www.bibula.com\/index.php?rest_route=%2Fwp%2Fv2%2Fmedia&parent=23541"}],"wp:term":[{"taxonomy":"category","embeddable":true,"href":"https:\/\/www.bibula.com\/index.php?rest_route=%2Fwp%2Fv2%2Fcategories&post=23541"},{"taxonomy":"post_tag","embeddable":true,"href":"https:\/\/www.bibula.com\/index.php?rest_route=%2Fwp%2Fv2%2Ftags&post=23541"}],"curies":[{"name":"wp","href":"https:\/\/api.w.org\/{rel}","templated":true}]}}