{"id":2345,"date":"2008-08-04T10:22:46","date_gmt":"2008-08-04T10:22:46","guid":{"rendered":""},"modified":"-0001-11-30T00:00:00","modified_gmt":"-0001-11-30T04:00:00","slug":"","status":"publish","type":"post","link":"https:\/\/www.bibula.com\/?p=2345","title":{"rendered":"Jesieni\u0105 b\u0119dzie gor\u0105co &#8211; <em>Miros\u0142aw Orzechowski<\/em>"},"content":{"rendered":"<p>Dzisiaj jest 217 dzie\u0144 roku. Donaldowi Tuskowi  do ko\u0144ca roku pozosta\u0142o 149 dni, \u017ceby wywi\u0105za\u0107 si\u0119 z zobowi\u0105zania wobec  \u017byd\u00f3w, kt\u00f3rym obieca\u0142 podczas marcowej wizyty w USA i kwietniowej w  Izraelu, \u017ce do czerwca br. b\u0119dzie przygotowany projekt ustawy o  restytucji mienia \u017cydowskiego, a najp\u00f3\u017aniej do jesieni (!) tego roku,  Sejm uchwali ustaw\u0119, <em>&bdquo;&hellip; kt\u00f3ra b\u0119dzie obejmowa\u0142a by\u0142ych lub  obecnych obywateli polskich, kt\u00f3rzy utracili swoje mienie&hellip; Chc\u0119  podkre\u015bli\u0107 z ca\u0142\u0105 moc\u0105, \u017ce m\u00f3j rz\u0105d doprowadzi w najbli\u017cszych  miesi\u0105cach do sfinalizowania procesu legislacji, kt\u00f3ry zako\u0144czy bardzo  trudny i bolesny problem reprywatyzacji <\/em>&ndash; tak powiedzia\u0142 premier Tusk na wsp\u00f3lnej z premierem Izraela Ehudem Olmertem konferencji prasowej w Jerozolimie&rdquo;.<\/p>\r\n  <p>Rozlewaj\u0105  si\u0119 roszczenia \u017cydowskie. Wydawa\u0142o si\u0119, \u017ce koncentracja pretensji  b\u0119dzie mia\u0142a miejsce w Stanach Zjednoczonych, to tam obie izby  parlamentu wyda\u0142y opini\u0119, w kt\u00f3rej pi\u0119tnuje si\u0119 polski rz\u0105d za  op\u00f3\u017anienia w wyp\u0142acaniu rekompensat <strong><em>&bdquo;za mienie zagrabione w latach wojny i PRL&rdquo;<\/em><\/strong>.  Forma dokumentu nie zostawia z\u0142udze\u0144: wobec Polski b\u0119d\u0105 postawione  \u017c\u0105dania rekompensat nie tylko za mienie pozostawione przez \u017byd\u00f3w  emigruj\u0105cych z Polski, ale te\u017c za to mienie, kt\u00f3re \u017bydom zagrabili  Niemcy w czasie II wojny \u015bwiatowej (sic!).<br \/>\r\n    &nbsp;&nbsp;&nbsp;&nbsp;&nbsp;&nbsp;Kongresmeni wyra\u017caj\u0105 wsparcie &bdquo;tylko&rdquo; dla <em>&bdquo;natychmiastowego  i sprawiedliwego zwrotu lub wyp\u0142aty odpowiedniej rekompensaty za  w\u0142asno\u015b\u0107 skonfiskowan\u0105 przez re\u017cimy nazistowski i komunistyczny&rdquo;<\/em> (sic!). Za to ameryka\u0144ski Senat chce, <em>&bdquo;aby Polska rozwi\u0105za\u0142a kwestie w\u0142asno\u015bci religijnej, komunalnej, a tak\u017ce prywatnej&rdquo;<\/em>!<br \/>\r\n    &nbsp;&nbsp;&nbsp;&nbsp;&nbsp;&nbsp;Jesieni\u0105  b\u0119dzie gor\u0105co. Nieodpowiedzialno\u015b\u0107 i dyspozycyjno\u015b\u0107 rz\u0105d\u00f3w Tuska  doprowadzi\u0142a do sytuacji, \u017ce po rezolucjach Senatu i Izby  Reprezentant\u00f3w USA do szturmu poderwano nawet &bdquo;ch\u0142odne&rdquo; zazwyczaj media  brytyjskie. Pisz\u0105 tam, \u017ce <em>&bdquo;podpalanie synagog z \u017bydami zamkni\u0119tymi  w \u015brodku, dla dziad\u00f3w i pradziad\u00f3w najnowszych polskich imigrant\u00f3w w  Wielkiej Brytanii, stanowi\u0142o swoist\u0105 rozrywk\u0119 w okresie \u015bwi\u0105t  wielkanocnych&#8230;&rdquo;<\/em>. \u017barty si\u0119 sko\u0144czy\u0142y, teraz przyjdzie wzi\u0105\u0107  odpowiedzialno\u015b\u0107 za s\u0142owa, tak\u017ce za s\u0142owa szmat\u0142awych \u017cart\u00f3w prasowych.  Tylko, \u017ce odpowiedzialno\u015b\u0107 za &bdquo;wielkie serce Tuska&rdquo; spa\u015b\u0107 mo\u017ce na ca\u0142\u0105  Polsk\u0119 i nast\u0119pne pokolenia.<br \/>\r\n    &nbsp;&nbsp;&nbsp;&nbsp;&nbsp;&nbsp;Rozstrzygni\u0119ty zostanie te\u017c  dylemat, czy Donald Tusk naiwnie my\u015bla\u0142, \u017ce b\u0119dzie kiwa\u0142 \u017byd\u00f3w  podobnie, jak Polak\u00f3w &ndash; sk\u0142adaj\u0105c obietnice, za kt\u00f3rymi nie p\u00f3jd\u0105  czyny, za co wzro\u015bnie jego popularno\u015b\u0107 w Tel Awiwie, czy raczej premier  polskiego rz\u0105du naprawd\u0119 chce odda\u0107 narodowy maj\u0105tek Polak\u00f3w, w obce  r\u0119ce?<br \/>\r\n    &nbsp;&nbsp;&nbsp;&nbsp;&nbsp;&nbsp;Czyje krzywdy zechce naprawi\u0107 Tusk? Odpowied\u017a na to pytanie padnie wkr\u00f3tce.<\/p>\r\n  <p>&nbsp;&nbsp;&nbsp;&nbsp;&nbsp;&nbsp;<strong><em>Kolejny  raz wzywam pana, premierze Donaldzie Tusk do publicznego zobowi\u0105zania  przed Polakami, \u017ce zanim pa\u0144skie obietnice wobec \u017byd\u00f3w stan\u0105 si\u0119 prawem  obci\u0105\u017caj\u0105cym Pa\u0144stwo Polskie, polskich emeryt\u00f3w i rencist\u00f3w, i tych,  kt\u00f3rych okradziono po wojnie z ich w\u0142asno\u015bci &ndash; nie wyda pan za granic\u0119  jednej polskiej z\u0142ot\u00f3wki, p\u00f3ki nie naprawione zostan\u0105 krzywdy, jakie  zadano Polakom. Jest co naprawia\u0107. Wypada panu o tym wiedzie\u0107.<\/em><\/strong><\/p>\r\n\r\n<strong><em>Miros\u0142aw Orzechowski<\/em><\/strong>\r\n","protected":false},"excerpt":{"rendered":"Dzisiaj jest 217 dzie\u0144 roku. Donaldowi Tuskowi do ko\u0144ca roku pozosta\u0142o 149 dni, \u017ceby wywi\u0105za\u0107 si\u0119 z zobowi\u0105zania wobec \u017byd\u00f3w, kt\u00f3rym obieca\u0142 podczas marcowej wizyty w USA i kwietniowej w Izraelu, \u017ce do czerwca br. b\u0119dzie przygotowany projekt ustawy o restytucji mienia \u017cydowskiego, a najp\u00f3\u017aniej do jesieni (!) tego roku, Sejm uchwali ustaw\u0119, &bdquo;&hellip; kt\u00f3ra [&hellip;]","protected":false},"author":1,"featured_media":0,"comment_status":"closed","ping_status":"open","sticky":false,"template":"","format":"standard","meta":{"_acf_changed":false,"_monsterinsights_skip_tracking":false,"ngg_post_thumbnail":0,"footnotes":"","_wp_rev_ctl_limit":""},"categories":[9],"tags":[],"acf":[],"_links":{"self":[{"href":"https:\/\/www.bibula.com\/index.php?rest_route=\/wp\/v2\/posts\/2345"}],"collection":[{"href":"https:\/\/www.bibula.com\/index.php?rest_route=\/wp\/v2\/posts"}],"about":[{"href":"https:\/\/www.bibula.com\/index.php?rest_route=\/wp\/v2\/types\/post"}],"author":[{"embeddable":true,"href":"https:\/\/www.bibula.com\/index.php?rest_route=\/wp\/v2\/users\/1"}],"replies":[{"embeddable":true,"href":"https:\/\/www.bibula.com\/index.php?rest_route=%2Fwp%2Fv2%2Fcomments&post=2345"}],"version-history":[{"count":0,"href":"https:\/\/www.bibula.com\/index.php?rest_route=\/wp\/v2\/posts\/2345\/revisions"}],"wp:attachment":[{"href":"https:\/\/www.bibula.com\/index.php?rest_route=%2Fwp%2Fv2%2Fmedia&parent=2345"}],"wp:term":[{"taxonomy":"category","embeddable":true,"href":"https:\/\/www.bibula.com\/index.php?rest_route=%2Fwp%2Fv2%2Fcategories&post=2345"},{"taxonomy":"post_tag","embeddable":true,"href":"https:\/\/www.bibula.com\/index.php?rest_route=%2Fwp%2Fv2%2Ftags&post=2345"}],"curies":[{"name":"wp","href":"https:\/\/api.w.org\/{rel}","templated":true}]}}