{"id":2318,"date":"2008-07-28T20:26:53","date_gmt":"2008-07-28T20:26:53","guid":{"rendered":""},"modified":"2010-05-06T22:45:03","modified_gmt":"2010-05-07T03:45:03","slug":"maturzysta-wadysaw-bartoszewski-ju-nie-profesor","status":"publish","type":"post","link":"https:\/\/www.bibula.com\/?p=2318","title":{"rendered":"Maturzysta W\u0142adys\u0142aw Bartoszewski &#8211; ju\u017c nie profesor"},"content":{"rendered":"<p><strong><em>Niemieckie Ministerstwo Spraw Zagranicznych na swojej stronie  internetowej, prezentuj\u0105c \u017cyciorys polskiego pe\u0142nomocnika rz\u0105du Donalda  Tuska do spraw kontakt\u00f3w polsko-niemieckich &#8211; W\u0142adys\u0142awa  Bartoszewskiego, usun\u0119\u0142o tytu\u0142 profesora sprzed jego nazwiska.<\/em><\/strong><\/p>\r\n\r\n<h3>Niemiecki rz\u0105d wykre\u015bli\u0142 oficjalnie fa\u0142szywy tytu\u0142 &#8222;Prof.&#8221; Bartoszewskiemu.<\/h3>\r\n\r\n<p>Jego fa\u0142szywy rz\u0105dowy niemiecki tytu\u0142  &#8222;Prof.&#8221; na niemieckiej rz\u0105dowej stronie mo\u017cna obejrze\u0107 jeszcze tylko w  unikalnym kr\u00f3tkim filmie:<\/p>\r\n\r\n<p><a class=\"content_sz\" href=\"http:\/\/de.youtube.com\/watch?v=SSd2J697Xxo\" target=\"_blank\">http:\/\/de.youtube.com\/watch?v=SSd2J697Xxo<\/a><\/p>\r\n\r\n<p>Napisa\u0142em  w filmie unikalnym, poniewa\u017c wykre\u015blenie tytu\u0142u profesora przez rz\u0105d  jednego pa\u0144stwa przedstawicielowi rz\u0105du innego pa\u0144stwa nie zdarza si\u0119  przecie\u017c codziennie. Do wyja\u015bnienia pozostaj\u0105 osoby i rzeczywiste  zamiary tego przemy\u015blanego faktu zamieszczenia fa\u0142szywego tytu\u0142u  &#8222;Prof.&#8221; na oficjalnej rz\u0105dowej stronie Niemiec. Po rz\u0105dowej edycji  wygl\u0105da to tak:<\/p>\r\n\r\n<p><a class=\"content_sz\" href=\"http:\/\/www.auswaertiges-amt.de\/diplo\/de\/Europa\/DeutschlandInEuropa\/BilateraleBeziehungen\/Polen\/Politik\/LebenslaufBartoszewski.html\" target=\"_blank\">http:\/\/www.auswaertiges-amt.de\/..<\/a><\/p>\r\n\r\n<p>Niestety w mejlowej korespondencji z panem Bartoszewskim (sekretariat)  otrzyma\u0142em r\u00f3wnie\u017c informacje wskazuj\u0105c\u0105 na niew\u0142a\u015bciwe pos\u0142ugiwanie  si\u0119 tym tytu\u0142em, natomiast merytorycznej odpowiedzi na temat jak  przeciwdzia\u0142a\u0107 dyskryminacji, zakazom j\u0119zyka polskiego Polakom w  Niemczech nie utrzyma\u0142em:<\/p>\r\n\r\n<p style=\"padding-left: 30px;\">&#8222;Nie  uwa\u017cam w zwi\u0105zku z tym, aby u\u017cywanie tytu\u0142u profesora przez Niemc\u00f3w  by\u0142o wyrazem zamierzonej z\u0142o\u015bliwo\u015bci lub pr\u00f3b\u0105 o\u015bmieszenia. Tak cz\u0119sto  zwracaj\u0105 si\u0119 do ministra Bartoszewskiego jego niemieccy znajomi, kt\u00f3rzy  z pewno\u015bci\u0105 nie maj\u0105 wobec niego z\u0142ych zamiar\u00f3w. By\u0107 mo\u017ce dla porz\u0105dku  wystarczy\u0142oby faktycznie zastosowa\u0107 &#8211; je\u017celi w og\u00f3le koniecznie &#8211; tytu\u0142  Univ.-Prof. Sam pan minister Bartoszewski absolutnie nie tytu\u0142uje si\u0119  mianem profesora.<\/p>\r\n\r\n<p style=\"padding-left: 30px;\">Jeszcze  raz dzi\u0119kuj\u0119 Panu za list. Je\u017celi b\u0119d\u0119 zna\u0142 oficjaln\u0105 odpowied\u017a pana  ministra Bartoszewskiego lub w sprawie pojawi si\u0119 co\u015b nowego,  poinformuj\u0119 Pana.<\/p>\r\n\r\n<p style=\"padding-left: 30px;\">Z wyrazami szacunku,<\/p>\r\n\r\n<p style=\"padding-left: 30px;\">Marcin Barcz (asystent min. Bartoszewskiego)<\/p>\r\n\r\n<p style=\"padding-left: 30px;\">Dr Marcin Barcz<br \/>\r\n Kancelaria Prezesa Rady Ministr\u00f3w<br \/>\r\n Aleje Ujazdowskie 1\/3<br \/>\r\n 00-583 Warszawa<br \/>\r\n 0048 22 694 65 26 (Marcin Barcz, tel. bezpo\u015bredni)<br \/>\r\n 0048 22 694 75 45 (Sekretariat Prof. Bartoszewski)<br \/>\r\n 0048 22 694 74 34 (Faks)<br \/>\r\n wladyslaw.bartoszewski@kprm.gov.pl&#8221;<\/p>\r\n\r\n<p>Dyskusje,  komentarze i opinie o fa\u0142szywym profesorze Bartoszewskim maj\u0105 wi\u0119c  podstawy, kt\u00f3rych by nie by\u0142o gdyby nast\u0105pi\u0142a jego adekwatna reakcja.  Takiej reakcji jednak nie by\u0142o. Dosz\u0142o za to z jego strony do  dopuszczenia powielania fa\u0142szu. Dosz\u0142o tez nie tylko do zaniechania  reakcji na dyskryminacje polskich dzieci w Niemczech ale jeszcze  gorzej, jego poklasku dla Prof. Gesiny Schwan, kt\u00f3ra oficjalnie  politycznie zaopiniowa\u0142a jako s\u0142uszne, nielegalne niemieckie zakazy  j\u0119zyka polskiego Polakom zamieszka\u0142ym w Niemczech. Zobaczmy jeszcze raz  fa\u0142szywych przyjaci\u00f3\u0142 i obro\u0144c\u00f3w pana Bartoszewskiego i jego samego w  akcji poklasku:<\/p>\r\n\r\n<p><a class=\"content_sz\" href=\"http:\/\/de.youtube.com\/watch?v=HOntSw77lQo\" target=\"_blank\">http:\/\/de.youtube.com\/watch?v=HOntSw77lQo<\/a><\/p>\r\n\r\n<p>Jutro  wnios\u0119 o jego dymisje z zamys\u0142em \u017ce jego nast\u0119pca b\u0119dzie lepiej  reprezentowa\u0142 zar\u00f3wno Polak\u00f3w jak i Polsk\u0119 w sprawie dyskryminacji.<\/p>\r\n\r\n<p><br class=\"spacer_\" \/><\/p>\r\n\r\n<blockquote>\r\n<h2><strong>Ju\u017c nie profesor<\/strong><\/h2>\r\n\r\n<p><strong>Niemieckie Ministerstwo Spraw Zagranicznych na swojej stronie  internetowej, prezentuj\u0105c \u017cyciorys polskiego pe\u0142nomocnika rz\u0105du Donalda  Tuska do spraw kontakt\u00f3w polsko-niemieckich &#8211; W\u0142adys\u0142awa  Bartoszewskiego, usun\u0119\u0142o tytu\u0142 profesora sprzed jego nazwiska.<\/strong><\/p>\r\n\r\n<p>Nie  uda\u0142o nam si\u0119 oficjalnie dowiedzie\u0107 w biurze prasowym niemieckiego MSZ,  jaki by\u0142 konkretny pow\u00f3d usuni\u0119cia wyrazu &#8222;profesor&#8221; sprzed nazwiska  polskiego polityka, pomimo i\u017c jeszcze kilka dni temu na tej samej  stronie (w tym samym miejscu) niemieckie MSZ, prezentuj\u0105c  Bartoszewskiego, pisa\u0142o o nim jako o profesorze. Wcze\u015bniejszy napis na  tej samej stronie nale\u017c\u0105cej do niemieckiego Ministerstwa Spraw  Zagranicznych brzmia\u0142: &#8222;Prof. W\u0142adys\u0142aw Bartoszewski Beauftragter des  polnischen Premierministers f\u00fcr internationale Fragen&#8221;, natomiast  obecny napis ju\u017c brzmi nast\u0119puj\u0105co: &#8222;W\u0142adys\u0142aw Bartoszewski  Beauftragter des polnischen Premierministers f\u00fcr internationale Fragen&#8221;.<br \/>\r\n Nieoficjalnie  &#8222;Nasz Dziennik&#8221; dowiedzia\u0142 si\u0119, \u017ce usuni\u0119cie tytu\u0142u &#8222;profesor&#8221; sprzed  nazwiska W\u0142adys\u0142awa Bartoszewskiego jest konsekwencj\u0105 interwencji  jednego z obywateli, kt\u00f3ry zwr\u00f3ci\u0142 uwag\u0119 tw\u00f3rcom strony niemieckiego  MSZ, \u017ce tytu\u0142 profesora w Niemczech przys\u0142uguje jedynie po spe\u0142nieniu  odpowiednich warunk\u00f3w prawno-akademickich, kt\u00f3re w tym wypadku nie  zosta\u0142y spe\u0142nione. Najwyra\u017aniej interwencja okaza\u0142a si\u0119 skuteczna,  poniewa\u017c na oficjalnych stronach niemieckiej dyplomacji W\u0142adys\u0142aw  Bartoszewski nie jest ju\u017c tytu\u0142owany profesorem. <br \/>\r\n Pe\u0142nomocnik rz\u0105du Donalda Tuska formalnie posiada \u015brednie wykszta\u0142cenie.<\/p>\r\n\r\n<p><strong>Waldemar Maszewski, Hamburg<\/strong><\/p>\r\n\r\n<p class=\"zrodlo\">Za: <a class=\"content_sz\" href=\"http:\/\/www.naszdziennik.pl\/index.php?dat=20080728\" target=\"_blank\">Nasz Dziennik, Poniedzia\u0142ek, 28 lipca 2008, Nr 175 (3192)<\/a><\/p><\/blockquote>","protected":false},"excerpt":{"rendered":"Niemieckie Ministerstwo Spraw Zagranicznych na swojej stronie internetowej, prezentuj\u0105c \u017cyciorys polskiego pe\u0142nomocnika rz\u0105du Donalda Tuska do spraw kontakt\u00f3w polsko-niemieckich &#8211; W\u0142adys\u0142awa Bartoszewskiego, usun\u0119\u0142o tytu\u0142 profesora sprzed jego nazwiska. Niemiecki rz\u0105d wykre\u015bli\u0142 oficjalnie fa\u0142szywy tytu\u0142 &#8222;Prof.&#8221; Bartoszewskiemu. Jego fa\u0142szywy rz\u0105dowy niemiecki tytu\u0142 &#8222;Prof.&#8221; na niemieckiej rz\u0105dowej stronie mo\u017cna obejrze\u0107 jeszcze tylko w unikalnym kr\u00f3tkim filmie: http:\/\/de.youtube.com\/watch?v=SSd2J697Xxo [&hellip;]","protected":false},"author":1,"featured_media":0,"comment_status":"closed","ping_status":"open","sticky":false,"template":"","format":"standard","meta":{"_acf_changed":false,"_monsterinsights_skip_tracking":false,"_monsterinsights_sitenote_active":false,"_monsterinsights_sitenote_note":"","_monsterinsights_sitenote_category":0,"ngg_post_thumbnail":0,"footnotes":"","_wp_rev_ctl_limit":""},"categories":[8],"tags":[98],"acf":[],"_links":{"self":[{"href":"https:\/\/www.bibula.com\/index.php?rest_route=\/wp\/v2\/posts\/2318"}],"collection":[{"href":"https:\/\/www.bibula.com\/index.php?rest_route=\/wp\/v2\/posts"}],"about":[{"href":"https:\/\/www.bibula.com\/index.php?rest_route=\/wp\/v2\/types\/post"}],"author":[{"embeddable":true,"href":"https:\/\/www.bibula.com\/index.php?rest_route=\/wp\/v2\/users\/1"}],"replies":[{"embeddable":true,"href":"https:\/\/www.bibula.com\/index.php?rest_route=%2Fwp%2Fv2%2Fcomments&post=2318"}],"version-history":[{"count":0,"href":"https:\/\/www.bibula.com\/index.php?rest_route=\/wp\/v2\/posts\/2318\/revisions"}],"wp:attachment":[{"href":"https:\/\/www.bibula.com\/index.php?rest_route=%2Fwp%2Fv2%2Fmedia&parent=2318"}],"wp:term":[{"taxonomy":"category","embeddable":true,"href":"https:\/\/www.bibula.com\/index.php?rest_route=%2Fwp%2Fv2%2Fcategories&post=2318"},{"taxonomy":"post_tag","embeddable":true,"href":"https:\/\/www.bibula.com\/index.php?rest_route=%2Fwp%2Fv2%2Ftags&post=2318"}],"curies":[{"name":"wp","href":"https:\/\/api.w.org\/{rel}","templated":true}]}}