{"id":2313,"date":"2008-07-27T22:21:09","date_gmt":"2008-07-27T22:21:09","guid":{"rendered":""},"modified":"2009-12-31T10:50:47","modified_gmt":"2009-12-31T15:50:47","slug":"rockowy-koncert-satanistw-w-kociele-w-bolkowie","status":"publish","type":"post","link":"https:\/\/www.bibula.com\/?p=2313","title":{"rendered":"Rockowy koncert satanist\u00f3w w ko\u015bciele w Bolkowie"},"content":{"rendered":"<p>Jeden z koncert\u00f3w na festiwalu gotyckiego rocka Castle Party w Bolkowie odby\u0142 si\u0119 w katolickim ko\u015bciele \u015bw. Jadwigi \u015al\u0105skiej.<\/p>\r\n\r\n<p>Po raz pierwszy festiwal gotyckiego rocka Castle Party w Bolkowie  (dolno\u015bl\u0105skie) wyszed\u0142 poza mury zamku Bolk\u00f3w. Jeden z koncert\u00f3w  odbywa\u0142 si\u0119 w katolickim ko\u015bciele \u015bw. Jadwigi \u015al\u0105skiej, gdzie w  pi\u0105tkowy wiecz\u00f3r wyst\u0105pi\u0142 zesp\u00f3\u0142 Persephone z Austrii.<\/p>\r\n\r\n<p>To charakterystyczna grupa, wykonuj\u0105ca gotyckie liryczne pie\u015bni o  przemijaniu, samotno\u015bci, mi\u0142o\u015bci. Widok ubranych na czarno i w glanach  ludzi w zderzeniu z powag\u0105 ko\u015bcio\u0142a katolickiego m\u00f3g\u0142 zadziwia\u0107, ale  nie szokowa\u0107.<\/p>\r\n\r\n<p>&#8211; Sprawdzili\u015bmy teksty piosenek. S\u0105 o \u017cyciu, przemijaniu i  \u015bmierci. Nie ma obscenicznych wyra\u017ce\u0144 &#8211; wyja\u015bnia ksi\u0105dz Grzegorz  Todorowski. &#8211; Nie uwa\u017cam, aby wyst\u0119p by\u0142 niefartem, bo tacy ludzie  przyszli na koncert. Zachowali si\u0119 bardzo kulturalnie &#8211; dodaje kap\u0142an.<\/p>\r\n\r\n<p>Nic przeciwko temu nie mieli tak\u017ce mieszka\u0144cy Bolkowa. &#8211; Nie widz\u0119  w tym nic z\u0142ego &#8211; m\u00f3wi Sabina Morys. Przytakuje jej tak\u017ce Lucyna  Staszak, kt\u00f3ra uwa\u017ca, \u017ce skoro ko\u015bci\u00f3\u0142 na tym mo\u017ce zyska\u0107 to czemu z  tego nie skorzysta\u0107. Zreszt\u0105 mieszka\u0144cy Bolkowa przyzwyczaili si\u0119 do  ubranych na czarno os\u00f3b, kt\u00f3rych fascynuje gotycka muzyka i mroczne  nastroje.<\/p>\r\n\r\n<p>Festiwal odbywa si\u0119 w Bolkowie od 10. lat. Wcze\u015bniej przez cztery  lata jako sceneria s\u0142u\u017cy\u0142 do tego zamek Grodziec. &#8211; Na pocz\u0105tku si\u0119  dziwi\u0142am. Teraz nie robi to na mnie \u017cadnego wra\u017cenia. Wr\u0119cz przeciwnie  ciesz\u0119 si\u0119, bo miasto na tym wiele zyskuje &#8211; podkre\u015bla Sabina Morys.<\/p>\r\n\r\n<p>Zesp\u00f3\u0142 Persephone do swoich wyst\u0119p\u00f3w zawsze wybiera niesamowite miejsca i bardzo cz\u0119sto s\u0105 to ko\u015bcio\u0142y i zamki.<\/p>\r\n\r\n<p>&#8211; Ciesz\u0119 si\u0119, \u017ce mog\u0142am za\u015bpiewa\u0107 w tym ko\u015bciele, w kt\u00f3rym jest  \u015bwietna akustyka. Nie potrzeba mikrofon\u00f3w ani nag\u0142o\u015bnienia. To cudowne  &#8211; Sonia Kraushofer, wokalistka zespo\u0142u, jest zachwycona. &#8211; Jestem pod  wra\u017ceniem, \u017ce jako jedyna na festiwalu mog\u0142am za\u015bpiewa\u0107 w ko\u015bciele &#8211;  dodaje.<\/p>\r\n\r\n<p>Wcze\u015bniej nie mia\u0142a poj\u0119cia, \u017ce w Bolkowie odbywa si\u0119 tego typu impreza.<\/p>\r\n\r\n<p><br class=\"spacer_\" \/><\/p>\r\n\r\n<p>Za:  Polska-Times<\/p>\r\n\r\n<p>&#8222;Gotycki rock w ko\u015bciele&#8221;<\/p>\r\n\r\n<p><br class=\"spacer_\" \/><\/p>\r\n\r\n<p><strong>Trailer z nadanego przez  kana\u0142 TVP Kultura (2.04.2008) programu &#8222;Dzieci Nocy&#8221; &#8211; zobacz sam co to jest ten &#8222;Festiwal gotyckiego rocka&#8221; i zap\u0142acz nad smutnym stanem  posoborowego Ko\u015bcio\u0142a, kt\u00f3rego kap\u0142ani propaguj\u0105 tego typu imprezy.<\/strong><\/p>\r\n\r\n<p>\r\n<object classid=\"clsid:d27cdb6e-ae6d-11cf-96b8-444553540000\" width=\"425\" height=\"355\" codebase=\"http:\/\/download.macromedia.com\/pub\/shockwave\/cabs\/flash\/swflash.cab#version=6,0,40,0\"><param name=\"src\" value=\"http:\/\/www.youtube.com\/v\/vx9NV1QXGM4&amp;rel=1\" \/><param name=\"wmode\" value=\"transparent\" \/><embed type=\"application\/x-shockwave-flash\" width=\"425\" height=\"355\" src=\"http:\/\/www.youtube.com\/v\/vx9NV1QXGM4&amp;rel=1\" wmode=\"transparent\"> <\/embed><\/object>\r\n<\/p>","protected":false},"excerpt":{"rendered":"Jeden z koncert\u00f3w na festiwalu gotyckiego rocka Castle Party w Bolkowie odby\u0142 si\u0119 w katolickim ko\u015bciele \u015bw. Jadwigi \u015al\u0105skiej. Po raz pierwszy festiwal gotyckiego rocka Castle Party w Bolkowie (dolno\u015bl\u0105skie) wyszed\u0142 poza mury zamku Bolk\u00f3w. Jeden z koncert\u00f3w odbywa\u0142 si\u0119 w katolickim ko\u015bciele \u015bw. Jadwigi \u015al\u0105skiej, gdzie w pi\u0105tkowy wiecz\u00f3r wyst\u0105pi\u0142 zesp\u00f3\u0142 Persephone z Austrii. [&hellip;]","protected":false},"author":1,"featured_media":0,"comment_status":"closed","ping_status":"open","sticky":false,"template":"","format":"standard","meta":{"_acf_changed":false,"_monsterinsights_skip_tracking":false,"_monsterinsights_sitenote_active":false,"_monsterinsights_sitenote_note":"","_monsterinsights_sitenote_category":0,"ngg_post_thumbnail":0,"footnotes":"","_wp_rev_ctl_limit":""},"categories":[5],"tags":[39,33],"acf":[],"_links":{"self":[{"href":"https:\/\/www.bibula.com\/index.php?rest_route=\/wp\/v2\/posts\/2313"}],"collection":[{"href":"https:\/\/www.bibula.com\/index.php?rest_route=\/wp\/v2\/posts"}],"about":[{"href":"https:\/\/www.bibula.com\/index.php?rest_route=\/wp\/v2\/types\/post"}],"author":[{"embeddable":true,"href":"https:\/\/www.bibula.com\/index.php?rest_route=\/wp\/v2\/users\/1"}],"replies":[{"embeddable":true,"href":"https:\/\/www.bibula.com\/index.php?rest_route=%2Fwp%2Fv2%2Fcomments&post=2313"}],"version-history":[{"count":0,"href":"https:\/\/www.bibula.com\/index.php?rest_route=\/wp\/v2\/posts\/2313\/revisions"}],"wp:attachment":[{"href":"https:\/\/www.bibula.com\/index.php?rest_route=%2Fwp%2Fv2%2Fmedia&parent=2313"}],"wp:term":[{"taxonomy":"category","embeddable":true,"href":"https:\/\/www.bibula.com\/index.php?rest_route=%2Fwp%2Fv2%2Fcategories&post=2313"},{"taxonomy":"post_tag","embeddable":true,"href":"https:\/\/www.bibula.com\/index.php?rest_route=%2Fwp%2Fv2%2Ftags&post=2313"}],"curies":[{"name":"wp","href":"https:\/\/api.w.org\/{rel}","templated":true}]}}