{"id":2308,"date":"2008-07-27T11:15:48","date_gmt":"2008-07-27T11:15:48","guid":{"rendered":""},"modified":"2010-01-28T12:57:42","modified_gmt":"2010-01-28T17:57:42","slug":"grozi-nam-pelzajaca-ewolucja-w-strone-zla-rozmowa-z-sedewakantysta-ks-rafalem-trytkiem","status":"publish","type":"post","link":"https:\/\/www.bibula.com\/?p=2308","title":{"rendered":"Grozi nam pe\u0142zaj\u0105ca ewolucja w stron\u0119 z\u0142a? &#8211; <em>rozmowa z sedewakantyst\u0105, ks. Rafa\u0142em Trytkiem<\/em>"},"content":{"rendered":"<p><em>Nie  s\u0105dz\u0119 by Polacy, kt\u00f3rzy maj\u0105 inny temperament ni\u017c Hiszpanie zgodzili  si\u0119 na tak ekstremalne eksperymenty jak te, kt\u00f3re wprowadzi\u0142 Zapatero.  Przypuszczalnie grozi nam raczej \u201emodel w\u0142oski\u201d, czyli pe\u0142zaj\u0105ca  ewolucja w stron\u0119 z\u0142a z zachowaniem konserwatywnych pozor\u00f3w. Mo\u017ce jest  to nawet gorsze, bo ludzie b\u0119d\u0105 si\u0119 \u0142udzili, \u017ce w Polsce \u201enie jest  jeszcze tak \u017ale\u201d.<\/em><\/p>\r\n\r\n<p><br class=\"spacer_\" \/><\/p>\r\n\r\n<p>\u00b7\u00a0\u00a0\u00a0\u00a0\u00a0\u00a0\u00a0\u00a0\u00a0 <strong>Co to znaczy by\u0107 sedewakantyst\u0105?<\/strong><\/p>\r\n\r\n<p>Sedewakanty\u015bci  to katolicy uwa\u017caj\u0105cy, \u017ce moderni\u015bci zajmuj\u0105cy Stolic\u0119 Piotrow\u0105 od  blisko p\u00f3\u0142 wieku nie posiadaj\u0105 autorytetu w\u0142adzy, pe\u0142ni jurysdykcji, a  wi\u0119c nie mo\u017cna ich nazywa\u0107 w\u0142a\u015bciwie papie\u017cami.<\/p>\r\n\r\n<p>\u00b7\u00a0\u00a0\u00a0\u00a0\u00a0\u00a0\u00a0\u00a0\u00a0 <strong>Jan XXIII, Pawe\u0142 VI, Jan Pawe\u0142 I, Jan Pawe\u0142 II no i Benedykt XVI nie powinni zasiada\u0107 na Stolicy Piotrowej?<\/strong><\/p>\r\n\r\n<p>Nie powinni, ale niestety to czyni\u0105 i czynili, przez co zwodz\u0105 \u015bwiat jakoby byli autentycznymi papie\u017cami.<\/p>\r\n\r\n<p>\u00b7\u00a0\u00a0\u00a0\u00a0\u00a0\u00a0\u00a0\u00a0\u00a0 <strong>Co powinno si\u0119 zmieni\u0107 w Ko\u015bciele katolickim, aby sedewakanty\u015bci mogli do niego wr\u00f3ci\u0107?<\/strong><\/p>\r\n\r\n<p>Sedewakanty\u015bci  s\u0105 w Ko\u015bciele i nie maj\u0105 zamiaru \u201epowr\u00f3ci\u0107\u201d tam gdzie katolicyzmu  w\u0142a\u015bciwie nie ma. Niestety w sensie powiedzmy materialnym, jest pewna  kontynuacja struktur przej\u0119tych przez modernist\u00f3w od katolik\u00f3w i to  powoduje ogromne zamieszanie.<\/p>\r\n\r\n<p>\u00b7\u00a0\u00a0\u00a0\u00a0\u00a0\u00a0\u00a0\u00a0\u00a0 <strong>Na czym polega praca ksi\u0119dza jako kap\u0142ana?<\/strong><\/p>\r\n\r\n<p>Obowi\u0105zki  moje s\u0105 ca\u0142kiem zwyczajne, robi\u0119 to co ksi\u0119\u017ca zawsze czynili, a wi\u0119c  przede wszystkim odprawiam Msze, s\u0142ucham spowiedzi i udzielam innych  sakrament\u00f3w, a wszystko to wed\u0142ug staro\u017cytnych ryt\u00f3w Ko\u015bcio\u0142a  katolickiego, tak jak by\u0142o to czynione do lat pi\u0119\u0107dziesi\u0105tych ubieg\u0142ego  wieku. Czasami co\u015b pisz\u0119.<\/p>\r\n\r\n<p>\u00b7\u00a0\u00a0\u00a0\u00a0\u00a0\u00a0\u00a0\u00a0\u00a0 <strong>Jaki  jest stosunek sedewakantyst\u00f3w do prostych katolik\u00f3w. Takich co chodz\u0105  do ko\u015bcio\u0142a w ka\u017cd\u0105 niedziel\u0119 a o Soborze Watyka\u0144skim II nie maj\u0105  zielonego poj\u0119cia?<\/strong><\/p>\r\n\r\n<p>Z\u0142o\u017cony.  Chc\u0119 wierzy\u0107, \u017ce wielu tzw. posoborowych katolik\u00f3w znajduje si\u0119 w  oderwaniu od autentycznej Wiary nie ze swojej winy i b\u0119dzie w jaki\u015b  spos\u00f3b usprawiedliwiona ze swych nieumy\u015blnych b\u0142\u0119d\u00f3w. Ale trzeba  pami\u0119ta\u0107, \u017ce modernizm, ekumenizm itp. niszcz\u0105 \u017cycie chrze\u015bcija\u0144skie  ca\u0142kiem obiektywnie i w takim stopniu w jakim kto\u015b jest pod ich  wp\u0142ywem, w takim te\u017c jest oddalony od religii katolickiej. O tzw.  Soborze Watyka\u0144skim II trudno nie s\u0142ysze\u0107 je\u015bli si\u0119 chodzi regularnie  do ko\u015bcio\u0142a, ale nawet je\u015bli kto\u015b o nim nigdy nie s\u0142ysza\u0142 to i tak  znajduje si\u0119 pod jego przemo\u017cnym wp\u0142ywem, albowiem \u201esob\u00f3r\u201d zreformowa\u0142  absolutnie wszystko w Kosciele: liturgi\u0119, doktryn\u0119, dyscyplin\u0119&#8230;<\/p>\r\n\r\n<p>\u00b7\u00a0\u00a0\u00a0\u00a0\u00a0\u00a0\u00a0\u00a0\u00a0 <strong>\u201ePolicja  powinna chroni\u0107 rynek przed marszem peda\u0142\u00f3w i innych zbocze\u0144c\u00f3w [&#8230;]  jeszcze w \u015bredniowieczu ludzi o takich sk\u0142onno\u015bciach palono na stosach,  [&#8230;] mo\u017ce powr\u00f3cimy do tych wspania\u0142ych czas\u00f3w jeszcze i tych ludzi  b\u0119dzie si\u0119 pali\u0107 na stosach\u201d &#8211; s\u0105 to s\u0142owa u\u017cyte przez ksi\u0119dza w czasie  manifestacji przeciwko tzw. \u201eMarszowi Tolerancji\u201d organizowanego przez  \u015brodowiska gej\u00f3w i lesbijek. Homoseksualist\u00f3w nale\u017cy pali\u0107 na stosie,  leczy\u0107 czy zostawi\u0107 swojemu losowi?<\/strong><\/p>\r\n\r\n<p>To  zale\u017cy od sytuacji i czas\u00f3w. Oczywi\u015bcie zabijanie pederast\u00f3w tylko za  samo zboczenie nie ma sensu w dobie obecnej. Zreszt\u0105 kiedy\u015b takie  post\u0119powanie te\u017c by\u0142o raczej wyj\u0105tkowe. Natomiast leczenie mo\u017ce mie\u0107  tak\u017ce i dzisiaj sens. Nie mo\u017cna zmusi\u0107 tych ludzi do tego, ale s\u0105dz\u0119,  \u017ce wielu z nich nie czuje si\u0119 dobrze ze swym homoseksualizmem i by\u0142aby  ch\u0119tna do skorzystania z pomocy. Przede wszystkim jednak najwa\u017cniejszy  rodzaj leczenia to nawr\u00f3cenie i szczera spowied\u017a. A poza tym w naszym  liberalnym spo\u0142ecze\u0144stwie nie ma mo\u017cliwo\u015bci, by przeciwdzia\u0142a\u0107 czynom  homoseksualnym, zw\u0142aszcza w Unii Europejskiej, kt\u00f3ra przecie\u017c \u201edewiacj\u0105  stoi\u201d. Jedyne co jeszcze mo\u017cliwe, to obrona przed tak skrajnymi  \u017c\u0105daniami jak adopcja dzieci przez sodomit\u00f3w i walka o to, by  przestrze\u0144 publiczna nie zosta\u0142a ca\u0142kowicie przez nich zaw\u0142aszczona.<\/p>\r\n\r\n<p>\u00b7\u00a0\u00a0\u00a0\u00a0\u00a0\u00a0\u00a0\u00a0\u00a0 <strong>Jak\u0105 walk\u0119 ksi\u0105dz proponuje?<\/strong><\/p>\r\n\r\n<p>My\u015bl\u0119, \u017ce u\u015bwiadamianie spo\u0142ecze\u0144stwa co do w\u0142a\u015bciwych zamiar\u00f3w pederast\u00f3w ci\u0105gle ma sens.<\/p>\r\n\r\n<p>\u00b7\u00a0\u00a0\u00a0\u00a0\u00a0\u00a0\u00a0\u00a0\u00a0 <strong>Pod  koniec czerwca parlamentarna komisja ochrony \u015brodowiska w Hiszpanii  zaakceptowa\u0142a rz\u0105dowy projekt ustawy, kt\u00f3ra nadaje podstawowe prawa  cz\u0142owieka ma\u0142pom cz\u0142ekokszta\u0142tnym, czyli szympansom, gorylom i  orangutanom. Takie s\u0105 oczywi\u015bcie skutki g\u0142osowania na lewic\u0119, ale czy  to jest jeszcze \u015bmieszne czy mo\u017ce ju\u017c gro\u017ane?<\/strong><\/p>\r\n\r\n<p>Na pierwszy rzut oka \u015bmieszne, ale w rzeczywisto\u015bci jest to przera\u017caj\u0105ce.\u00a0 W  latach trzydziestych przodkowie Zapatero i jego towarzyszy palili  ko\u015bcio\u0142y, mordowali ksi\u0119\u017cy i zr\u00f3wnywali kultur\u0119 katolickiej Hiszpanii z  ziemi\u0105. Dzi\u015b zaczynaj\u0105 robi\u0107 to w pewnym sensie znowu, a zasadnicza  r\u00f3\u017cnica w stosunku do naszych czas\u00f3w polega na tym, \u017ce nie ma ju\u017c  dzisiaj genera\u0142\u00f3w takich jak Franco i duchownych, kt\u00f3rzy by im  pob\u0142ogos\u0142awili i pozdrawiali rzymskim salutem falangi rekonkwisty id\u0105ce  \u201ena b\u00f3j\u201d. Zr\u00f3wnanie cz\u0142owieka z ma\u0142p\u0105 oznacza triumf ateistycznego  materializmu, o kt\u00f3rym m\u00f3wi\u0142a Matka Bo\u017ca w Fatimie, a kt\u00f3ry neguje fakt  posiadania duszy przez cz\u0142owieka. Cz\u0142owiek nie ma wed\u0142ug lewicy duszy i  jest tylko bezmy\u015bln\u0105 materi\u0105. Ateizm, materializm i racjonalizm  doprowadzaj\u0105 do negacji cz\u0142owieka rozumianego jako \u201ehomo sapiens\u201d. Jest  ju\u017c tylko bezkszta\u0142tna masa biologiczna z kt\u00f3r\u0105 mo\u017cna robi\u0107 co si\u0119  chce. Twierdzenie, \u017ce Europa umiera jest bardzo optymistyczne. Europa  ju\u017c &#8211; nie tyle umar\u0142a, co po prostu zdech\u0142a i cuchnie odorem daleko  posuni\u0119tego rozk\u0142adu. Dzi\u015b naszym zadaniem nie jest ju\u017c walka o  przetrwanie, bo t\u0119 przegrali\u015bmy, tylko proszenie Boga o cud- najwi\u0119kszy  z mo\u017cliwych- powstania z martwych. Je\u015bli nie wierzymy, \u017ce Chrystus jest  Bogiem, kt\u00f3ry panuje nawet nad \u015bmierci\u0105 to mo\u017cemy si\u0119 spokojnie po\u0142o\u017cy\u0107  z powrotem do trumny.<\/p>\r\n\r\n<p>\u00b7\u00a0\u00a0\u00a0\u00a0\u00a0\u00a0\u00a0\u00a0\u00a0 <strong>Stan\u0119\u0142y mi przed oczami krwawe obrazy z powie\u015bci \u201e<\/strong><strong>Komu  bije dzwon\u201d Hemingwaya. Podzia\u0142 na Hiszpani\u0119 katolick\u0105 i republika\u0144sk\u0105  jest zauwa\u017cany a w tej chwili g\u00f3r\u0105 tam s\u0105 republikanie. Przyja\u017anie  zerka na nich nasz Grzegorz Napieralski by\u0142o nie by\u0142o lider trzeciego  co do wielko\u015bci klubu w polskim parlamencie. Czy mamy si\u0119 obawia\u0107 w  Polsce podobnej rewolucji kulturowej jak pod rz\u0105dami Zapatero?<\/strong><\/p>\r\n\r\n<p>Trudno  powiedzie\u0107, cho\u0107 nie s\u0105dz\u0119 by Polacy, kt\u00f3rzy maj\u0105 inny temperament ni\u017c  Hiszpanie zgodzili si\u0119 na tak ekstremalne eksperymenty jak te, kt\u00f3re  wprowadzi\u0142 Zapatero. Przypuszczalnie grozi nam raczej \u201emodel w\u0142oski\u201d,  czyli pe\u0142zaj\u0105ca ewolucja w stron\u0119 z\u0142a z zachowaniem konserwatywnych  pozor\u00f3w. Mo\u017ce jest to nawet gorsze, bo ludzie b\u0119d\u0105 si\u0119 \u0142udzili, \u017ce w  Polsce \u201enie jest jeszcze tak \u017ale\u201d. W\u0142ochy maj\u0105 jednak nad nami t\u0119  przewag\u0119, \u017ce s\u0105 o wiele bardziej zakorzenione w tradycji i katolicyzmie  i \u0142atwiej im zrozumie\u0107 gdzie przebiega prawdziwa linia frontu. My  Polacy mieli\u015bmy jednego \u201epapie\u017ca\u201d, kt\u00f3ry nie \u017cyje dopiero od ca\u0142kiem  niedawna, a W\u0142osi mieli papie\u017cy- i to takich bez cudzys\u0142owu przez ca\u0142e  wieki. Polacy t\u0119skni\u0105 cz\u0119sto za PRL-em, albo ewentualnie za sanacj\u0105, a  W\u0142osi za mit narodowy maj\u0105 epok\u0119 faszystowsk\u0105, kt\u00f3ra co by nie  powiedzie\u0107 mia\u0142a charkter ca\u0142kiem tradycyjny i katolicki.<\/p>\r\n\r\n<p><strong>\u00b7\u00a0\u00a0\u00a0\u00a0\u00a0\u00a0\u00a0\u00a0\u00a0 \u201eA \u017ceby z\u0142o zwyci\u0119\u017cy\u0142o, wystarczy, \u017ceby dobrzy  ludzie nic nie robili\u201d &#8211; Edmund Burke. Czy katolikowi wiernemu tradycji  pozosta\u0142o tylko modlitwa. Nic da si\u0119 nic zrobi\u0107, aby walczy\u0107 o  zachowanie katolickiego oblicza Europy?<\/strong><\/p>\r\n\r\n<p>Przede  wszystkim deprecjacja modlitwy jako \u201enic nie robienia\u201d jest  postawieniem ca\u0142ego porz\u0105dku na g\u0142owie. Modlitwa jest najwi\u0119ksz\u0105 i  najbardziej efektywn\u0105 prac\u0105 jak\u0105 mo\u017cemy wykona\u0107, bo to od Boga- tylko i  wy\u0142\u0105cznie od Niego!- zale\u017cy powodzenie naszych wysi\u0142k\u00f3w. Dlatego-  przede wszystkim modlitwa, bo bez niej nic nie ma sensu. Dalej dopiero  powinny przychodzi\u0107 r\u00f3\u017cne akcje, ale musimy wiedzie\u0107, \u017ce przynios\u0105 one  skutek tylko gdy b\u0119d\u0105 mia\u0142y b\u0142ogos\u0142awie\u0144stwo z Nieba. Oczywi\u015bcie by\u0142oby  zupe\u0142nie fa\u0142szywym podej\u015bciem usprawiedliwianie w\u0142asnego nier\u00f3bstwa  rzekomym rozmodleniem. B\u00f3g chce by\u015bmy zaczynali i ko\u0144czyli wszystko  modlitw\u0105, ale r\u00f3wnie\u017c by\u015bmy czynili co w naszej mocy, by przechowa\u0107  p\u0142omie\u0144 Wiary tl\u0105cy si\u0119 jeszcze w\u0105t\u0142o w\u015br\u00f3d ruin. Nasza cywilizacja  zosta\u0142a zbudowana przez Ko\u015bci\u00f3\u0142 i to od jego \u201ezmartwychwstania\u201d  rozpocznie si\u0119 rekonkwista Polski, Europy i \u015bwiata. Musimy walcy\u0107 o  tryumf Niepokalanego Serca Maryi, bo to od niego rozpocznie si\u0119 powr\u00f3t  s\u0142odkiego Kr\u00f3lestwa Naj\u015bwi\u0119tszego Serca Pana Jezusa.<\/p>\r\n\r\n<p><strong>Dzi\u0119kuj\u0119 za rozmow\u0119.<\/strong><\/p>\r\n\r\n<p><br class=\"spacer_\" \/><\/p>\r\n\r\n<p><strong>ZOB. Ks. Rafa\u0142 Trytek: <a class=\"content_sz\" href=\"http:\/\/pl.wikipedia.org\/wiki\/Rafa%C5%82_Trytek\">Wikipedia <\/a> <\/strong><\/p>\r\n\r\n<p><br class=\"spacer_\" \/><\/p>\r\n\r\n<p><br class=\"spacer_\" \/><\/p>\r\n\r\n<p>KOMENTARZ <em>BIBU\u0141Y<\/em>:<\/p>\r\n\r\n<ul>\r\n\t<li><a class=\"content_sz\" href=\"http:\/\/www.piusx.org.pl\/zawsze_wierni\/artykul\/149\" target=\"_blank\"><strong>Czytaj: &#8222;Czy sedewakantyzm jest katolicki?&#8221; &#8211; <em>Ryszard L. Cure<\/em> <\/strong><\/a><\/li>\r\n<\/ul>","protected":false},"excerpt":{"rendered":"Nie s\u0105dz\u0119 by Polacy, kt\u00f3rzy maj\u0105 inny temperament ni\u017c Hiszpanie zgodzili si\u0119 na tak ekstremalne eksperymenty jak te, kt\u00f3re wprowadzi\u0142 Zapatero. Przypuszczalnie grozi nam raczej \u201emodel w\u0142oski\u201d, czyli pe\u0142zaj\u0105ca ewolucja w stron\u0119 z\u0142a z zachowaniem konserwatywnych pozor\u00f3w. Mo\u017ce jest to nawet gorsze, bo ludzie b\u0119d\u0105 si\u0119 \u0142udzili, \u017ce w Polsce \u201enie jest jeszcze tak \u017ale\u201d. [&hellip;]","protected":false},"author":1,"featured_media":0,"comment_status":"closed","ping_status":"open","sticky":false,"template":"","format":"standard","meta":{"_acf_changed":false,"_monsterinsights_skip_tracking":false,"_monsterinsights_sitenote_active":false,"_monsterinsights_sitenote_note":"","_monsterinsights_sitenote_category":0,"ngg_post_thumbnail":0,"footnotes":"","_wp_rev_ctl_limit":""},"categories":[9],"tags":[33],"acf":[],"_links":{"self":[{"href":"https:\/\/www.bibula.com\/index.php?rest_route=\/wp\/v2\/posts\/2308"}],"collection":[{"href":"https:\/\/www.bibula.com\/index.php?rest_route=\/wp\/v2\/posts"}],"about":[{"href":"https:\/\/www.bibula.com\/index.php?rest_route=\/wp\/v2\/types\/post"}],"author":[{"embeddable":true,"href":"https:\/\/www.bibula.com\/index.php?rest_route=\/wp\/v2\/users\/1"}],"replies":[{"embeddable":true,"href":"https:\/\/www.bibula.com\/index.php?rest_route=%2Fwp%2Fv2%2Fcomments&post=2308"}],"version-history":[{"count":0,"href":"https:\/\/www.bibula.com\/index.php?rest_route=\/wp\/v2\/posts\/2308\/revisions"}],"wp:attachment":[{"href":"https:\/\/www.bibula.com\/index.php?rest_route=%2Fwp%2Fv2%2Fmedia&parent=2308"}],"wp:term":[{"taxonomy":"category","embeddable":true,"href":"https:\/\/www.bibula.com\/index.php?rest_route=%2Fwp%2Fv2%2Fcategories&post=2308"},{"taxonomy":"post_tag","embeddable":true,"href":"https:\/\/www.bibula.com\/index.php?rest_route=%2Fwp%2Fv2%2Ftags&post=2308"}],"curies":[{"name":"wp","href":"https:\/\/api.w.org\/{rel}","templated":true}]}}