{"id":23006,"date":"2010-06-16T22:49:21","date_gmt":"2010-06-17T03:49:21","guid":{"rendered":"http:\/\/www.bibula.com\/?p=23006"},"modified":"2020-09-20T18:41:25","modified_gmt":"2020-09-20T22:41:25","slug":"palil-ale-sie-nie-zaciagal","status":"publish","type":"post","link":"https:\/\/www.bibula.com\/?p=23006","title":{"rendered":"Pali\u0142, ale si\u0119 nie zaci\u0105ga\u0142"},"content":{"rendered":"<p><em>Dziennik, 21 pa\u017adziernika 2008<\/em><br \/>\r\n<br \/>\r\n<em>&#8222;Sejm zgodzi\u0142 si\u0119 na prywatyzacj\u0119 szpitali&#8221;<\/em>, [<a href=\"http:\/\/dziennik.pl\/polityka\/article254537\/Sejm_zgodzil_sie_na_prywatyzacje_szpitali.html\" target=\"_blank\" rel=\"noopener noreferrer\">link<\/a>]<br \/>\r\n<em><br \/>\r\n&#8222;Ha\u0144ba!&#8221; &#8211; krzycza\u0142y piel\u0119gniarki w Sejmie. Ale to nie pomog\u0142o. (&#8230;) <br \/>\r\nZak\u0142ady opieki zdrowotnej b\u0119d\u0105 przekszta\u0142cone w sp\u00f3\u0142ki. Samorz\u0105dy dostan\u0105 100 procent zak\u0142adu kapita\u0142owego szpitali i przychodni. B\u0119d\u0105 mog\u0142y go na przyk\u0142ad sprzeda\u0107. W ten spos\u00f3b prywatyzacja s\u0142u\u017cby zdrowia staje si\u0119 faktem. (&#8230;)<\/em><\/p>\r\n<p>***<\/p>\r\n<p><strong>Bronis\u0142aw Komorowski<\/strong> g\u0142osowa\u0142 &#8222;ZA&#8221;, [<a href=\"http:\/\/orka.sejm.gov.pl\/SQL.nsf\/gloposla?OpenAgent&amp;6&amp;168&amp;929\" target=\"_blank\" rel=\"noopener noreferrer\">link<\/a>]<\/p>\r\n<p><strong>***<\/strong><\/p>\r\n<p>PAP [<a href=\"http:\/\/www.salon24.pl\/news\/25647,sad-kaczynski-powiedzial-nieprawde-o-komorowskim-musi-sprostowac-opis\" target=\"_blank\" rel=\"noopener noreferrer\">link<\/a>]:<\/p>\r\n<p><em>Kaczy\u0144ski powiedzia\u0142 nieprawd\u0119 o Komorowskim, musi sprostowa\u0107 (opis):<br \/>\r\n<br \/>\r\n&#8222;(&#8230;)S\u0119dzia Matlak przypomnia\u0142a orzeczenie s\u0105du okr\u0119gowego z pa\u017adziernika 2007, kiedy to s\u0105d stwierdzi\u0142, \u017ce dosz\u0142o do zmiany programu wyborczego PO i nie przewiduje on prywatyzacji a komunalizacj\u0119 zoz-\u00f3w. &#8222;Od tego czasu (pa\u017adziernika 2007) nie nast\u0105pi\u0142o \u017cadne zdarzenie, kt\u00f3re mia\u0142oby \u015bwiadczy\u0107 o tym, \u017ce Platforma Obywatelska opowiada si\u0119 za prywatyzacj\u0105 s\u0142u\u017cby zdrowia&#8221; &#8211; orzek\u0142 w \u015brod\u0119 s\u0105d.(&#8230;)<\/em><\/p>\r\n<p><strong>***<\/strong><\/p>\r\n<p>14 czerwca, poniedzia\u0142ek TOKFM [<a href=\"http:\/\/www.tok.fm\/TOKFM\/0,88789.html\" target=\"_blank\" rel=\"noopener noreferrer\">link<\/a>]:\u00a0 <br \/>\r\n<br \/>\r\nGrzegorz Kozak (TOKFM): <em>(&#8230;)sztab Jaros\u0142awa Kaczy\u0144skiego wyci\u0105ga program Platformy Obywatelskiej(&#8230;)<\/em> [z 2007 roku]<br \/>\r\n<br \/>\r\n<strong>Ma\u0142gorzata Kidawa &#8211; B\u0142o\u0144ska (PO):<\/strong> <em>(&#8230;) ale Marsza\u0142ek Komorowski, <strong>kt\u00f3ry kandyduje na prezydenta nie jako Platforma Obywatelska, ale jako kandydat Platformy Obywatelskiej<\/strong>, czyli ju\u017c jego, tym bardziej nie mo\u017cna go w ten spos\u00f3b oskar\u017ca\u0107 i m\u00f3wi\u0107, \u017ce chce prywatyzacji&#8221;<\/em><\/p>\r\n<p><strong>***<\/strong><\/p>\r\n<p>PAP [<a href=\"http:\/\/www.salon24.pl\/news\/25647,sad-kaczynski-powiedzial-nieprawde-o-komorowskim-musi-sprostowac-opis\" target=\"_blank\" rel=\"noopener noreferrer\">link<\/a>]:<\/p>\r\n<p><em>&#8222;(&#8230;)Sprostowanie ma mie\u0107 nast\u0119puj\u0105c\u0105 tre\u015b\u0107: &#8222;Ja, Jaros\u0142aw Kaczy\u0144ski kandydat na prezydenta RP, na wiecu wyborczym w Lublinie rozpowszechni\u0142em informacj\u0119, \u017ce Bronis\u0142aw Komorowski chce, aby s\u0142u\u017cba zdrowia by\u0142a prywatna, sprywatyzowana. Informacja ta jest nieprawdziwa bowiem <strong>w rzeczywisto\u015bci program wyborczy Bronis\u0142aw Komorowskiego nie przewiduje, by s\u0142u\u017cba zdrowia by\u0142a prywatna, sprywatyzowana<\/strong>&#8222;. (&#8230;)&#8221;<\/em><\/p>\r\n<p><strong>***<\/strong><\/p>\r\n<p>Czyli Komorowski jest cz\u0142onkiem PO a jednocze\u015bnie nie jest. Popiera program PO a jednocze\u015bnie nie popiera. G\u0142osowa\u0142 za ustaw\u0105, ale sie z ni\u0105 nie zgadza.<\/p>\r\n<p>S\u0105d opiera sw\u00f3j wyrok na programie PO z 2007 roku z kt\u00f3rym\u00a0 &#8211; ustami Kidawy-B\u0142o\u0144skiej &#8211; Komorowski nie ma nic wsp\u00f3lnego, a jednocze\u015bnie S\u0105d odnosi si\u0119 do <em>&#8222;programu wyborczego Bronis\u0142awa Komorowskiego&#8221;<\/em>.<\/p>\r\n<p>Czy kto\u015b widzia\u0142 program wyborczy Bronis\u0142awa Komorowskiego, bo chcia\u0142bym sie o tym przekona\u0107?<\/p>\r\n<p><strong><em>Boomcha<\/em><\/strong><\/p>","protected":false},"excerpt":{"rendered":"Dziennik, 21 pa\u017adziernika 2008 &#8222;Sejm zgodzi\u0142 si\u0119 na prywatyzacj\u0119 szpitali&#8221;, [link] &#8222;Ha\u0144ba!&#8221; &#8211; krzycza\u0142y piel\u0119gniarki w Sejmie. Ale to nie pomog\u0142o. (&#8230;) Zak\u0142ady opieki zdrowotnej b\u0119d\u0105 przekszta\u0142cone w sp\u00f3\u0142ki. Samorz\u0105dy dostan\u0105 100 procent zak\u0142adu kapita\u0142owego szpitali i przychodni. B\u0119d\u0105 mog\u0142y go na przyk\u0142ad sprzeda\u0107. W ten spos\u00f3b prywatyzacja s\u0142u\u017cby zdrowia staje si\u0119 faktem. (&#8230;) *** [&hellip;]","protected":false},"author":1,"featured_media":0,"comment_status":"closed","ping_status":"closed","sticky":false,"template":"","format":"standard","meta":{"_acf_changed":false,"_monsterinsights_skip_tracking":false,"_monsterinsights_sitenote_active":false,"_monsterinsights_sitenote_note":"","_monsterinsights_sitenote_category":0,"ngg_post_thumbnail":0,"footnotes":"","_wp_rev_ctl_limit":""},"categories":[8],"tags":[98],"acf":[],"_links":{"self":[{"href":"https:\/\/www.bibula.com\/index.php?rest_route=\/wp\/v2\/posts\/23006"}],"collection":[{"href":"https:\/\/www.bibula.com\/index.php?rest_route=\/wp\/v2\/posts"}],"about":[{"href":"https:\/\/www.bibula.com\/index.php?rest_route=\/wp\/v2\/types\/post"}],"author":[{"embeddable":true,"href":"https:\/\/www.bibula.com\/index.php?rest_route=\/wp\/v2\/users\/1"}],"replies":[{"embeddable":true,"href":"https:\/\/www.bibula.com\/index.php?rest_route=%2Fwp%2Fv2%2Fcomments&post=23006"}],"version-history":[{"count":1,"href":"https:\/\/www.bibula.com\/index.php?rest_route=\/wp\/v2\/posts\/23006\/revisions"}],"predecessor-version":[{"id":118532,"href":"https:\/\/www.bibula.com\/index.php?rest_route=\/wp\/v2\/posts\/23006\/revisions\/118532"}],"wp:attachment":[{"href":"https:\/\/www.bibula.com\/index.php?rest_route=%2Fwp%2Fv2%2Fmedia&parent=23006"}],"wp:term":[{"taxonomy":"category","embeddable":true,"href":"https:\/\/www.bibula.com\/index.php?rest_route=%2Fwp%2Fv2%2Fcategories&post=23006"},{"taxonomy":"post_tag","embeddable":true,"href":"https:\/\/www.bibula.com\/index.php?rest_route=%2Fwp%2Fv2%2Ftags&post=23006"}],"curies":[{"name":"wp","href":"https:\/\/api.w.org\/{rel}","templated":true}]}}