{"id":23,"date":"2006-01-10T00:00:00","date_gmt":"2006-01-10T00:00:00","guid":{"rendered":""},"modified":"2020-09-07T16:58:31","modified_gmt":"2020-09-07T20:58:31","slug":"departament-obrony-usa-wpisal-6-uczniow-szkoly-katolickiej-na-liste-terrorystow","status":"publish","type":"post","link":"https:\/\/www.bibula.com\/?p=23","title":{"rendered":"Departament Obrony USA wpisa\u0142 6 uczni\u00f3w szko\u0142y katolickiej na list\u0119 terroryst\u00f3w"},"content":{"rendered":"<p>Departament Obrony USA wpisa\u0142 6 uczni\u00f3w szko\u0142y katolickiej na list\u0119 terroryst\u00f3w. Wed\u0142ug niedawno zdobytego 400-stronicowego dokumentu ujawnionego przez stacj\u0119 NBC News, na li\u015bcie zawieraj\u0105cej nazwiska 1500 os\u00f3b podejrzanych o terroryzm, znale\u017ali si\u0119 uczniowie katolickiej szkoly <em>Vanier Catholic Secondary School<\/em> wraz z ich wychowawcami. Na list\u0119 wpisani zostali po demonstracji, w kt\u00f3rej uczestniczyli we wrze\u015bniu 2004 roku przed jednostk\u0105 wojskow\u0105 <em>Delta Junction<\/em>, wyra\u017caj\u0105c sw\u00f3j sprzeciw wobec plan\u00f3w rozlokowania w jednostce Fort Greely pocisk\u00f3w dalekiego zasi\u0119gu.<\/p>\r\n<p>Wkr\u00f3tce po uczestnictwie w demonstracji, studenci &#8222;uzbrojeni&#8221; w r\u0119cznie napisane plakaty wpisani zostali na przez <em>DOD<\/em> na list\u0119 potencjalnych terroryst\u00f3w zagra\u017caj\u0105cych bezpiecze\u0144stwu pa\u0144stwa. Nazwiska student\u00f3w zosta\u0142y z listy wykre\u015blone dopiero po stwierdzeniu, i\u017c &#8222;demonstracja mia\u0142a charakter pokojowy&#8221;.<\/p>","protected":false},"excerpt":{"rendered":"Departament Obrony USA wpisa\u0142 6 uczni\u00f3w szko\u0142y katolickiej na list\u0119 terroryst\u00f3w. Wed\u0142ug niedawno zdobytego 400-stronicowego dokumentu ujawnionego przez stacj\u0119 NBC News, na li\u015bcie zawieraj\u0105cej nazwiska 1500 os\u00f3b podejrzanych o terroryzm, znale\u017ali si\u0119 uczniowie katolickiej szkoly Vanier Catholic Secondary School wraz z ich wychowawcami. Na list\u0119 wpisani zostali po demonstracji, w kt\u00f3rej uczestniczyli we wrze\u015bniu 2004 [&hellip;]","protected":false},"author":1,"featured_media":0,"comment_status":"closed","ping_status":"open","sticky":false,"template":"","format":"standard","meta":{"_acf_changed":false,"_monsterinsights_skip_tracking":false,"ngg_post_thumbnail":0,"footnotes":"","_wp_rev_ctl_limit":""},"categories":[7],"tags":[132,84,221],"acf":[],"_links":{"self":[{"href":"https:\/\/www.bibula.com\/index.php?rest_route=\/wp\/v2\/posts\/23"}],"collection":[{"href":"https:\/\/www.bibula.com\/index.php?rest_route=\/wp\/v2\/posts"}],"about":[{"href":"https:\/\/www.bibula.com\/index.php?rest_route=\/wp\/v2\/types\/post"}],"author":[{"embeddable":true,"href":"https:\/\/www.bibula.com\/index.php?rest_route=\/wp\/v2\/users\/1"}],"replies":[{"embeddable":true,"href":"https:\/\/www.bibula.com\/index.php?rest_route=%2Fwp%2Fv2%2Fcomments&post=23"}],"version-history":[{"count":1,"href":"https:\/\/www.bibula.com\/index.php?rest_route=\/wp\/v2\/posts\/23\/revisions"}],"predecessor-version":[{"id":116829,"href":"https:\/\/www.bibula.com\/index.php?rest_route=\/wp\/v2\/posts\/23\/revisions\/116829"}],"wp:attachment":[{"href":"https:\/\/www.bibula.com\/index.php?rest_route=%2Fwp%2Fv2%2Fmedia&parent=23"}],"wp:term":[{"taxonomy":"category","embeddable":true,"href":"https:\/\/www.bibula.com\/index.php?rest_route=%2Fwp%2Fv2%2Fcategories&post=23"},{"taxonomy":"post_tag","embeddable":true,"href":"https:\/\/www.bibula.com\/index.php?rest_route=%2Fwp%2Fv2%2Ftags&post=23"}],"curies":[{"name":"wp","href":"https:\/\/api.w.org\/{rel}","templated":true}]}}