{"id":22953,"date":"2010-06-15T22:46:22","date_gmt":"2010-06-16T03:46:22","guid":{"rendered":"http:\/\/www.bibula.com\/?p=22953"},"modified":"2010-06-15T22:54:44","modified_gmt":"2010-06-16T03:54:44","slug":"europarlamentarzysci-tez-potrafia-madrze-myslec-propozycja-niedzieli-jako-wolnego-dnia-pracy-w-calej-unii","status":"publish","type":"post","link":"https:\/\/www.bibula.com\/?p=22953","title":{"rendered":"Europarlamentarzystom te\u017c zdarzaj\u0105 si\u0119 m\u0105dre inicjatywy: Propozycja niedzieli jako wolnego dnia pracy w ca\u0142ej Unii"},"content":{"rendered":"<p><strong>Ju\u017c oko\u0142o 1\/3 europarlamentarzyst\u00f3w podpisa\u0142o si\u0119 pod apelem o ustanowienie niedzieli dniem wolnym od pracy w ca\u0142ej Unii Europejskiej. Tym samym, je\u015bli liczba podpis\u00f3w przekroczy po\u0142ow\u0119 eurodeputowanych, propozycja stanie si\u0119 oficjalnym stanowiskiem Parlamentu Europejskiego.<\/strong><\/p>\r\n\r\n<p>Nad tak\u0105 mo\u017cliwo\u015bci\u0105 ubolewa m.in. Dziennik-Gazeta Prawna kt\u00f3ry pisze, \u017ce przeciwni tej propozycji s\u0105 polscy pracodawcy, a Polska Konfederacja\u00a0 Pracodawc\u00f3w Prywatnych &#8222;Lewiatan&#8221; zd\u0105\u017cy\u0142a obliczy\u0107 straty bud\u017cetu pa\u0144stwa, kt\u00f3ry mia\u0142by straci\u0107 1 miliard z\u0142otych, a prac\u0119 utraci\u0107 nawet 70 tysi\u0119cy os\u00f3b.<\/p>\r\n\r\n<p>Chocia\u017c przyczyny forsowanej w chwili obecnej przez europarlamentarzyst\u00f3w propozycji niedzieli bez handlu s\u0105 r\u00f3\u017cne, to powinna ona spotka\u0107 si\u0119 z powszechn\u0105 aprobat\u0105, szczeg\u00f3lnie przez spo\u0142ecze\u0144stwa kieruj\u0105ce si\u0119 katolick\u0105 nauk\u0105 spo\u0142eczn\u0105. Ochrona niedzieli jako dnia wolnego od pracy powinna by\u0107 zagwarantowana bez wzgl\u0119du na potencjalne mo\u017cliwo\u015bci dochod\u00f3w pracodawc\u00f3w. W przeciwnym razie, w w\u0105tpliwo\u015b\u0107 mo\u017cna podda\u0107 wiele obowi\u0105zuj\u0105cych ograniczen, np. maksymalny czas pracy tygodniowej, wszak wi\u0119ksze zyski osi\u0105gn\u0105\u0107 mo\u017cna przy np. 60-godzinnym tygodniu pracy, ni\u017c przy obecnym oko\u0142o 40-godzinnym. Niedziela powinna by\u0107 przed wszystkim Dniem Pa\u0144skim, po\u015bwi\u0119conym na wzbogacenie \u017cycia duchowego i religijnego oraz dniem, w kt\u00f3rym wzmacniane s\u0105 si\u0142y rodziny i wi\u0119zi spo\u0142eczne.","protected":false},"excerpt":{"rendered":"Ju\u017c oko\u0142o 1\/3 europarlamentarzyst\u00f3w podpisa\u0142o si\u0119 pod apelem o ustanowienie niedzieli dniem wolnym od pracy w ca\u0142ej Unii Europejskiej. Tym samym, je\u015bli liczba podpis\u00f3w przekroczy po\u0142ow\u0119 eurodeputowanych, propozycja stanie si\u0119 oficjalnym stanowiskiem Parlamentu Europejskiego. Nad tak\u0105 mo\u017cliwo\u015bci\u0105 ubolewa m.in. Dziennik-Gazeta Prawna kt\u00f3ry pisze, \u017ce przeciwni tej propozycji s\u0105 polscy pracodawcy, a Polska Konfederacja\u00a0 Pracodawc\u00f3w Prywatnych [&hellip;]","protected":false},"author":1,"featured_media":0,"comment_status":"closed","ping_status":"closed","sticky":false,"template":"","format":"standard","meta":{"_acf_changed":false,"_monsterinsights_skip_tracking":false,"_monsterinsights_sitenote_active":false,"_monsterinsights_sitenote_note":"","_monsterinsights_sitenote_category":0,"ngg_post_thumbnail":0,"footnotes":"","_wp_rev_ctl_limit":""},"categories":[6],"tags":[23,98,52],"acf":[],"_links":{"self":[{"href":"https:\/\/www.bibula.com\/index.php?rest_route=\/wp\/v2\/posts\/22953"}],"collection":[{"href":"https:\/\/www.bibula.com\/index.php?rest_route=\/wp\/v2\/posts"}],"about":[{"href":"https:\/\/www.bibula.com\/index.php?rest_route=\/wp\/v2\/types\/post"}],"author":[{"embeddable":true,"href":"https:\/\/www.bibula.com\/index.php?rest_route=\/wp\/v2\/users\/1"}],"replies":[{"embeddable":true,"href":"https:\/\/www.bibula.com\/index.php?rest_route=%2Fwp%2Fv2%2Fcomments&post=22953"}],"version-history":[{"count":0,"href":"https:\/\/www.bibula.com\/index.php?rest_route=\/wp\/v2\/posts\/22953\/revisions"}],"wp:attachment":[{"href":"https:\/\/www.bibula.com\/index.php?rest_route=%2Fwp%2Fv2%2Fmedia&parent=22953"}],"wp:term":[{"taxonomy":"category","embeddable":true,"href":"https:\/\/www.bibula.com\/index.php?rest_route=%2Fwp%2Fv2%2Fcategories&post=22953"},{"taxonomy":"post_tag","embeddable":true,"href":"https:\/\/www.bibula.com\/index.php?rest_route=%2Fwp%2Fv2%2Ftags&post=22953"}],"curies":[{"name":"wp","href":"https:\/\/api.w.org\/{rel}","templated":true}]}}