{"id":22921,"date":"2010-06-15T14:23:34","date_gmt":"2010-06-15T19:23:34","guid":{"rendered":"http:\/\/www.bibula.com\/?p=22921"},"modified":"2010-06-15T14:23:34","modified_gmt":"2010-06-15T19:23:34","slug":"komorowski-stanal-tam-gdzie-stalo-zomo","status":"publish","type":"post","link":"https:\/\/www.bibula.com\/?p=22921","title":{"rendered":"Komorowski stan\u0105\u0142 tam, gdzie sta\u0142o ZOMO"},"content":{"rendered":"<p>By\u0142y premier W\u0142odzimierz Cimoszewicz zapowiedzia\u0142, \u017ce zag\u0142osuje w  nadchodz\u0105cych wyborach prezydenckich na kandydata PO Bronis\u0142awa Komorowskiego.<\/p>\r\n\r\n<p>W\u0142odzimierz Cimoszewicz, komunistyczny dzia\u0142acz PZPR, a potem premier rz\u0105du koalicji SLD-PSL, powiedzia\u0142, \u017ce nie ma w\u0105tpliwo\u015bci, \u017ce wyb\u00f3r Komorowskiego jest w\u0142a\u015bciwy.<\/p>\r\n\r\n<p>Bronis\u0142aw Komorowski podzi\u0119kowa\u0142 Cimoszewiczowi za to, \u017ce zapowiedzia\u0142 oddanie g\u0142osu na niego.<\/p>\r\n\r\n<p>Tak wi\u0119c Komorowski rzeczywi\u015bcie stan\u0105\u0142 tam, gdzie sta\u0142o ZOMO, czyli obok towarzysza W\u0142odzimierza Cimoszewicza, kt\u00f3ry:<\/p>\r\n\r\n<p style=\"padding-left: 30px;\">Jest absolwentem XIX Liceum Og\u00f3lnokszta\u0142c\u0105cego im. Powsta\u0144c\u00f3w  Warszawy w Warszawie i Wydzia\u0142u Prawa i Administracji Uniwersytetu  Warszawskiego, kt\u00f3ry uko\u0144czy\u0142 w 1972. W 1978 uzyska\u0142 stopie\u0144 doktora  nauk prawnych, specjalizuj\u0105c si\u0119 w prawie mi\u0119dzynarodowym publicznym. W  latach 1972-1985 pracowa\u0142 jako asystent, a potem adiunkt w Zak\u0142adzie  Organizacji Mi\u0119dzynarodowych Instytutu Prawa Mi\u0119dzynarodowego Wydzia\u0142u  Prawa i Administracji UW. <strong>Od 1980 do 1981 by\u0142 stypendyst\u0105 fundacji  Fulbrighta na Uniwersytecie Columbia w Nowym Jorku.<\/strong><\/p>\r\n\r\n<p style=\"padding-left: 30px;\"><strong>Karier\u0119 polityczn\u0105 rozpocz\u0105\u0142 jako dzia\u0142acz organizacji  m\u0142odzie\u017cowych w Polsce Ludowej. By\u0142 m.in. cz\u0142onkiem Zwi\u0105zku M\u0142odzie\u017cy  Socjalistycznej w latach 1968-1973 oraz Zrzeszenia Student\u00f3w Polskich, w  kt\u00f3rym w 1972 wybrany zosta\u0142 na stanowisko przewodnicz\u0105cego tej  organizacji na Uniwersytecie Warszawskim. Od 1971 a\u017c do rozwi\u0105zania w  styczniu 1990 nale\u017ca\u0142 do Polskiej Zjednoczonej Partii Robotniczej.  Podczas swojej pracy na uczelni by\u0142 sekretarzem komisji uczelnianej  partii.<\/strong> W 1985 wycofa\u0142 si\u0119 z aktywno\u015bci politycznej, przenosz\u0105c si\u0119  do Kalin\u00f3wki Ko\u015bcielnej na Podlasiu, gdzie obj\u0105\u0142 gospodarstwo rolne  swoich te\u015bci\u00f3w.<\/p>\r\n\r\n<p style=\"padding-left: 30px;\"><strong>Do polityki wr\u00f3ci\u0142 po zmianach zapocz\u0105tkowanych obradami Okr\u0105g\u0142ego  Sto\u0142u. W 1989 wystartowa\u0142 po raz pierwszy w wyborach parlamentarnych i  zosta\u0142 wybrany pos\u0142em na Sejm kontraktowy z ramienia PZPR.<\/strong><\/p>\r\n\r\n<ul>\r\n\t<li><a title=\"http:\/\/www.rp.pl\/artykul\/494248_Cimoszewicz_poparl_Komorowskiego.html\" href=\"http:\/\/www.rp.pl\/artykul\/494248_Cimoszewicz_poparl_Komorowskiego.html\" target=\"_blank\">http:\/\/www.rp.pl\/artykul\/494248_Cimoszewicz_popa&#8230;<\/a><\/li>\r\n\t<li><a title=\"http:\/\/www.tvn24.pl\/wideo.html\" href=\"http:\/\/www.tvn24.pl\/wideo.html\" target=\"_blank\">http:\/\/www.tvn24.pl\/wideo.html<\/a><\/li>\r\n<\/ul>\r\n\r\n<p class=\"zrodlo\" style=\"padding-left: 30px;\">Za: <a href=\"http:\/\/niepoprawni.pl\/content\/komorowski-stanal-tam-gdzie-stalo-zomo\" target=\"_blank\">niepoprawni.pl<\/a><\/p>","protected":false},"excerpt":{"rendered":"By\u0142y premier W\u0142odzimierz Cimoszewicz zapowiedzia\u0142, \u017ce zag\u0142osuje w nadchodz\u0105cych wyborach prezydenckich na kandydata PO Bronis\u0142awa Komorowskiego. W\u0142odzimierz Cimoszewicz, komunistyczny dzia\u0142acz PZPR, a potem premier rz\u0105du koalicji SLD-PSL, powiedzia\u0142, \u017ce nie ma w\u0105tpliwo\u015bci, \u017ce wyb\u00f3r Komorowskiego jest w\u0142a\u015bciwy. Bronis\u0142aw Komorowski podzi\u0119kowa\u0142 Cimoszewiczowi za to, \u017ce zapowiedzia\u0142 oddanie g\u0142osu na niego. Tak wi\u0119c Komorowski rzeczywi\u015bcie stan\u0105\u0142 tam, [&hellip;]","protected":false},"author":1,"featured_media":0,"comment_status":"closed","ping_status":"closed","sticky":false,"template":"","format":"standard","meta":{"_acf_changed":false,"_monsterinsights_skip_tracking":false,"_monsterinsights_sitenote_active":false,"_monsterinsights_sitenote_note":"","_monsterinsights_sitenote_category":0,"ngg_post_thumbnail":0,"footnotes":"","_wp_rev_ctl_limit":""},"categories":[8],"tags":[66,98],"acf":[],"_links":{"self":[{"href":"https:\/\/www.bibula.com\/index.php?rest_route=\/wp\/v2\/posts\/22921"}],"collection":[{"href":"https:\/\/www.bibula.com\/index.php?rest_route=\/wp\/v2\/posts"}],"about":[{"href":"https:\/\/www.bibula.com\/index.php?rest_route=\/wp\/v2\/types\/post"}],"author":[{"embeddable":true,"href":"https:\/\/www.bibula.com\/index.php?rest_route=\/wp\/v2\/users\/1"}],"replies":[{"embeddable":true,"href":"https:\/\/www.bibula.com\/index.php?rest_route=%2Fwp%2Fv2%2Fcomments&post=22921"}],"version-history":[{"count":0,"href":"https:\/\/www.bibula.com\/index.php?rest_route=\/wp\/v2\/posts\/22921\/revisions"}],"wp:attachment":[{"href":"https:\/\/www.bibula.com\/index.php?rest_route=%2Fwp%2Fv2%2Fmedia&parent=22921"}],"wp:term":[{"taxonomy":"category","embeddable":true,"href":"https:\/\/www.bibula.com\/index.php?rest_route=%2Fwp%2Fv2%2Fcategories&post=22921"},{"taxonomy":"post_tag","embeddable":true,"href":"https:\/\/www.bibula.com\/index.php?rest_route=%2Fwp%2Fv2%2Ftags&post=22921"}],"curies":[{"name":"wp","href":"https:\/\/api.w.org\/{rel}","templated":true}]}}