{"id":2271,"date":"2008-07-17T15:37:15","date_gmt":"2008-07-17T15:37:15","guid":{"rendered":""},"modified":"-0001-11-30T00:00:00","modified_gmt":"-0001-11-30T04:00:00","slug":"","status":"publish","type":"post","link":"https:\/\/www.bibula.com\/?p=2271","title":{"rendered":"Nowi &#8222;polscy \u015bwi\u0119ci&#8221; &#8211; <em>Jan Engelgard<\/em>"},"content":{"rendered":"<p>Jeden jest ju\u017c prawie &ldquo;kanonizowany&rdquo; &#8211; to Jacek Kuro\u0144, uznany za niemal  wcielenie dobroci i dobrego patrioty. Ma ju\u017c szko\u0142y swojego imienia,  pewnie nied\u0142ugo b\u0119d\u0105 ulice. W lukrowanych podr\u0119cznikach historii i  licznych hagiograficznych publikacjach prasowych stawiany jest na r\u00f3wni  z najwi\u0119kszymi Polakami. &ldquo;Wykszta\u0142ciuchy&rdquo;, kt\u00f3re niewiele wiedz\u0105, piej\u0105  z zachwytu, a za nimi uczniowie i m\u0142odzie\u017c. &ldquo;Ciemny lud kupi wszystko&rdquo;  &#8211; powt\u00f3rzmy za Jackiem Kurskim, ale tym razem ten &ldquo;ciemny&rdquo; lud to &#8211;  niestety &#8211; &ldquo;polska inteligencja&rdquo;. Jak mo\u017cna w og\u00f3le kogo\u015b takiego jak  Kuro\u0144 uznawa\u0107 za godnego do na\u015bladowania, jak mo\u017cna kogo\u015b takiego  niemal czci\u0107 niczym \u015bwi\u0119tego? Kuro\u0144, skrajny lewicowiec (to jeszcze nie  grzech), nienawidz\u0105cy polskiej tradycji, zbuntowany przeciwko PRL  trockista, marz\u0105cy o &ldquo;prawdziwej rewolucji&rdquo; w stylu chi\u0144skim,  niszczyciel polskiego harcerstwa, w okresie Sierpnia zwolennik  doprowadzenia do totalnego starcia z w\u0142adzami (Wa\u0142\u0119s\u0119 uznawa\u0142 za  &ldquo;mi\u0119czaka&rdquo;), a w 1982 nawo\u0142uj\u0105cy nar\u00f3d do krwawego wyst\u0105pienia. Chwali\u0107  Boga, \u017ce temu cz\u0142owiekowi nigdy nic si\u0119 do ko\u0144ca nie uda\u0142o, bo  sprowadzi\u0142by na Polsk\u0119 tragedi\u0119. Pod koniec \u017cycia gra\u0142 rol\u0119  zatroskanego o los biednych, ale w rzeczywisto\u015bci by\u0142 tylko parawanem  dla grabie\u017cczej polityki Balcerowicza. W tym czasie da\u0142 si\u0119 pozna\u0107 jako  zaciek\u0142y przeciwnik rozliczenia zbrodni dokonanej przez UPA, staj\u0105c de  facto po jednej stronie z mordercami Polak\u00f3w. O jego zachowaniu,  manierach, prymitywnym stylu bycia i abnegacji &#8211; nie wspomn\u0119. I taki  kto\u015b jest dzisiaj przedstawiany m\u0142odemu pokoleniu jako wz\u00f3r do  na\u015bladowania.<\/p>\r\n<p>  Ale oto mamy kolejnego &ldquo;\u015bwi\u0119tego&rdquo; &#8211; jest nim prof. Bronis\u0142aw Geremek.  Cz\u0142owiek niew\u0105tpliwie wy\u017cszego formatu ni\u017c Kuro\u0144, ale tak jak on  wywodz\u0105cy si\u0119 z tzw. post\u0119powej i komunistycznej inteligencji. Ci\u0105\u017cy na  nim to, \u017ce nigdy publicznie nie podzi\u0119kowa\u0142 Polakom za to, \u017ce zosta\u0142  ocalony. Mo\u017cna zrozumie\u0107 to, \u017ce mia\u0142 na tym punkcie kompleks, ale wobec  nasilaj\u0105cej si\u0119 tendencji do fa\u0142szowania historii, obci\u0105\u017cania nas  odpowiedzialno\u015bci\u0105 za holocaust &#8211; Geremek by\u0142 \u017cywym przyk\u0142adem, jak  by\u0142o naprawd\u0119. Polski ch\u0142op Stefan Geremek, dzia\u0142acz PSL, a potem ZSL &#8211;  da\u0142 mu nie tylko nazwisko, ale i uratowa\u0142 \u017cycie. Dlaczego maj\u0105c takie  pos\u0142uchanie na Zachodzie nigdy nie chcia\u0142 o nim m\u00f3wi\u0107? Dlaczego dopiero  Jaros\u0142aw Kalinowski ujawni\u0142 to publicznie w TVP 3? Geremek by\u0142  &ldquo;obywatelem \u015bwiata&rdquo;, cz\u0119sto wykorzystywa\u0142 swoj\u0105 pozycj\u0119 na Zachodzie do  za\u0142atwiania spraw wewn\u0119trznych. Geremek okrzyczany zosta\u0142 przez Lecha  Wa\u0142\u0119s\u0119 jako &ldquo;najwybitniejszy polski polityk w XX wieku&rdquo;. Jest to  \u015bmieszne, nie tylko dlatego, \u017ce Wa\u0142\u0119sa nie ma poj\u0119cia kim by\u0142 Dmowski,  Pi\u0142sudski, Witos, Korfanty czy Sikorski, ale tak\u017ce dlatego, \u017ce tak  naprawd\u0119 Geremek by\u0142 politykiem marnym, nieskutecznym, by wspomnie\u0107  tylko jego niezgrabne zabiegi o utworzenie rz\u0105du, czy tez liderowanie  Unii Wolno\u015bci. Tak naprawd\u0119 Geremek by\u0142 dobry tylko w jednym &#8211; w  zakulisowych grach, w polityce sitwowej. Nie jest te\u017c prawd\u0105, \u017ce wni\u00f3s\u0142  jak\u0105\u015b my\u015bl do polskiego \u017cycia politycznego &#8211; poza powtarzanymi do  znudzenia sloganami i komuna\u0142ami nic odkrywczego tam nie by\u0142o. Kiedy  m\u00f3wi\u0142 Geremek, wiadomo by\u0142o tylko jedno &#8211; \u017ce nic nie powie. Nic te\u017c  godnego uwagi nie napisa\u0142, a jego naukowy dorobek ko\u0144czy\u0142 si\u0119 w latach  60. na pracach na temat marginesu \u015bredniowiecznego Pary\u017ca, potem ju\u017c  tylko politykowa\u0142 i budowa\u0142 swoj\u0105 pozycj\u0119 na Zachodzie, w kr\u0119gach, w  kt\u00f3rych na odleg\u0142o\u015b\u0107 jecha\u0142o lo\u017cami.<\/p>\r\n<p>  Chc\u0119 by\u0107 dobrze zrozumiany, nie mam nic przeciwko zmar\u0142emu, by\u0142 jaki  by\u0142, widocznie musieli\u015bmy mie\u0107 takich przewodnik\u00f3w stada, bo si\u0119 na to  jako nar\u00f3d godzili\u015bmy. Nie mo\u017cna jednak patrze\u0107 oboj\u0119tnie na to, jak  nam si\u0119 zabiera histori\u0119, bohater\u00f3w narodowych, prawdziwych my\u015blicieli  i zmusza do kultu kogo\u015b, to na to nie zas\u0142uguje. Mamy ju\u017c dw\u00f3ch  &ldquo;\u015bwi\u0119tych&rdquo; ery postsolidarno\u015bciowej &#8211; Jacka i Bronis\u0142awa, nie musz\u0119  chyba m\u00f3wi\u0107 kto b\u0119dzie trzecim.<\/p>\r\n<p><strong><em>Jan Engelgard <\/em><\/strong><\/p>\r\n\r\n","protected":false},"excerpt":{"rendered":"Jeden jest ju\u017c prawie &ldquo;kanonizowany&rdquo; &#8211; to Jacek Kuro\u0144, uznany za niemal wcielenie dobroci i dobrego patrioty. Ma ju\u017c szko\u0142y swojego imienia, pewnie nied\u0142ugo b\u0119d\u0105 ulice. W lukrowanych podr\u0119cznikach historii i licznych hagiograficznych publikacjach prasowych stawiany jest na r\u00f3wni z najwi\u0119kszymi Polakami. &ldquo;Wykszta\u0142ciuchy&rdquo;, kt\u00f3re niewiele wiedz\u0105, piej\u0105 z zachwytu, a za nimi uczniowie i m\u0142odzie\u017c. [&hellip;]","protected":false},"author":1,"featured_media":0,"comment_status":"closed","ping_status":"open","sticky":false,"template":"","format":"standard","meta":{"_acf_changed":false,"_monsterinsights_skip_tracking":false,"_monsterinsights_sitenote_active":false,"_monsterinsights_sitenote_note":"","_monsterinsights_sitenote_category":0,"ngg_post_thumbnail":0,"footnotes":"","_wp_rev_ctl_limit":""},"categories":[9],"tags":[],"acf":[],"_links":{"self":[{"href":"https:\/\/www.bibula.com\/index.php?rest_route=\/wp\/v2\/posts\/2271"}],"collection":[{"href":"https:\/\/www.bibula.com\/index.php?rest_route=\/wp\/v2\/posts"}],"about":[{"href":"https:\/\/www.bibula.com\/index.php?rest_route=\/wp\/v2\/types\/post"}],"author":[{"embeddable":true,"href":"https:\/\/www.bibula.com\/index.php?rest_route=\/wp\/v2\/users\/1"}],"replies":[{"embeddable":true,"href":"https:\/\/www.bibula.com\/index.php?rest_route=%2Fwp%2Fv2%2Fcomments&post=2271"}],"version-history":[{"count":0,"href":"https:\/\/www.bibula.com\/index.php?rest_route=\/wp\/v2\/posts\/2271\/revisions"}],"wp:attachment":[{"href":"https:\/\/www.bibula.com\/index.php?rest_route=%2Fwp%2Fv2%2Fmedia&parent=2271"}],"wp:term":[{"taxonomy":"category","embeddable":true,"href":"https:\/\/www.bibula.com\/index.php?rest_route=%2Fwp%2Fv2%2Fcategories&post=2271"},{"taxonomy":"post_tag","embeddable":true,"href":"https:\/\/www.bibula.com\/index.php?rest_route=%2Fwp%2Fv2%2Ftags&post=2271"}],"curies":[{"name":"wp","href":"https:\/\/api.w.org\/{rel}","templated":true}]}}