{"id":2269,"date":"2008-07-16T21:41:41","date_gmt":"2008-07-16T21:41:41","guid":{"rendered":""},"modified":"2009-07-17T13:57:28","modified_gmt":"2009-07-17T18:57:28","slug":"podpisano-wspln-deklaracj-unia-europejska-izrael-kooperacji-w-dziedzinie-edukacji","status":"publish","type":"post","link":"https:\/\/www.bibula.com\/?p=2269","title":{"rendered":"Podpisano wsp\u00f3ln\u0105 deklaracj\u0119 Unia Europejska-Izrael &#8222;kooperacji w dziedzinie edukacji&#8221;"},"content":{"rendered":"<p>Komisarz Unii Europejskiej ds. edukacji, szkole\u0144, kultury i m\u0142odzie\u017cy, J\u00e1n Figel\u2019 oraz izraelski minister edukacji Yuli Tamir podpisali wsp\u00f3ln\u0105 deklaracj\u0119 &#8222;kooperacji i dialogu w sferze edukacji&#8221;. Deklaracj\u0119 podpisano 16 lipca br. podczas wizyty &#8211; pochodz\u0105cego ze S\u0142owacji &#8211; Komisarza w Izraelu. Celem deklaracji jest &#8222;wzmocnienie procesu integracyjnego pomi\u0119dzy programami nauczania Izraela i Unii Europejskiej&#8221;.<\/p>\r\n\r\n<p>Izrael i Unia Europejska zasygnalizowali r\u00f3wnie\u017c zainteresowanie w poszerzeniu kooperacji pomi\u0119dzy uniwerstytetami, szczeg\u00f3lnie w ramach programu Unii Europejskiej <em>Erasmus  Mundus and Tempus<\/em>. Komisarz Figel\u2019 podczas wizyty w Izraelu otworzy\u0142 dwa biura programu <em>Tempus <\/em>&#8211; w Jerozolimie i Ramallah.<\/p>\r\n\r\n<p>Komisarz Figel\u2019 zwracaj\u0105c uwag\u0119 na podobie\u0144stwo ram\u00f3w edukacyjnych Izraela i Unii Europejskiej powiedzia\u0142, \u017ce &#8222;Unia Europejska jest zdeterminiowana w opracowani bli\u017cszego parterstwa z Izraelem. Proces ten nale\u017cy postrzega\u0107 w kontek\u015bcie szerszych relacji naszych wsp\u00f3lnych interes\u00f3w.&#8221;<\/p>\r\n\r\n<p><br class=\"spacer_\" \/><\/p>","protected":false},"excerpt":{"rendered":"Komisarz Unii Europejskiej ds. edukacji, szkole\u0144, kultury i m\u0142odzie\u017cy, J\u00e1n Figel\u2019 oraz izraelski minister edukacji Yuli Tamir podpisali wsp\u00f3ln\u0105 deklaracj\u0119 &#8222;kooperacji i dialogu w sferze edukacji&#8221;. Deklaracj\u0119 podpisano 16 lipca br. podczas wizyty &#8211; pochodz\u0105cego ze S\u0142owacji &#8211; Komisarza w Izraelu. Celem deklaracji jest &#8222;wzmocnienie procesu integracyjnego pomi\u0119dzy programami nauczania Izraela i Unii Europejskiej&#8221;. Izrael [&hellip;]","protected":false},"author":1,"featured_media":0,"comment_status":"closed","ping_status":"open","sticky":false,"template":"","format":"standard","meta":{"_acf_changed":false,"_monsterinsights_skip_tracking":false,"_monsterinsights_sitenote_active":false,"_monsterinsights_sitenote_note":"","_monsterinsights_sitenote_category":0,"ngg_post_thumbnail":0,"footnotes":"","_wp_rev_ctl_limit":""},"categories":[6],"tags":[23,61,20],"acf":[],"_links":{"self":[{"href":"https:\/\/www.bibula.com\/index.php?rest_route=\/wp\/v2\/posts\/2269"}],"collection":[{"href":"https:\/\/www.bibula.com\/index.php?rest_route=\/wp\/v2\/posts"}],"about":[{"href":"https:\/\/www.bibula.com\/index.php?rest_route=\/wp\/v2\/types\/post"}],"author":[{"embeddable":true,"href":"https:\/\/www.bibula.com\/index.php?rest_route=\/wp\/v2\/users\/1"}],"replies":[{"embeddable":true,"href":"https:\/\/www.bibula.com\/index.php?rest_route=%2Fwp%2Fv2%2Fcomments&post=2269"}],"version-history":[{"count":0,"href":"https:\/\/www.bibula.com\/index.php?rest_route=\/wp\/v2\/posts\/2269\/revisions"}],"wp:attachment":[{"href":"https:\/\/www.bibula.com\/index.php?rest_route=%2Fwp%2Fv2%2Fmedia&parent=2269"}],"wp:term":[{"taxonomy":"category","embeddable":true,"href":"https:\/\/www.bibula.com\/index.php?rest_route=%2Fwp%2Fv2%2Fcategories&post=2269"},{"taxonomy":"post_tag","embeddable":true,"href":"https:\/\/www.bibula.com\/index.php?rest_route=%2Fwp%2Fv2%2Ftags&post=2269"}],"curies":[{"name":"wp","href":"https:\/\/api.w.org\/{rel}","templated":true}]}}